{"id":19239,"date":"2022-07-15T10:26:38","date_gmt":"2022-07-15T13:26:38","guid":{"rendered":"https:\/\/radiorevelacionfm.cl\/?p=19239"},"modified":"2022-07-15T10:26:38","modified_gmt":"2022-07-15T13:26:38","slug":"con-gran-convocatoria-culmino-primera-semana-de-la-escuela-de-invierno-uach-2022","status":"publish","type":"post","link":"https:\/\/radiorevelacionfm.cl\/?p=19239","title":{"rendered":"Con gran convocatoria culmin\u00f3 primera semana de la escuela de Invierno UACh 2022"},"content":{"rendered":"<div class=\"flex_column av_one_full  flex_column_div av-zero-column-padding first  avia-builder-el-0  el_before_av_one_full  avia-builder-el-first  \" style='border-radius:0px; '><div  class='avia-image-container  av-styling-    avia-builder-el-1  avia-builder-el-no-sibling  avia-align-center '  itemprop=\"image\" itemscope=\"itemscope\" itemtype=\"https:\/\/schema.org\/ImageObject\"  ><div class='avia-image-container-inner'><div class='avia-image-overlay-wrap'><img decoding=\"async\" class='wp-image-19240 avia-img-lazy-loading-not-19240 avia_image' src=\"https:\/\/radiorevelacionfm.cl\/wp-content\/uploads\/2022\/07\/IMG_8863-1-1.jpg\" alt='' title='IMG_8863 (1) (1)' height=\"600\" width=\"819\"  itemprop=\"thumbnailUrl\" srcset=\"https:\/\/radiorevelacionfm.cl\/wp-content\/uploads\/2022\/07\/IMG_8863-1-1.jpg 819w, https:\/\/radiorevelacionfm.cl\/wp-content\/uploads\/2022\/07\/IMG_8863-1-1-300x220.jpg 300w, https:\/\/radiorevelacionfm.cl\/wp-content\/uploads\/2022\/07\/IMG_8863-1-1-768x563.jpg 768w, https:\/\/radiorevelacionfm.cl\/wp-content\/uploads\/2022\/07\/IMG_8863-1-1-705x516.jpg 705w, https:\/\/radiorevelacionfm.cl\/wp-content\/uploads\/2022\/07\/IMG_8863-1-1-600x440.jpg 600w\" sizes=\"(max-width: 819px) 100vw, 819px\" \/><\/div><\/div><\/div><\/div><div class=\"flex_column av_one_full  flex_column_div av-zero-column-padding first  avia-builder-el-2  el_after_av_one_full  el_before_av_one_full  column-top-margin\" style='border-radius:0px; '><section class=\"av_textblock_section \"  itemscope=\"itemscope\" itemtype=\"https:\/\/schema.org\/BlogPosting\" itemprop=\"blogPost\" ><div class='avia_textblock  '   itemprop=\"text\" ><p style=\"text-align: center;\"><span style=\"font-size: 18pt;\"><strong>Con gran convocatoria culmin\u00f3 primera semana de la escuela de Invierno UACh 2022<\/strong><\/span><\/p>\n<div id=\"gtx-trans\" style=\"position: absolute; left: -50px; top: 4.31534px;\">\n<div class=\"gtx-trans-icon\"><\/div>\n<\/div>\n<\/div><\/section><\/div><div class=\"flex_column av_one_full  flex_column_div av-zero-column-padding first  avia-builder-el-4  el_after_av_one_full  el_before_av_hr  column-top-margin\" style='border-radius:0px; '><section class=\"av_textblock_section \"  itemscope=\"itemscope\" itemtype=\"https:\/\/schema.org\/BlogPosting\" itemprop=\"blogPost\" ><div class='avia_textblock  '   itemprop=\"text\" ><p style=\"text-align: justify;\">Con gran participaci\u00f3n de p\u00fablico culmin\u00f3 la primera semana de la Escuela de Invierno UACh 2022, denominada \u201cArte y Ciencia Abierta en el territorio\u201d que ofreci\u00f3 talleres gratuitos para ni\u00f1os, j\u00f3venes y adultos\u00a0quienes participaron con entusiasmo en cada una de las actividades programadas.<\/p>\n<p style=\"text-align: justify;\">Desde el d\u00eda 12 de julio, las personas inscritas en cada taller, pudieron conocer y experimentar los ense\u00f1anzas de los y las docentes de diversas \u00e1reas del arte, la ciencia y la tecnolog\u00eda, poniendo en pr\u00e1ctica los nuevos conocimientos adquiridos en cada encuentro.<\/p>\n<p style=\"text-align: justify;\">Para Gael Donoso, profesor del taller de \u201cAnimaci\u00f3n Stopmotion\u201d dirigido a ni\u00f1os desde los 9 a\u00f1os, \u00e9sta fue una sorprendente experiencia por el nivel de conocimiento que mostraron los peque\u00f1os en el \u00e1rea audiovisual. \u201cRecibimos mucha atenci\u00f3n de parte de los ni\u00f1os, todos estaban muy interesados en lo que hablamos. Creo que es una instancia super buena para que ellos aprendan tambi\u00e9n sobre lo que ven, sobre lo que les gusta e incentivarlos a aprender a animar y otros elementos sobre cine de los que quiz\u00e1 no se habla tanto y tampoco hay instancias para aprenderlos. Creo que lo aprovecharon super bien, se dieron unos resultados muy buenos, nos sorprendieron varios ni\u00f1os, que al parecer sab\u00edan m\u00e1s de lo que nosotros pens\u00e1bamos. Fue una bonita instancia donde conocimos mucho a los ni\u00f1os y los cortometrajes que terminaron subiendo, porque el objetivo del taller era hacer una secuencia en base a stopmotion de animaci\u00f3n y ellos lo hicieron s\u00faper bien. El resultado fue mucho mejor de lo esperado\u201d.<\/p>\n<p style=\"text-align: justify;\">Por su parte, Iv\u00e1n Pereira Cort\u00e9z, representante de la agrupaci\u00f3n Yenu Aike y participante del taller \u201cCreaci\u00f3n Coreogr\u00e1fica para Folclor\u201d indic\u00f3 que \u201cla actividad me parece s\u00faper buena y que se abran nuevas posibilidades a las agrupaciones y a las personas de la regi\u00f3n para poder experimentar estas nuevas disciplinas y con profesores que vienen de afuera con m\u00e1s experiencia, en este caso de un ballet, ya que ac\u00e1 estamos acostumbrados a ver conjuntos y agrupaciones donde el baile no es tan estilizado y es por esto, que ayuda a potenciar las agrupaciones que est\u00e1n en Coyhaique\u201d<\/p>\n<p style=\"text-align: justify;\">Esta amplia cartelera de talleres que cuenta con profesores de distintas regiones del pa\u00eds, \u00a0se extender\u00e1 durante toda la pr\u00f3xima semana, donde las actividades de trasladar\u00e1n a las localidades de Puerto Ib\u00e1\u00f1ez, Villa Cerro Castillo y Puerto Ays\u00e9n.<\/p>\n<p style=\"text-align: justify;\">Para mayor informaci\u00f3n acerca de la programaci\u00f3n e inscripciones para la segunda semana de talleres, pueden visitar el sitio web patagonia.uach.cl y explora.cl\/aysen. Dudas y consultas a los correos\u00a0<a href=\"mailto:arteycultura.patagonia@uach.cl\">arteycultura.patagonia@uach.cl<\/a>\u00a0y\u00a0<a href=\"mailto:exploraysen@uach.cl\">exploraysen@uach.cl<\/a><\/p>\n<\/div><\/section><\/div><div  style='height:50px' class='hr hr-invisible   avia-builder-el-6  el_after_av_one_full  el_before_av_social_share '><span class='hr-inner ' ><span class='hr-inner-style'><\/span><\/span><\/div><\/p>\n<div  class='av-social-sharing-box  avia-builder-el-7  el_after_av_hr  el_before_av_hr  '><div class='av-share-box'><h5 class='av-share-link-description av-no-toc '>Compartir esta noticia<\/h5><ul class='av-share-box-list noLightbox'><li class='av-share-link av-social-link-facebook' ><a target=\"_blank\" aria-label=\"Compartir en Facebook\" href='https:\/\/www.facebook.com\/sharer.php?u=https:\/\/radiorevelacionfm.cl\/?p=19239&#038;t=Con%20gran%20convocatoria%20culmin%C3%B3%20primera%20semana%20de%20la%20escuela%20de%20Invierno%20UACh%202022' aria-hidden='false' data-av_icon='\ue8f3' data-av_iconfont='entypo-fontello' title='' data-avia-related-tooltip='Compartir en Facebook' rel=\"noopener\"><span class='avia_hidden_link_text'>Compartir en Facebook<\/span><\/a><\/li><li class='av-share-link av-social-link-twitter' ><a target=\"_blank\" aria-label=\"Compartir en Twitter\" href='https:\/\/twitter.com\/share?text=Con%20gran%20convocatoria%20culmin%C3%B3%20primera%20semana%20de%20la%20escuela%20de%20Invierno%20UACh%202022&#038;url=https:\/\/radiorevelacionfm.cl\/?p=19239' aria-hidden='false' data-av_icon='\ue8f1' data-av_iconfont='entypo-fontello' title='' data-avia-related-tooltip='Compartir en Twitter' rel=\"noopener\"><span class='avia_hidden_link_text'>Compartir en Twitter<\/span><\/a><\/li><li class='av-share-link av-social-link-whatsapp' ><a target=\"_blank\" aria-label=\"Compartir en Whatsapp\" href='https:\/\/api.whatsapp.com\/send?text=https:\/\/radiorevelacionfm.cl\/?p=19239' aria-hidden='false' data-av_icon='\uf232' data-av_iconfont='entypo-fontello' title='' data-avia-related-tooltip='Compartir en Whatsapp' rel=\"noopener\"><span class='avia_hidden_link_text'>Compartir en Whatsapp<\/span><\/a><\/li><li class='av-share-link av-social-link-linkedin' ><a target=\"_blank\" aria-label=\"Compartir en LinkedIn\" href='https:\/\/linkedin.com\/shareArticle?mini=true&#038;title=Con%20gran%20convocatoria%20culmin%C3%B3%20primera%20semana%20de%20la%20escuela%20de%20Invierno%20UACh%202022&#038;url=https:\/\/radiorevelacionfm.cl\/?p=19239' aria-hidden='false' data-av_icon='\ue8fc' data-av_iconfont='entypo-fontello' title='' data-avia-related-tooltip='Compartir en LinkedIn' rel=\"noopener\"><span class='avia_hidden_link_text'>Compartir en LinkedIn<\/span><\/a><\/li><li class='av-share-link av-social-link-mail' ><a  aria-label=\"Compartir por correo\" href='mailto:?subject=Con%20gran%20convocatoria%20culmin%C3%B3%20primera%20semana%20de%20la%20escuela%20de%20Invierno%20UACh%202022&#038;body=https:\/\/radiorevelacionfm.cl\/?p=19239' aria-hidden='false' data-av_icon='\ue805' data-av_iconfont='entypo-fontello' title='' data-avia-related-tooltip='Compartir por correo'><span class='avia_hidden_link_text'>Compartir por correo<\/span><\/a><\/li><\/ul><\/div><\/div>\n<div  style='height:50px' class='hr hr-invisible   avia-builder-el-8  el_after_av_social_share  el_before_av_comments_list '><span class='hr-inner ' ><span class='hr-inner-style'><\/span><\/span><\/div>\n<div  class='av-buildercomment  av-blog-meta-html-info-disabled av-blog-meta-tag-disabled  '><\/div>\n","protected":false},"excerpt":{"rendered":"","protected":false},"author":1,"featured_media":19240,"comment_status":"open","ping_status":"open","sticky":false,"template":"","format":"standard","meta":{"footnotes":""},"categories":[49],"tags":[],"class_list":["post-19239","post","type-post","status-publish","format-standard","has-post-thumbnail","hentry","category-educacion"],"jetpack_featured_media_url":"https:\/\/radiorevelacionfm.cl\/wp-content\/uploads\/2022\/07\/IMG_8863-1-1.jpg","_links":{"self":[{"href":"https:\/\/radiorevelacionfm.cl\/index.php?rest_route=\/wp\/v2\/posts\/19239","targetHints":{"allow":["GET"]}}],"collection":[{"href":"https:\/\/radiorevelacionfm.cl\/index.php?rest_route=\/wp\/v2\/posts"}],"about":[{"href":"https:\/\/radiorevelacionfm.cl\/index.php?rest_route=\/wp\/v2\/types\/post"}],"author":[{"embeddable":true,"href":"https:\/\/radiorevelacionfm.cl\/index.php?rest_route=\/wp\/v2\/users\/1"}],"replies":[{"embeddable":true,"href":"https:\/\/radiorevelacionfm.cl\/index.php?rest_route=%2Fwp%2Fv2%2Fcomments&post=19239"}],"version-history":[{"count":2,"href":"https:\/\/radiorevelacionfm.cl\/index.php?rest_route=\/wp\/v2\/posts\/19239\/revisions"}],"predecessor-version":[{"id":19262,"href":"https:\/\/radiorevelacionfm.cl\/index.php?rest_route=\/wp\/v2\/posts\/19239\/revisions\/19262"}],"wp:featuredmedia":[{"embeddable":true,"href":"https:\/\/radiorevelacionfm.cl\/index.php?rest_route=\/wp\/v2\/media\/19240"}],"wp:attachment":[{"href":"https:\/\/radiorevelacionfm.cl\/index.php?rest_route=%2Fwp%2Fv2%2Fmedia&parent=19239"}],"wp:term":[{"taxonomy":"category","embeddable":true,"href":"https:\/\/radiorevelacionfm.cl\/index.php?rest_route=%2Fwp%2Fv2%2Fcategories&post=19239"},{"taxonomy":"post_tag","embeddable":true,"href":"https:\/\/radiorevelacionfm.cl\/index.php?rest_route=%2Fwp%2Fv2%2Ftags&post=19239"}],"curies":[{"name":"wp","href":"https:\/\/api.w.org\/{rel}","templated":true}]}}