{"id":19237,"date":"2022-07-14T19:30:48","date_gmt":"2022-07-14T22:30:48","guid":{"rendered":"https:\/\/radiorevelacionfm.cl\/?p=19237"},"modified":"2022-07-14T19:30:48","modified_gmt":"2022-07-14T22:30:48","slug":"senadora-ordenes-pide-al-gobierno-que-aclare-situacion-de-tuberias-de-asbesto-y-su-impacto-sobre-la-salud-de-la-poblacion","status":"publish","type":"post","link":"https:\/\/radiorevelacionfm.cl\/?p=19237","title":{"rendered":"Senadora Ordenes pide al Gobierno que aclare situaci\u00f3n de tuber\u00edas de asbesto y su impacto sobre la salud de la poblaci\u00f3n"},"content":{"rendered":"<div class=\"flex_column av_one_full  flex_column_div av-zero-column-padding first  avia-builder-el-0  el_before_av_one_full  avia-builder-el-first  \" style='border-radius:0px; '><div  class='avia-image-container  av-styling-    avia-builder-el-1  avia-builder-el-no-sibling  avia-align-center '  itemprop=\"image\" itemscope=\"itemscope\" itemtype=\"https:\/\/schema.org\/ImageObject\"  ><div class='avia-image-container-inner'><div class='avia-image-overlay-wrap'><img decoding=\"async\" class='wp-image-7100 avia-img-lazy-loading-not-7100 avia_image' src=\"https:\/\/radiorevelacionfm.cl\/wp-content\/uploads\/2021\/08\/Senadora-Ordenes7.1-1.jpg\" alt='' title='Senadora Ordenes7.1 (1)' height=\"603\" width=\"1024\"  itemprop=\"thumbnailUrl\" srcset=\"https:\/\/radiorevelacionfm.cl\/wp-content\/uploads\/2021\/08\/Senadora-Ordenes7.1-1.jpg 1024w, https:\/\/radiorevelacionfm.cl\/wp-content\/uploads\/2021\/08\/Senadora-Ordenes7.1-1-300x177.jpg 300w, https:\/\/radiorevelacionfm.cl\/wp-content\/uploads\/2021\/08\/Senadora-Ordenes7.1-1-768x452.jpg 768w, https:\/\/radiorevelacionfm.cl\/wp-content\/uploads\/2021\/08\/Senadora-Ordenes7.1-1-705x415.jpg 705w, https:\/\/radiorevelacionfm.cl\/wp-content\/uploads\/2021\/08\/Senadora-Ordenes7.1-1-600x353.jpg 600w\" sizes=\"(max-width: 1024px) 100vw, 1024px\" \/><\/div><\/div><\/div><\/div><div class=\"flex_column av_one_full  flex_column_div av-zero-column-padding first  avia-builder-el-2  el_after_av_one_full  el_before_av_one_full  column-top-margin\" style='border-radius:0px; '><section class=\"av_textblock_section \"  itemscope=\"itemscope\" itemtype=\"https:\/\/schema.org\/BlogPosting\" itemprop=\"blogPost\" ><div class='avia_textblock  '   itemprop=\"text\" ><p style=\"text-align: center;\"><span style=\"font-size: 18pt;\"><b>Senadora Ordenes pide al Gobierno que aclare situaci\u00f3n de tuber\u00edas de asbesto y su impacto sobre la salud de la poblaci\u00f3n<\/b><\/span><\/p>\n<div id=\"gtx-trans\" style=\"position: absolute; left: -50px; top: 4.31534px;\">\n<div class=\"gtx-trans-icon\"><\/div>\n<\/div>\n<\/div><\/section><\/div><div class=\"flex_column av_one_full  flex_column_div av-zero-column-padding first  avia-builder-el-4  el_after_av_one_full  el_before_av_hr  column-top-margin\" style='border-radius:0px; '><section class=\"av_textblock_section \"  itemscope=\"itemscope\" itemtype=\"https:\/\/schema.org\/BlogPosting\" itemprop=\"blogPost\" ><div class='avia_textblock  '   itemprop=\"text\" ><p style=\"font-weight: 400; text-align: justify;\">La senadora de Ays\u00e9n, Ximena Ordenes, solicit\u00f3 este mi\u00e9rcoles que la Superintendencia de Servicios Sanitarios y el Ministerio de Obras P\u00fablicas entreguen informaci\u00f3n sobre el estado de las tuber\u00edas de asbesto en la Regi\u00f3n de Ays\u00e9n construidas antes del 2002 y conocer si existe un plan de retiro de tales trazados, como apoyo a la campa\u00f1a ciudadana levantada para alertar a la comunidad sobre los riesgos a la salud que provoca el asbesto.<\/p>\n<p style=\"font-weight: 400; text-align: justify;\">En el marco de la hora de incidentes del Senado, Ordenes dijo que, a nivel nacional, el 28% de\u00a0las infraestructuras de producci\u00f3n de las redes de agua potable son de asbesto y que, mayoritariamente, son anteriores al a\u00f1o 2002, pese a que en el a\u00f1o 1977 la Organizaci\u00f3n Mundial de la Salud clasific\u00f3 al asbesto como un elemento cancer\u00edgeno.<\/p>\n<p style=\"font-weight: 400; text-align: justify;\">Debido a ello, la senadora Ordenes solicit\u00f3 al Senado oficiar \u201ca la Superintendencia de Servicios Sanitarios y al Ministerio de Obras P\u00fablicas para conocer el tiempo de instalaci\u00f3n de estas tuber\u00edas de asbesto, las condiciones actuales de la red de abastecimiento y distribuci\u00f3n, y si existe o no un plan oficial de retiro de las mismas\u201d.<\/p>\n<p style=\"font-weight: 400; text-align: justify;\">\u201cAsimismo, quiero solicitar otro oficio dirigido al Ministerio de Salud para que informe sobre instrucciones a nivel nacional que establezcan medidas de protecci\u00f3n que deben cumplir los trabajadores que realicen los recambios de tuber\u00edas de asbesto\u201d, se\u00f1al\u00f3.<\/p>\n<p style=\"font-weight: 400; text-align: justify;\">En su intervenci\u00f3n, Ximena Ordenes asegur\u00f3 que \u201cel camino hacia la erradicaci\u00f3n del mismo no ha sido r\u00e1pido. En Chile se utiliz\u00f3 sin mayores restricciones hasta el a\u00f1o 2001 cuando se dict\u00f3 el Decreto Supremo N\u00b0 656 del Ministerio de Salud, el cual restringi\u00f3 y regul\u00f3 su uso\u201d.<\/p>\n<p style=\"font-weight: 400; text-align: justify;\">\u201cPor ello, a m\u00e1s de 21 a\u00f1os de la dictaci\u00f3n del Decreto, la poblaci\u00f3n sigue expuesta a este material pues se encuentra presente en centenares de construcciones, a veces tan relevante como el de distribuci\u00f3n de agua potable\u201d, indic\u00f3 la parlamentaria.<\/p>\n<p style=\"font-weight: 400; text-align: justify;\">Agreg\u00f3 que la reposici\u00f3n y cambio de material solo se realiza una vez que la tuber\u00eda presenta fallas o bien cumplen con su vida \u00fatil, ya que no existe obligaci\u00f3n sanitaria de cambiar las tuber\u00edas existentes que se encuentran en correcto funcionamiento. Una vida \u00fatil que en buenas condiciones de conservaci\u00f3n no sobrepasa los 40 a\u00f1os.<\/p>\n<p style=\"font-weight: 400; text-align: justify;\">\u201cEl riesgo -explic\u00f3 la senadora- se encuentra en que cuando el asbesto se fractura, desprende polvo, constituido por fibras muy peque\u00f1as de distintas longitudes que \u2013si son inhaladas o ingeridas- se alojar\u00e1n en los pulmones o en el est\u00f3mago, donde pueden ocasionar irritaci\u00f3n que, a su vez, puede provocar un mesotelioma\u201d.<\/p>\n<p style=\"font-weight: 400; text-align: justify;\">Ordenes a\u00f1adi\u00f3 que, \u201cen la regi\u00f3n de Ays\u00e9n, las tuber\u00edas que se encuentran en las ciudades m\u00e1s importantes sobrepasan los 50 a\u00f1os y con ello su vida \u00fatil. Al a\u00f1o 2018 la Superintendencia de servicios sanitarios informaba que el 44,4% de la red de tuber\u00eda de Aguas Patagonia de Ays\u00e9n correspond\u00eda a asbesto\u201d.<\/p>\n<p style=\"font-weight: 400; text-align: justify;\">\u201cE, incluso -dijo la parlamentaria- conforme a informaci\u00f3n entregada el 2019 el porcentaje de redes de distribuci\u00f3n de asbesto cemento alcanza un 84% de Balmaceda y Puerto Ib\u00e1\u00f1ez. Y en el caso de Coyhaique que tiene la longitud m\u00e1s grande de la regi\u00f3n, un porcentaje de redes de abastecimiento que alcanza un 44,7%\u201d.<\/p>\n<p style=\"font-weight: 400; text-align: justify;\">La senadora Ximena Ordenes asegur\u00f3 que \u201clo cierto es que, si bien agradecemos el impulso ciudadano en esta materia, esta situaci\u00f3n de riesgo social y ambiental no puede quedar al impulso ciudadano: es nuestro deber como \u00f3rganos del Estado el de dar garant\u00eda al derecho a la salud y a vivir en un medio ambiente libre de contaminaci\u00f3n a quienes habitan en nuestro pa\u00eds\u201d.<\/p>\n<\/div><\/section><\/div><div  style='height:50px' class='hr hr-invisible   avia-builder-el-6  el_after_av_one_full  el_before_av_social_share '><span class='hr-inner ' ><span class='hr-inner-style'><\/span><\/span><\/div><\/p>\n<div  class='av-social-sharing-box  avia-builder-el-7  el_after_av_hr  el_before_av_hr  '><div class='av-share-box'><h5 class='av-share-link-description av-no-toc '>Compartir esta noticia<\/h5><ul class='av-share-box-list noLightbox'><li class='av-share-link av-social-link-facebook' ><a target=\"_blank\" aria-label=\"Compartir en Facebook\" href='https:\/\/www.facebook.com\/sharer.php?u=https:\/\/radiorevelacionfm.cl\/?p=19237&#038;t=Senadora%20Ordenes%20pide%20al%20Gobierno%20que%20aclare%20situaci%C3%B3n%20de%20tuber%C3%ADas%20de%20asbesto%20y%20su%20impacto%20sobre%20la%20salud%20de%20la%20poblaci%C3%B3n' aria-hidden='false' data-av_icon='\ue8f3' data-av_iconfont='entypo-fontello' title='' data-avia-related-tooltip='Compartir en Facebook' rel=\"noopener\"><span class='avia_hidden_link_text'>Compartir en Facebook<\/span><\/a><\/li><li class='av-share-link av-social-link-twitter' ><a target=\"_blank\" aria-label=\"Compartir en Twitter\" href='https:\/\/twitter.com\/share?text=Senadora%20Ordenes%20pide%20al%20Gobierno%20que%20aclare%20situaci%C3%B3n%20de%20tuber%C3%ADas%20de%20asbesto%20y%20su%20impacto%20sobre%20la%20salud%20de%20la%20poblaci%C3%B3n&#038;url=https:\/\/radiorevelacionfm.cl\/?p=19237' aria-hidden='false' data-av_icon='\ue8f1' data-av_iconfont='entypo-fontello' title='' data-avia-related-tooltip='Compartir en Twitter' rel=\"noopener\"><span class='avia_hidden_link_text'>Compartir en Twitter<\/span><\/a><\/li><li class='av-share-link av-social-link-whatsapp' ><a target=\"_blank\" aria-label=\"Compartir en Whatsapp\" href='https:\/\/api.whatsapp.com\/send?text=https:\/\/radiorevelacionfm.cl\/?p=19237' aria-hidden='false' data-av_icon='\uf232' data-av_iconfont='entypo-fontello' title='' data-avia-related-tooltip='Compartir en Whatsapp' rel=\"noopener\"><span class='avia_hidden_link_text'>Compartir en Whatsapp<\/span><\/a><\/li><li class='av-share-link av-social-link-linkedin' ><a target=\"_blank\" aria-label=\"Compartir en LinkedIn\" href='https:\/\/linkedin.com\/shareArticle?mini=true&#038;title=Senadora%20Ordenes%20pide%20al%20Gobierno%20que%20aclare%20situaci%C3%B3n%20de%20tuber%C3%ADas%20de%20asbesto%20y%20su%20impacto%20sobre%20la%20salud%20de%20la%20poblaci%C3%B3n&#038;url=https:\/\/radiorevelacionfm.cl\/?p=19237' aria-hidden='false' data-av_icon='\ue8fc' data-av_iconfont='entypo-fontello' title='' data-avia-related-tooltip='Compartir en LinkedIn' rel=\"noopener\"><span class='avia_hidden_link_text'>Compartir en LinkedIn<\/span><\/a><\/li><li class='av-share-link av-social-link-mail' ><a  aria-label=\"Compartir por correo\" href='mailto:?subject=Senadora%20Ordenes%20pide%20al%20Gobierno%20que%20aclare%20situaci%C3%B3n%20de%20tuber%C3%ADas%20de%20asbesto%20y%20su%20impacto%20sobre%20la%20salud%20de%20la%20poblaci%C3%B3n&#038;body=https:\/\/radiorevelacionfm.cl\/?p=19237' aria-hidden='false' data-av_icon='\ue805' data-av_iconfont='entypo-fontello' title='' data-avia-related-tooltip='Compartir por correo'><span class='avia_hidden_link_text'>Compartir por correo<\/span><\/a><\/li><\/ul><\/div><\/div>\n<div  style='height:50px' class='hr hr-invisible   avia-builder-el-8  el_after_av_social_share  el_before_av_comments_list '><span class='hr-inner ' ><span class='hr-inner-style'><\/span><\/span><\/div>\n<div  class='av-buildercomment  av-blog-meta-html-info-disabled av-blog-meta-tag-disabled  '><\/div>\n","protected":false},"excerpt":{"rendered":"","protected":false},"author":1,"featured_media":7100,"comment_status":"open","ping_status":"open","sticky":false,"template":"","format":"standard","meta":{"footnotes":""},"categories":[35],"tags":[],"class_list":["post-19237","post","type-post","status-publish","format-standard","has-post-thumbnail","hentry","category-politica"],"jetpack_featured_media_url":"https:\/\/radiorevelacionfm.cl\/wp-content\/uploads\/2021\/08\/Senadora-Ordenes7.1-1.jpg","_links":{"self":[{"href":"https:\/\/radiorevelacionfm.cl\/index.php?rest_route=\/wp\/v2\/posts\/19237","targetHints":{"allow":["GET"]}}],"collection":[{"href":"https:\/\/radiorevelacionfm.cl\/index.php?rest_route=\/wp\/v2\/posts"}],"about":[{"href":"https:\/\/radiorevelacionfm.cl\/index.php?rest_route=\/wp\/v2\/types\/post"}],"author":[{"embeddable":true,"href":"https:\/\/radiorevelacionfm.cl\/index.php?rest_route=\/wp\/v2\/users\/1"}],"replies":[{"embeddable":true,"href":"https:\/\/radiorevelacionfm.cl\/index.php?rest_route=%2Fwp%2Fv2%2Fcomments&post=19237"}],"version-history":[{"count":2,"href":"https:\/\/radiorevelacionfm.cl\/index.php?rest_route=\/wp\/v2\/posts\/19237\/revisions"}],"predecessor-version":[{"id":19252,"href":"https:\/\/radiorevelacionfm.cl\/index.php?rest_route=\/wp\/v2\/posts\/19237\/revisions\/19252"}],"wp:featuredmedia":[{"embeddable":true,"href":"https:\/\/radiorevelacionfm.cl\/index.php?rest_route=\/wp\/v2\/media\/7100"}],"wp:attachment":[{"href":"https:\/\/radiorevelacionfm.cl\/index.php?rest_route=%2Fwp%2Fv2%2Fmedia&parent=19237"}],"wp:term":[{"taxonomy":"category","embeddable":true,"href":"https:\/\/radiorevelacionfm.cl\/index.php?rest_route=%2Fwp%2Fv2%2Fcategories&post=19237"},{"taxonomy":"post_tag","embeddable":true,"href":"https:\/\/radiorevelacionfm.cl\/index.php?rest_route=%2Fwp%2Fv2%2Ftags&post=19237"}],"curies":[{"name":"wp","href":"https:\/\/api.w.org\/{rel}","templated":true}]}}