{"id":19232,"date":"2022-07-15T11:19:19","date_gmt":"2022-07-15T14:19:19","guid":{"rendered":"https:\/\/radiorevelacionfm.cl\/?p=19232"},"modified":"2022-07-15T11:19:19","modified_gmt":"2022-07-15T14:19:19","slug":"destacan-aprobacion-unanime-del-bono-extraordinario-chile-apoya-de-invierno-y-extension-del-permiso-postnatal-parental","status":"publish","type":"post","link":"https:\/\/radiorevelacionfm.cl\/?p=19232","title":{"rendered":"Destacan aprobaci\u00f3n un\u00e1nime del Bono Extraordinario Chile Apoya de Invierno y extensi\u00f3n del Permiso Postnatal Parental"},"content":{"rendered":"<div class=\"flex_column av_one_full  flex_column_div av-zero-column-padding first  avia-builder-el-0  el_before_av_one_full  avia-builder-el-first  \" style='border-radius:0px; '><div  class='avia-image-container  av-styling-    avia-builder-el-1  avia-builder-el-no-sibling  avia-align-center '  itemprop=\"image\" itemscope=\"itemscope\" itemtype=\"https:\/\/schema.org\/ImageObject\"  ><div class='avia-image-container-inner'><div class='avia-image-overlay-wrap'><img decoding=\"async\" class='wp-image-19233 avia-img-lazy-loading-not-19233 avia_image' src=\"https:\/\/radiorevelacionfm.cl\/wp-content\/uploads\/2022\/07\/Seremis_TrbPrev_Y_DesFamilia1-1-1.jpg\" alt='' title='Seremis_TrbPrev_Y_DesFamilia1 (1) (1)' height=\"600\" width=\"1152\"  itemprop=\"thumbnailUrl\" srcset=\"https:\/\/radiorevelacionfm.cl\/wp-content\/uploads\/2022\/07\/Seremis_TrbPrev_Y_DesFamilia1-1-1.jpg 1152w, https:\/\/radiorevelacionfm.cl\/wp-content\/uploads\/2022\/07\/Seremis_TrbPrev_Y_DesFamilia1-1-1-300x156.jpg 300w, https:\/\/radiorevelacionfm.cl\/wp-content\/uploads\/2022\/07\/Seremis_TrbPrev_Y_DesFamilia1-1-1-1030x536.jpg 1030w, https:\/\/radiorevelacionfm.cl\/wp-content\/uploads\/2022\/07\/Seremis_TrbPrev_Y_DesFamilia1-1-1-768x400.jpg 768w, https:\/\/radiorevelacionfm.cl\/wp-content\/uploads\/2022\/07\/Seremis_TrbPrev_Y_DesFamilia1-1-1-705x367.jpg 705w, https:\/\/radiorevelacionfm.cl\/wp-content\/uploads\/2022\/07\/Seremis_TrbPrev_Y_DesFamilia1-1-1-600x313.jpg 600w\" sizes=\"(max-width: 1152px) 100vw, 1152px\" \/><\/div><\/div><\/div><\/div><div class=\"flex_column av_one_full  flex_column_div av-zero-column-padding first  avia-builder-el-2  el_after_av_one_full  el_before_av_one_full  column-top-margin\" style='border-radius:0px; '><section class=\"av_textblock_section \"  itemscope=\"itemscope\" itemtype=\"https:\/\/schema.org\/BlogPosting\" itemprop=\"blogPost\" ><div class='avia_textblock  '   itemprop=\"text\" ><p style=\"text-align: center;\"><strong><span style=\"font-size: 18pt;\">Destacan aprobaci\u00f3n un\u00e1nime del Bono Extraordinario Chile Apoya de Invierno y extensi\u00f3n del Permiso Postnatal Parental<\/span><\/strong><\/p>\n<div id=\"gtx-trans\" style=\"position: absolute; left: -50px; top: 4.31534px;\">\n<div class=\"gtx-trans-icon\"><\/div>\n<\/div>\n<\/div><\/section><\/div><div class=\"flex_column av_one_full  flex_column_div av-zero-column-padding first  avia-builder-el-4  el_after_av_one_full  el_before_av_hr  column-top-margin\" style='border-radius:0px; '><section class=\"av_textblock_section \"  itemscope=\"itemscope\" itemtype=\"https:\/\/schema.org\/BlogPosting\" itemprop=\"blogPost\" ><div class='avia_textblock  '   itemprop=\"text\" ><p class=\"v1MsoNormal\" style=\"text-align: justify;\"><span lang=\"ES\">Este mi\u00e9rcoles en la tarde, la Sala de la C\u00e1mara de Diputados aprob\u00f3 de forma un\u00e1nime el proyecto de ley que otorga el Bono Extraordinario Chile Apoya de Invierno y que extiende el Permiso Posnatal Parental por hasta 60 d\u00edas con tope el 30 de septiembre. De este modo, la iniciativa fue despachada al Senado, lo que fue destacado por la Seremi de Desarrollo Social y Familia, Karina Acevedo y por su par de Trabajo y Previsi\u00f3n Social, Rodrigo D\u00edaz.<\/span><\/p>\n<p class=\"v1MsoNormal\" style=\"text-align: justify;\"><span lang=\"ES\">Con respecto al bono, Karina Acevedo mencion\u00f3, \u00abEl Presidente Gabriel Boric comprometi\u00f3 un Bono de Invierno, que es un proyecto de ley, por un monto de $120 mil pesos. Quiero contarles que ese proyecto de ley va avanzando, fue aprobado de forma un\u00e1nime por la C\u00e1mara de Diputados y ahora camina hacia el Senado. A medida que vaya pasando este proceso, les iremos contando para que le podamos decir con fecha exacta cuando se transferir\u00e1n esos $120 mil pesos directamente a su cuenta RUT\u00bb.<\/span><\/p>\n<p class=\"v1MsoNormal\" style=\"text-align: justify;\"><span lang=\"ES\">El bono, que beneficiar\u00e1 a 7,5 millones de personas aproximadamente, llegar\u00e1 a todos aquellos que ya reciben uno o m\u00e1s de los siguientes beneficios: Aporte Familiar Permanente (Subsidio \u00danico Familiar, Asignaci\u00f3n Familiar y Seguridades y Oportunidades), el Bono Invierno (mayores de 65 a\u00f1os y pensi\u00f3n inferior a Pensi\u00f3n M\u00ednima de Vejez), el Subsidio de Discapacidad Mental, Aporte Previsional Solidario (APS) de Invalidez y Pensi\u00f3n B\u00e1sica Solidaria (PBS) de Invalidez.<\/span><\/p>\n<p class=\"v1MsoNormal\" style=\"text-align: justify;\"><span lang=\"ES\">Adem\u00e1s, esta medida beneficiar\u00e1 a todos los hogares que no reciben los beneficios anteriores, pero que sean parte del 60% del Registro Social de Hogares (RSH) y tengan dentro de sus integrantes a personas menores de 18 a\u00f1os, personas mayores o personas dependientes o con discapacidad.<\/span><\/p>\n<p class=\"v1MsoNormal\" style=\"text-align: justify;\"><span lang=\"ES\">A su vez, Rodrigo D\u00edaz afirm\u00f3 sobre el proyecto de ley de extensi\u00f3n el permiso posnatal, \u00abEl Permiso Posnatal Parental es tambi\u00e9n otro compromiso que avanz\u00f3 en la C\u00e1mara de Diputados, esto por una unanimidad y se extiende hasta el 30 de septiembre, as\u00ed que esperamos que siga avanzando para que finalmente se reconozca que estos tiempos de pandemia la situaci\u00f3n no es f\u00e1cil, as\u00ed que tambi\u00e9n estaremos informando qu\u00e9 ocurre con este tema\u00bb, coment\u00f3 el Seremi de Trabajo y Previsi\u00f3n Social.<\/span><\/p>\n<p class=\"v1MsoNormal\" style=\"text-align: justify;\"><span lang=\"ES\">El proyecto original del Gobierno inclu\u00eda una extensi\u00f3n del Permiso Postnatal Parental por hasta 60 d\u00edas, con tope el 30 de septiembre, para quienes este permiso vence entre el 11 de julio de 2022 y el 30 de septiembre de 2022. Eso cambi\u00f3 luego que el Ejecutivo alcanzara un acuerdo con los parlamentarios de la Comisi\u00f3n de Hacienda de la C\u00e1mara, para ingresar una indicaci\u00f3n que incluye aquellos permisos que finalicen desde el 21 de junio.<\/span><\/p>\n<p class=\"v1MsoNormal\" style=\"text-align: justify;\"><span lang=\"ES\">De esta forma, la extensi\u00f3n del Permiso Posnatal Parental regir\u00e1 a partir de la vigencia de la ley, pudiendo optar el trabajador\/a cuyo permiso finalice a partir del 21 de junio, de manera retroactiva. La fecha tope de 30 de septiembre se explica debido a que ese d\u00eda finaliza la actual alerta sanitaria, lo cual permite tomar medidas extraordinarias y adicionales para enfrentar la pandemia de Covid 19.<\/span><\/p>\n<p class=\"v1MsoNormal\" style=\"text-align: justify;\"><span lang=\"ES\">La Ministra de Trabajo y Previsi\u00f3n Social, Jeannette Jara explic\u00f3 la operatividad de este permiso posnatal \u00abla idea es que en la extensi\u00f3n Permiso Postnatal Parental se siga aplicando las mismas mec\u00e1nicas en las cuales tanto los beneficios como el Permiso Postnatal Parental se encuentran actualmente regulados. Para lo anterior, una vez publicada la ley, la Superintendencia de Seguridad Social, que es el organismo fiscalizador a cargo de las materias relativas a las prestaciones de maternidad, va a emitir instrucciones, a trav\u00e9s de una circular, y la idea es que se mantenga con la misma l\u00f3gica\u00bb.<\/span><\/p>\n<p class=\"v1MsoNormal\" style=\"text-align: justify;\"><span lang=\"ES\">Adem\u00e1s del Bono Extraordinario Chile Apoya Invierno y la extensi\u00f3n del Permiso Postnatal Parental, ambas medidas que requieren ley, el Presidente Gabriel Boric tambi\u00e9n anunci\u00f3 medidas administrativas, que son la extensi\u00f3n de la postulaci\u00f3n, desde septiembre hasta diciembre, al Subsidio Laboral Protege y al IFE Laboral. Estas dos \u00faltimas se realizan a trav\u00e9s de un decreto y no necesitan tramitaci\u00f3n en el Congreso, postul\u00e1ndose en\u00a0<a href=\"http:\/\/www.subsidioalempleo.cl\/\" target=\"_blank\" rel=\"noopener noreferrer\">www.subsidioalempleo.cl<\/a>\u00a0o a trav\u00e9s de\u00a0<a href=\"http:\/\/www.sence.cl\/\" target=\"_blank\" rel=\"noopener noreferrer\">www.sence.cl<\/a>.<\/span><\/p>\n<\/div><\/section><\/div><div  style='height:50px' class='hr hr-invisible   avia-builder-el-6  el_after_av_one_full  el_before_av_social_share '><span class='hr-inner ' ><span class='hr-inner-style'><\/span><\/span><\/div><\/p>\n<div  class='av-social-sharing-box  avia-builder-el-7  el_after_av_hr  el_before_av_hr  '><div class='av-share-box'><h5 class='av-share-link-description av-no-toc '>Compartir esta noticia<\/h5><ul class='av-share-box-list noLightbox'><li class='av-share-link av-social-link-facebook' ><a target=\"_blank\" aria-label=\"Compartir en Facebook\" href='https:\/\/www.facebook.com\/sharer.php?u=https:\/\/radiorevelacionfm.cl\/?p=19232&#038;t=Destacan%20aprobaci%C3%B3n%20un%C3%A1nime%20del%20Bono%20Extraordinario%20Chile%20Apoya%20de%20Invierno%20y%20extensi%C3%B3n%20del%20Permiso%20Postnatal%20Parental' aria-hidden='false' data-av_icon='\ue8f3' data-av_iconfont='entypo-fontello' title='' data-avia-related-tooltip='Compartir en Facebook' rel=\"noopener\"><span class='avia_hidden_link_text'>Compartir en Facebook<\/span><\/a><\/li><li class='av-share-link av-social-link-twitter' ><a target=\"_blank\" aria-label=\"Compartir en Twitter\" href='https:\/\/twitter.com\/share?text=Destacan%20aprobaci%C3%B3n%20un%C3%A1nime%20del%20Bono%20Extraordinario%20Chile%20Apoya%20de%20Invierno%20y%20extensi%C3%B3n%20del%20Permiso%20Postnatal%20Parental&#038;url=https:\/\/radiorevelacionfm.cl\/?p=19232' aria-hidden='false' data-av_icon='\ue8f1' data-av_iconfont='entypo-fontello' title='' data-avia-related-tooltip='Compartir en Twitter' rel=\"noopener\"><span class='avia_hidden_link_text'>Compartir en Twitter<\/span><\/a><\/li><li class='av-share-link av-social-link-whatsapp' ><a target=\"_blank\" aria-label=\"Compartir en Whatsapp\" href='https:\/\/api.whatsapp.com\/send?text=https:\/\/radiorevelacionfm.cl\/?p=19232' aria-hidden='false' data-av_icon='\uf232' data-av_iconfont='entypo-fontello' title='' data-avia-related-tooltip='Compartir en Whatsapp' rel=\"noopener\"><span class='avia_hidden_link_text'>Compartir en Whatsapp<\/span><\/a><\/li><li class='av-share-link av-social-link-linkedin' ><a target=\"_blank\" aria-label=\"Compartir en LinkedIn\" href='https:\/\/linkedin.com\/shareArticle?mini=true&#038;title=Destacan%20aprobaci%C3%B3n%20un%C3%A1nime%20del%20Bono%20Extraordinario%20Chile%20Apoya%20de%20Invierno%20y%20extensi%C3%B3n%20del%20Permiso%20Postnatal%20Parental&#038;url=https:\/\/radiorevelacionfm.cl\/?p=19232' aria-hidden='false' data-av_icon='\ue8fc' data-av_iconfont='entypo-fontello' title='' data-avia-related-tooltip='Compartir en LinkedIn' rel=\"noopener\"><span class='avia_hidden_link_text'>Compartir en LinkedIn<\/span><\/a><\/li><li class='av-share-link av-social-link-mail' ><a  aria-label=\"Compartir por correo\" href='mailto:?subject=Destacan%20aprobaci%C3%B3n%20un%C3%A1nime%20del%20Bono%20Extraordinario%20Chile%20Apoya%20de%20Invierno%20y%20extensi%C3%B3n%20del%20Permiso%20Postnatal%20Parental&#038;body=https:\/\/radiorevelacionfm.cl\/?p=19232' aria-hidden='false' data-av_icon='\ue805' data-av_iconfont='entypo-fontello' title='' data-avia-related-tooltip='Compartir por correo'><span class='avia_hidden_link_text'>Compartir por correo<\/span><\/a><\/li><\/ul><\/div><\/div>\n<div  style='height:50px' class='hr hr-invisible   avia-builder-el-8  el_after_av_social_share  el_before_av_comments_list '><span class='hr-inner ' ><span class='hr-inner-style'><\/span><\/span><\/div>\n<div  class='av-buildercomment  av-blog-meta-html-info-disabled av-blog-meta-tag-disabled  '><\/div>\n","protected":false},"excerpt":{"rendered":"","protected":false},"author":1,"featured_media":19233,"comment_status":"open","ping_status":"open","sticky":false,"template":"","format":"standard","meta":{"footnotes":""},"categories":[38],"tags":[],"class_list":["post-19232","post","type-post","status-publish","format-standard","has-post-thumbnail","hentry","category-regional"],"jetpack_featured_media_url":"https:\/\/radiorevelacionfm.cl\/wp-content\/uploads\/2022\/07\/Seremis_TrbPrev_Y_DesFamilia1-1-1.jpg","_links":{"self":[{"href":"https:\/\/radiorevelacionfm.cl\/index.php?rest_route=\/wp\/v2\/posts\/19232","targetHints":{"allow":["GET"]}}],"collection":[{"href":"https:\/\/radiorevelacionfm.cl\/index.php?rest_route=\/wp\/v2\/posts"}],"about":[{"href":"https:\/\/radiorevelacionfm.cl\/index.php?rest_route=\/wp\/v2\/types\/post"}],"author":[{"embeddable":true,"href":"https:\/\/radiorevelacionfm.cl\/index.php?rest_route=\/wp\/v2\/users\/1"}],"replies":[{"embeddable":true,"href":"https:\/\/radiorevelacionfm.cl\/index.php?rest_route=%2Fwp%2Fv2%2Fcomments&post=19232"}],"version-history":[{"count":2,"href":"https:\/\/radiorevelacionfm.cl\/index.php?rest_route=\/wp\/v2\/posts\/19232\/revisions"}],"predecessor-version":[{"id":19263,"href":"https:\/\/radiorevelacionfm.cl\/index.php?rest_route=\/wp\/v2\/posts\/19232\/revisions\/19263"}],"wp:featuredmedia":[{"embeddable":true,"href":"https:\/\/radiorevelacionfm.cl\/index.php?rest_route=\/wp\/v2\/media\/19233"}],"wp:attachment":[{"href":"https:\/\/radiorevelacionfm.cl\/index.php?rest_route=%2Fwp%2Fv2%2Fmedia&parent=19232"}],"wp:term":[{"taxonomy":"category","embeddable":true,"href":"https:\/\/radiorevelacionfm.cl\/index.php?rest_route=%2Fwp%2Fv2%2Fcategories&post=19232"},{"taxonomy":"post_tag","embeddable":true,"href":"https:\/\/radiorevelacionfm.cl\/index.php?rest_route=%2Fwp%2Fv2%2Ftags&post=19232"}],"curies":[{"name":"wp","href":"https:\/\/api.w.org\/{rel}","templated":true}]}}