{"id":19229,"date":"2022-07-14T17:30:51","date_gmt":"2022-07-14T20:30:51","guid":{"rendered":"https:\/\/radiorevelacionfm.cl\/?p=19229"},"modified":"2022-07-14T17:30:51","modified_gmt":"2022-07-14T20:30:51","slug":"controles-cardiovasculares-en-poblacion-marchant-acercando-las-atenciones-de-salud-a-las-comunidades","status":"publish","type":"post","link":"https:\/\/radiorevelacionfm.cl\/?p=19229","title":{"rendered":"Controles cardiovasculares en Poblaci\u00f3n Marchant: Acercando las atenciones de Salud a las comunidades"},"content":{"rendered":"<div class=\"flex_column av_one_full  flex_column_div av-zero-column-padding first  avia-builder-el-0  el_before_av_one_full  avia-builder-el-first  \" style='border-radius:0px; '><div  class='avia-image-container  av-styling-    avia-builder-el-1  avia-builder-el-no-sibling  avia-align-center '  itemprop=\"image\" itemscope=\"itemscope\" itemtype=\"https:\/\/schema.org\/ImageObject\"  ><div class='avia-image-container-inner'><div class='avia-image-overlay-wrap'><img decoding=\"async\" class='wp-image-19230 avia-img-lazy-loading-not-19230 avia_image' src=\"https:\/\/radiorevelacionfm.cl\/wp-content\/uploads\/2022\/07\/POBL-MARCHANT-2-1-1.jpg\" alt='' title='POBL MARCHANT (2) (1) (1)' height=\"600\" width=\"800\"  itemprop=\"thumbnailUrl\" srcset=\"https:\/\/radiorevelacionfm.cl\/wp-content\/uploads\/2022\/07\/POBL-MARCHANT-2-1-1.jpg 800w, https:\/\/radiorevelacionfm.cl\/wp-content\/uploads\/2022\/07\/POBL-MARCHANT-2-1-1-300x225.jpg 300w, https:\/\/radiorevelacionfm.cl\/wp-content\/uploads\/2022\/07\/POBL-MARCHANT-2-1-1-768x576.jpg 768w, https:\/\/radiorevelacionfm.cl\/wp-content\/uploads\/2022\/07\/POBL-MARCHANT-2-1-1-705x529.jpg 705w, https:\/\/radiorevelacionfm.cl\/wp-content\/uploads\/2022\/07\/POBL-MARCHANT-2-1-1-600x450.jpg 600w\" sizes=\"(max-width: 800px) 100vw, 800px\" \/><\/div><\/div><\/div><\/div><div class=\"flex_column av_one_full  flex_column_div av-zero-column-padding first  avia-builder-el-2  el_after_av_one_full  el_before_av_one_full  column-top-margin\" style='border-radius:0px; '><section class=\"av_textblock_section \"  itemscope=\"itemscope\" itemtype=\"https:\/\/schema.org\/BlogPosting\" itemprop=\"blogPost\" ><div class='avia_textblock  '   itemprop=\"text\" ><p style=\"text-align: center;\"><span style=\"font-size: 18pt;\"><b>Controles cardiovasculares en Poblaci\u00f3n Marchant: Acercando las atenciones de Salud a las comunidades<\/b><\/span><\/p>\n<div id=\"gtx-trans\" style=\"position: absolute; left: -50px; top: 4.31534px;\">\n<div class=\"gtx-trans-icon\"><\/div>\n<\/div>\n<\/div><\/section><\/div><div class=\"flex_column av_one_full  flex_column_div av-zero-column-padding first  avia-builder-el-4  el_after_av_one_full  el_before_av_hr  column-top-margin\" style='border-radius:0px; '><section class=\"av_textblock_section \"  itemscope=\"itemscope\" itemtype=\"https:\/\/schema.org\/BlogPosting\" itemprop=\"blogPost\" ><div class='avia_textblock  '   itemprop=\"text\" ><p style=\"font-weight: 400; text-align: justify;\">A mediados de mayo en la sede de la Junta de Vecinos de la poblaci\u00f3n General Marchant, se inici\u00f3 un trabajo piloto tendiente a acercar las atenciones de salud a la comunidad, permitiendo con ello facilitar el traslado de adultos mayores a sus controles cardiovasculares.<\/p>\n<p style=\"font-weight: 400; text-align: justify;\">Entre el 16 de mayo y la \u00faltima semana de junio, cerca de un centenar de atenciones fueron desarrolladas en el box de la sede por el M\u00e9dico de Familia, contratado por el CESFAM Alejandro Guti\u00e9rrez.<\/p>\n<p style=\"font-weight: 400; text-align: justify;\">\u201cHa sido una estrategia innovadora, una estrategia que obedece al modelo de Salud Familiar y Comunitaria, que nos acerca a nuestra poblaci\u00f3n con un n\u00famero no menor de atenciones realizadas. Ha sido muy bien recibida por la poblaci\u00f3n y el M\u00e9dico de Familia tambi\u00e9n indica que es muy valorada por el personal y los usuarios\u201d se\u00f1al\u00f3 el Doctor Jos\u00e9 Luis Toledo, Director del CESFAM Alejandro Guti\u00e9rrez.<\/p>\n<p style=\"font-weight: 400; text-align: justify;\">Dentro de las \u00e1reas prioritarias en el programa de Gobierno est\u00e1 el fortalecimiento de la Atenci\u00f3n Primaria de Salud facilitando el acceso y la oportunidad de recibir las prestaciones para toda la poblaci\u00f3n nacional, independiente del lugar donde vivan.<\/p>\n<p style=\"font-weight: 400; text-align: justify;\">\u201cPara nosotros es super importante poder acercar la Salud a las personas, nosotros tenemos problemas de infraestructura y podemos subsanarlos a trav\u00e9s de estas sedes. En la Poblaci\u00f3n Marchant tenemos control cardiovascular y es importante que la gente se pueda acercar a tener estas consultas con m\u00e9dicos, tambi\u00e9n hemos destinado a trav\u00e9s del CESFAM V\u00edctor Domingo Silva que habilit\u00f3 un punto de vacunaci\u00f3n en la sede de la Poblaci\u00f3n Bernardo O\u2019Higgins\u201d, agreg\u00f3 el Director del Servicio de Salud Ays\u00e9n, Gabriel Burgos Salas.<\/p>\n<p style=\"font-weight: 400; text-align: justify;\">Desde hace algunos meses, se comenz\u00f3 a trabajar en un proyecto mayor que permitir\u00eda replicar las condiciones de la sede de la Poblaci\u00f3n Marchant en otros espacios comunitarios de las JJVV de la Regi\u00f3n de Ays\u00e9n. Iniciativa liderada por la Secretar\u00eda Regional Ministerial, con la participaci\u00f3n del Servicio de Salud Ays\u00e9n, Agrupaciones Vecinales, Municipalidad de Coyhaique y la Subdere.<\/p>\n<p style=\"font-weight: 400; text-align: justify;\">\u201cBuscamos habilitar espacios de atenci\u00f3n en aquellos lugares que puedan cumplir con ciertos requisitos. Estamos super contentos porque esta es una se\u00f1al clara de nuestro Gobierno de acercar las prestaciones a la comunidad y avanzar en esta construcci\u00f3n conjunta de una Atenci\u00f3n Primaria que sea mucho m\u00e1s resolutiva y cercana para la comunidad\u201d, manifest\u00f3 Carmen Gloria Monsalve G\u00f3mez, Seremi de Salud Ays\u00e9n.<\/p>\n<p style=\"font-weight: 400; text-align: justify;\">Con el objetivo de fortalecer la Atenci\u00f3n Primaria de Salud se busca que las JJ.VV de la regi\u00f3n puedan postular a proyectos que permitan habilitar boxes de atenci\u00f3n en las sedes vecinales para brindar el espacio adecuado tanto para los usuarios como para los profesionales que podr\u00edan desarrollar las atenciones en estos centros comunitarios.<\/p>\n<\/div><\/section><\/div><div  style='height:50px' class='hr hr-invisible   avia-builder-el-6  el_after_av_one_full  el_before_av_social_share '><span class='hr-inner ' ><span class='hr-inner-style'><\/span><\/span><\/div><\/p>\n<div  class='av-social-sharing-box  avia-builder-el-7  el_after_av_hr  el_before_av_hr  '><div class='av-share-box'><h5 class='av-share-link-description av-no-toc '>Compartir esta noticia<\/h5><ul class='av-share-box-list noLightbox'><li class='av-share-link av-social-link-facebook' ><a target=\"_blank\" aria-label=\"Compartir en Facebook\" href='https:\/\/www.facebook.com\/sharer.php?u=https:\/\/radiorevelacionfm.cl\/?p=19229&#038;t=Controles%20cardiovasculares%20en%20Poblaci%C3%B3n%20Marchant%3A%20Acercando%20las%20atenciones%20de%20Salud%20a%20las%20comunidades' aria-hidden='false' data-av_icon='\ue8f3' data-av_iconfont='entypo-fontello' title='' data-avia-related-tooltip='Compartir en Facebook' rel=\"noopener\"><span class='avia_hidden_link_text'>Compartir en Facebook<\/span><\/a><\/li><li class='av-share-link av-social-link-twitter' ><a target=\"_blank\" aria-label=\"Compartir en Twitter\" href='https:\/\/twitter.com\/share?text=Controles%20cardiovasculares%20en%20Poblaci%C3%B3n%20Marchant%3A%20Acercando%20las%20atenciones%20de%20Salud%20a%20las%20comunidades&#038;url=https:\/\/radiorevelacionfm.cl\/?p=19229' aria-hidden='false' data-av_icon='\ue8f1' data-av_iconfont='entypo-fontello' title='' data-avia-related-tooltip='Compartir en Twitter' rel=\"noopener\"><span class='avia_hidden_link_text'>Compartir en Twitter<\/span><\/a><\/li><li class='av-share-link av-social-link-whatsapp' ><a target=\"_blank\" aria-label=\"Compartir en Whatsapp\" href='https:\/\/api.whatsapp.com\/send?text=https:\/\/radiorevelacionfm.cl\/?p=19229' aria-hidden='false' data-av_icon='\uf232' data-av_iconfont='entypo-fontello' title='' data-avia-related-tooltip='Compartir en Whatsapp' rel=\"noopener\"><span class='avia_hidden_link_text'>Compartir en Whatsapp<\/span><\/a><\/li><li class='av-share-link av-social-link-linkedin' ><a target=\"_blank\" aria-label=\"Compartir en LinkedIn\" href='https:\/\/linkedin.com\/shareArticle?mini=true&#038;title=Controles%20cardiovasculares%20en%20Poblaci%C3%B3n%20Marchant%3A%20Acercando%20las%20atenciones%20de%20Salud%20a%20las%20comunidades&#038;url=https:\/\/radiorevelacionfm.cl\/?p=19229' aria-hidden='false' data-av_icon='\ue8fc' data-av_iconfont='entypo-fontello' title='' data-avia-related-tooltip='Compartir en LinkedIn' rel=\"noopener\"><span class='avia_hidden_link_text'>Compartir en LinkedIn<\/span><\/a><\/li><li class='av-share-link av-social-link-mail' ><a  aria-label=\"Compartir por correo\" href='mailto:?subject=Controles%20cardiovasculares%20en%20Poblaci%C3%B3n%20Marchant%3A%20Acercando%20las%20atenciones%20de%20Salud%20a%20las%20comunidades&#038;body=https:\/\/radiorevelacionfm.cl\/?p=19229' aria-hidden='false' data-av_icon='\ue805' data-av_iconfont='entypo-fontello' title='' data-avia-related-tooltip='Compartir por correo'><span class='avia_hidden_link_text'>Compartir por correo<\/span><\/a><\/li><\/ul><\/div><\/div>\n<div  style='height:50px' class='hr hr-invisible   avia-builder-el-8  el_after_av_social_share  el_before_av_comments_list '><span class='hr-inner ' ><span class='hr-inner-style'><\/span><\/span><\/div>\n<div  class='av-buildercomment  av-blog-meta-html-info-disabled av-blog-meta-tag-disabled  '><\/div>\n","protected":false},"excerpt":{"rendered":"","protected":false},"author":1,"featured_media":19230,"comment_status":"open","ping_status":"open","sticky":false,"template":"","format":"standard","meta":{"footnotes":""},"categories":[46],"tags":[],"class_list":["post-19229","post","type-post","status-publish","format-standard","has-post-thumbnail","hentry","category-salud"],"jetpack_featured_media_url":"https:\/\/radiorevelacionfm.cl\/wp-content\/uploads\/2022\/07\/POBL-MARCHANT-2-1-1.jpg","_links":{"self":[{"href":"https:\/\/radiorevelacionfm.cl\/index.php?rest_route=\/wp\/v2\/posts\/19229","targetHints":{"allow":["GET"]}}],"collection":[{"href":"https:\/\/radiorevelacionfm.cl\/index.php?rest_route=\/wp\/v2\/posts"}],"about":[{"href":"https:\/\/radiorevelacionfm.cl\/index.php?rest_route=\/wp\/v2\/types\/post"}],"author":[{"embeddable":true,"href":"https:\/\/radiorevelacionfm.cl\/index.php?rest_route=\/wp\/v2\/users\/1"}],"replies":[{"embeddable":true,"href":"https:\/\/radiorevelacionfm.cl\/index.php?rest_route=%2Fwp%2Fv2%2Fcomments&post=19229"}],"version-history":[{"count":2,"href":"https:\/\/radiorevelacionfm.cl\/index.php?rest_route=\/wp\/v2\/posts\/19229\/revisions"}],"predecessor-version":[{"id":19236,"href":"https:\/\/radiorevelacionfm.cl\/index.php?rest_route=\/wp\/v2\/posts\/19229\/revisions\/19236"}],"wp:featuredmedia":[{"embeddable":true,"href":"https:\/\/radiorevelacionfm.cl\/index.php?rest_route=\/wp\/v2\/media\/19230"}],"wp:attachment":[{"href":"https:\/\/radiorevelacionfm.cl\/index.php?rest_route=%2Fwp%2Fv2%2Fmedia&parent=19229"}],"wp:term":[{"taxonomy":"category","embeddable":true,"href":"https:\/\/radiorevelacionfm.cl\/index.php?rest_route=%2Fwp%2Fv2%2Fcategories&post=19229"},{"taxonomy":"post_tag","embeddable":true,"href":"https:\/\/radiorevelacionfm.cl\/index.php?rest_route=%2Fwp%2Fv2%2Ftags&post=19229"}],"curies":[{"name":"wp","href":"https:\/\/api.w.org\/{rel}","templated":true}]}}