{"id":19226,"date":"2022-07-15T10:08:33","date_gmt":"2022-07-15T13:08:33","guid":{"rendered":"https:\/\/radiorevelacionfm.cl\/?p=19226"},"modified":"2022-07-15T10:08:33","modified_gmt":"2022-07-15T13:08:33","slug":"diputada-raphael-el-plan-de-descontaminacion-esta-resultando-un-fracaso","status":"publish","type":"post","link":"https:\/\/radiorevelacionfm.cl\/?p=19226","title":{"rendered":"Diputada Raphael: El plan de descontaminaci\u00f3n est\u00e1 resultando un fracaso"},"content":{"rendered":"<div class=\"flex_column av_one_full  flex_column_div av-zero-column-padding first  avia-builder-el-0  el_before_av_one_full  avia-builder-el-first  \" style='border-radius:0px; '><div  class='avia-image-container  av-styling-    avia-builder-el-1  avia-builder-el-no-sibling  avia-align-center '  itemprop=\"image\" itemscope=\"itemscope\" itemtype=\"https:\/\/schema.org\/ImageObject\"  ><div class='avia-image-container-inner'><div class='avia-image-overlay-wrap'><img decoding=\"async\" class='wp-image-19227 avia-img-lazy-loading-not-19227 avia_image' src=\"https:\/\/radiorevelacionfm.cl\/wp-content\/uploads\/2022\/07\/coycontaminado-1_optimized.jpg\" alt='' title='coycontaminado-(1)_optimized' height=\"600\" width=\"1525\"  itemprop=\"thumbnailUrl\" srcset=\"https:\/\/radiorevelacionfm.cl\/wp-content\/uploads\/2022\/07\/coycontaminado-1_optimized.jpg 1525w, https:\/\/radiorevelacionfm.cl\/wp-content\/uploads\/2022\/07\/coycontaminado-1_optimized-300x118.jpg 300w, https:\/\/radiorevelacionfm.cl\/wp-content\/uploads\/2022\/07\/coycontaminado-1_optimized-1030x405.jpg 1030w, https:\/\/radiorevelacionfm.cl\/wp-content\/uploads\/2022\/07\/coycontaminado-1_optimized-768x302.jpg 768w, https:\/\/radiorevelacionfm.cl\/wp-content\/uploads\/2022\/07\/coycontaminado-1_optimized-1500x590.jpg 1500w, https:\/\/radiorevelacionfm.cl\/wp-content\/uploads\/2022\/07\/coycontaminado-1_optimized-705x277.jpg 705w, https:\/\/radiorevelacionfm.cl\/wp-content\/uploads\/2022\/07\/coycontaminado-1_optimized-600x236.jpg 600w\" sizes=\"(max-width: 1525px) 100vw, 1525px\" \/><\/div><\/div><\/div><\/div><div class=\"flex_column av_one_full  flex_column_div av-zero-column-padding first  avia-builder-el-2  el_after_av_one_full  el_before_av_one_full  column-top-margin\" style='border-radius:0px; '><section class=\"av_textblock_section \"  itemscope=\"itemscope\" itemtype=\"https:\/\/schema.org\/BlogPosting\" itemprop=\"blogPost\" ><div class='avia_textblock  '   itemprop=\"text\" ><p style=\"text-align: center;\"><span style=\"font-size: 18pt;\"><strong>Diputada Raphael: El plan de descontaminaci\u00f3n est\u00e1 resultando un fracaso<\/strong><\/span><\/p>\n<div id=\"gtx-trans\" style=\"position: absolute; left: -50px; top: 4.31534px;\">\n<div class=\"gtx-trans-icon\"><\/div>\n<\/div>\n<\/div><\/section><\/div><div class=\"flex_column av_one_full  flex_column_div av-zero-column-padding first  avia-builder-el-4  el_after_av_one_full  el_before_av_hr  column-top-margin\" style='border-radius:0px; '><section class=\"av_textblock_section \"  itemscope=\"itemscope\" itemtype=\"https:\/\/schema.org\/BlogPosting\" itemprop=\"blogPost\" ><div class='avia_textblock  '   itemprop=\"text\" ><p style=\"text-align: justify;\">El cambio en la matriz energ\u00e9tica y el plan de descontaminaci\u00f3n requiere de una pol\u00edtica de Estado bien planificada. Pues con el plan de descontaminaci\u00f3n de Ays\u00e9n no se ha avanzado como estaba proyectado e incluso hoy se ve un derroche de recursos importante, ya que el desabastecimiento de pellet, el alto costo de la parafina, del gas y el precario sistema el\u00e9ctrico de la regi\u00f3n, sin duda har\u00e1n retroceder en lo ya avanzado, generando un desincentivo para continuar impulsando tal como est\u00e1 el plan de descontaminaci\u00f3n.<\/p>\n<p style=\"text-align: justify;\">La iniciativa de recambio de calefactores, parec\u00eda ser un excelente impulso para obtener una mayor descontaminaci\u00f3n de las ciudades m\u00e1s saturadas de la regi\u00f3n de Ays\u00e9n, principalmente la comuna de Coyhaique, donde en teor\u00eda fueron miles de familias las beneficiadas con este cambio en sus sistemas de calefacci\u00f3n y que hoy est\u00e1 quedando en evidencia que el buen prop\u00f3sito de lograr calefacci\u00f3n con energ\u00edas limpias no est\u00e1 funcionando.<\/p>\n<p style=\"text-align: justify;\">Para estos efectos la Diputada Marcia Raphael coment\u00f3 \u201cla situaci\u00f3n que se vive en la regi\u00f3n el d\u00eda de hoy es tremendamente preocupante, ya hemos comentado en reiteradas oportunidades la inflaci\u00f3n en distintos productos, sumado a las dificultades que conllevan vivir en las zonas m\u00e1s extremas del pa\u00eds, ahora frente al crudo invierno que estamos enfrentando, hay familias expuestas a pasar frio, esto porque el bolsillo no alcanza y adem\u00e1s porque hay insumos que no est\u00e1n disponibles, como por ejemplo, la falta de pellet\u201d.<\/p>\n<p style=\"text-align: justify;\">En tal sentido, la Diputada hizo un llamado a retomar la pol\u00edtica energ\u00e9tica de Ays\u00e9n, con ello a reevaluar el plan de descontaminaci\u00f3n impulsado por el Ministerio de Medio Ambiente y financiado por el Gobierno Regional y a tomar en serio la situaci\u00f3n que se vive el d\u00eda de hoy para no repetirla en futuros inviernos.<\/p>\n<p style=\"text-align: justify;\">\u201cNo es posible que con la abundancia en energ\u00edas limpias y renovables disponibles en la regi\u00f3n sigamos teniendo los problemas en t\u00e9rminos de costos y calidad de suministros que afectan gravemente la calidad de vida de todos los Ayseninos\u201d puntualiz\u00f3 la legisladora por la regi\u00f3n de Ays\u00e9n.<\/p>\n<p style=\"text-align: justify;\">Finalmente la parlamentaria resalt\u00f3 que este es un problema que tambi\u00e9n est\u00e1 viviendo toda la macro zona sur, desde Bio Bio a la regi\u00f3n de Ays\u00e9n, exceptuando a Magallanes, que cuenta con gas y subsidios especiales, por lo que indic\u00f3 que har\u00e1 fuerza con parlamentarios de otras regiones para que tanto el Ministerio de Energ\u00eda como de Medio Ambiente junto a los respectivos Gobiernos Regionales tomen a la brevedad cartas en el asunto.<\/p>\n<\/div><\/section><\/div><div  style='height:50px' class='hr hr-invisible   avia-builder-el-6  el_after_av_one_full  el_before_av_social_share '><span class='hr-inner ' ><span class='hr-inner-style'><\/span><\/span><\/div><\/p>\n<div  class='av-social-sharing-box  avia-builder-el-7  el_after_av_hr  el_before_av_hr  '><div class='av-share-box'><h5 class='av-share-link-description av-no-toc '>Compartir esta noticia<\/h5><ul class='av-share-box-list noLightbox'><li class='av-share-link av-social-link-facebook' ><a target=\"_blank\" aria-label=\"Compartir en Facebook\" href='https:\/\/www.facebook.com\/sharer.php?u=https:\/\/radiorevelacionfm.cl\/?p=19226&#038;t=Diputada%20Raphael%3A%20El%20plan%20de%20descontaminaci%C3%B3n%20est%C3%A1%20resultando%20un%20fracaso' aria-hidden='false' data-av_icon='\ue8f3' data-av_iconfont='entypo-fontello' title='' data-avia-related-tooltip='Compartir en Facebook' rel=\"noopener\"><span class='avia_hidden_link_text'>Compartir en Facebook<\/span><\/a><\/li><li class='av-share-link av-social-link-twitter' ><a target=\"_blank\" aria-label=\"Compartir en Twitter\" href='https:\/\/twitter.com\/share?text=Diputada%20Raphael%3A%20El%20plan%20de%20descontaminaci%C3%B3n%20est%C3%A1%20resultando%20un%20fracaso&#038;url=https:\/\/radiorevelacionfm.cl\/?p=19226' aria-hidden='false' data-av_icon='\ue8f1' data-av_iconfont='entypo-fontello' title='' data-avia-related-tooltip='Compartir en Twitter' rel=\"noopener\"><span class='avia_hidden_link_text'>Compartir en Twitter<\/span><\/a><\/li><li class='av-share-link av-social-link-whatsapp' ><a target=\"_blank\" aria-label=\"Compartir en Whatsapp\" href='https:\/\/api.whatsapp.com\/send?text=https:\/\/radiorevelacionfm.cl\/?p=19226' aria-hidden='false' data-av_icon='\uf232' data-av_iconfont='entypo-fontello' title='' data-avia-related-tooltip='Compartir en Whatsapp' rel=\"noopener\"><span class='avia_hidden_link_text'>Compartir en Whatsapp<\/span><\/a><\/li><li class='av-share-link av-social-link-linkedin' ><a target=\"_blank\" aria-label=\"Compartir en LinkedIn\" href='https:\/\/linkedin.com\/shareArticle?mini=true&#038;title=Diputada%20Raphael%3A%20El%20plan%20de%20descontaminaci%C3%B3n%20est%C3%A1%20resultando%20un%20fracaso&#038;url=https:\/\/radiorevelacionfm.cl\/?p=19226' aria-hidden='false' data-av_icon='\ue8fc' data-av_iconfont='entypo-fontello' title='' data-avia-related-tooltip='Compartir en LinkedIn' rel=\"noopener\"><span class='avia_hidden_link_text'>Compartir en LinkedIn<\/span><\/a><\/li><li class='av-share-link av-social-link-mail' ><a  aria-label=\"Compartir por correo\" href='mailto:?subject=Diputada%20Raphael%3A%20El%20plan%20de%20descontaminaci%C3%B3n%20est%C3%A1%20resultando%20un%20fracaso&#038;body=https:\/\/radiorevelacionfm.cl\/?p=19226' aria-hidden='false' data-av_icon='\ue805' data-av_iconfont='entypo-fontello' title='' data-avia-related-tooltip='Compartir por correo'><span class='avia_hidden_link_text'>Compartir por correo<\/span><\/a><\/li><\/ul><\/div><\/div>\n<div  style='height:50px' class='hr hr-invisible   avia-builder-el-8  el_after_av_social_share  el_before_av_comments_list '><span class='hr-inner ' ><span class='hr-inner-style'><\/span><\/span><\/div>\n<div  class='av-buildercomment  av-blog-meta-html-info-disabled av-blog-meta-tag-disabled  '><\/div>\n","protected":false},"excerpt":{"rendered":"","protected":false},"author":1,"featured_media":19227,"comment_status":"open","ping_status":"open","sticky":false,"template":"","format":"standard","meta":{"footnotes":""},"categories":[35],"tags":[],"class_list":["post-19226","post","type-post","status-publish","format-standard","has-post-thumbnail","hentry","category-politica"],"jetpack_featured_media_url":"https:\/\/radiorevelacionfm.cl\/wp-content\/uploads\/2022\/07\/coycontaminado-1_optimized.jpg","_links":{"self":[{"href":"https:\/\/radiorevelacionfm.cl\/index.php?rest_route=\/wp\/v2\/posts\/19226","targetHints":{"allow":["GET"]}}],"collection":[{"href":"https:\/\/radiorevelacionfm.cl\/index.php?rest_route=\/wp\/v2\/posts"}],"about":[{"href":"https:\/\/radiorevelacionfm.cl\/index.php?rest_route=\/wp\/v2\/types\/post"}],"author":[{"embeddable":true,"href":"https:\/\/radiorevelacionfm.cl\/index.php?rest_route=\/wp\/v2\/users\/1"}],"replies":[{"embeddable":true,"href":"https:\/\/radiorevelacionfm.cl\/index.php?rest_route=%2Fwp%2Fv2%2Fcomments&post=19226"}],"version-history":[{"count":2,"href":"https:\/\/radiorevelacionfm.cl\/index.php?rest_route=\/wp\/v2\/posts\/19226\/revisions"}],"predecessor-version":[{"id":19260,"href":"https:\/\/radiorevelacionfm.cl\/index.php?rest_route=\/wp\/v2\/posts\/19226\/revisions\/19260"}],"wp:featuredmedia":[{"embeddable":true,"href":"https:\/\/radiorevelacionfm.cl\/index.php?rest_route=\/wp\/v2\/media\/19227"}],"wp:attachment":[{"href":"https:\/\/radiorevelacionfm.cl\/index.php?rest_route=%2Fwp%2Fv2%2Fmedia&parent=19226"}],"wp:term":[{"taxonomy":"category","embeddable":true,"href":"https:\/\/radiorevelacionfm.cl\/index.php?rest_route=%2Fwp%2Fv2%2Fcategories&post=19226"},{"taxonomy":"post_tag","embeddable":true,"href":"https:\/\/radiorevelacionfm.cl\/index.php?rest_route=%2Fwp%2Fv2%2Ftags&post=19226"}],"curies":[{"name":"wp","href":"https:\/\/api.w.org\/{rel}","templated":true}]}}