{"id":19224,"date":"2022-07-14T19:01:54","date_gmt":"2022-07-14T22:01:54","guid":{"rendered":"https:\/\/radiorevelacionfm.cl\/?p=19224"},"modified":"2022-07-14T19:01:54","modified_gmt":"2022-07-14T22:01:54","slug":"explican-ley-que-evitara-que-suban-las-cuentas-de-la-electricidad","status":"publish","type":"post","link":"https:\/\/radiorevelacionfm.cl\/?p=19224","title":{"rendered":"Explican ley que evitar\u00e1 que suban las cuentas de la electricidad"},"content":{"rendered":"<div class=\"flex_column av_one_full  flex_column_div av-zero-column-padding first  avia-builder-el-0  el_before_av_one_full  avia-builder-el-first  \" style='border-radius:0px; '><div  class='avia-image-container  av-styling-    avia-builder-el-1  avia-builder-el-no-sibling  avia-align-center '  itemprop=\"image\" itemscope=\"itemscope\" itemtype=\"https:\/\/schema.org\/ImageObject\"  ><div class='avia-image-container-inner'><div class='avia-image-overlay-wrap'><img decoding=\"async\" class='wp-image-16931 avia-img-lazy-loading-not-16931 avia_image' src=\"https:\/\/radiorevelacionfm.cl\/wp-content\/uploads\/2022\/05\/foto-cuentas-luz-2-2.jpg\" alt='' title='foto cuentas luz-2-2' height=\"600\" width=\"1033\"  itemprop=\"thumbnailUrl\" srcset=\"https:\/\/radiorevelacionfm.cl\/wp-content\/uploads\/2022\/05\/foto-cuentas-luz-2-2.jpg 1033w, https:\/\/radiorevelacionfm.cl\/wp-content\/uploads\/2022\/05\/foto-cuentas-luz-2-2-300x174.jpg 300w, https:\/\/radiorevelacionfm.cl\/wp-content\/uploads\/2022\/05\/foto-cuentas-luz-2-2-1030x598.jpg 1030w, https:\/\/radiorevelacionfm.cl\/wp-content\/uploads\/2022\/05\/foto-cuentas-luz-2-2-768x446.jpg 768w, https:\/\/radiorevelacionfm.cl\/wp-content\/uploads\/2022\/05\/foto-cuentas-luz-2-2-705x409.jpg 705w, https:\/\/radiorevelacionfm.cl\/wp-content\/uploads\/2022\/05\/foto-cuentas-luz-2-2-600x348.jpg 600w\" sizes=\"(max-width: 1033px) 100vw, 1033px\" \/><\/div><\/div><\/div><\/div><div class=\"flex_column av_one_full  flex_column_div av-zero-column-padding first  avia-builder-el-2  el_after_av_one_full  el_before_av_one_full  column-top-margin\" style='border-radius:0px; '><section class=\"av_textblock_section \"  itemscope=\"itemscope\" itemtype=\"https:\/\/schema.org\/BlogPosting\" itemprop=\"blogPost\" ><div class='avia_textblock  '   itemprop=\"text\" ><p style=\"text-align: center;\"><strong><span style=\"font-size: 18pt;\">Explican ley que evitar\u00e1 que suban las cuentas de la electricidad <\/span><\/strong><\/p>\n<div id=\"gtx-trans\" style=\"position: absolute; left: -50px; top: 4.31534px;\">\n<div class=\"gtx-trans-icon\"><\/div>\n<\/div>\n<\/div><\/section><\/div><div class=\"flex_column av_one_full  flex_column_div av-zero-column-padding first  avia-builder-el-4  el_after_av_one_full  el_before_av_hr  column-top-margin\" style='border-radius:0px; '><section class=\"av_textblock_section \"  itemscope=\"itemscope\" itemtype=\"https:\/\/schema.org\/BlogPosting\" itemprop=\"blogPost\" ><div class='avia_textblock  '   itemprop=\"text\" ><p style=\"text-align: justify;\">Por 135 votos a favor y uno en contra, la C\u00e1mara de Diputados y Diputadas aprob\u00f3 en general, en tercer tr\u00e1mite legislativo el proyecto que crea un Fondo de Estabilizaci\u00f3n y Emergencia Energ\u00e9tica y establece un nuevo mecanismo de estabilizaci\u00f3n transitorio de precios de la electricidad. Mientras que el fondo fue aprobado por 87 votos a favor, 46 en contra y 3 abstenciones. Con esto el proyecto qued\u00f3 listo para convertirse en ley.<\/p>\n<p style=\"text-align: justify;\">La iniciativa, que es parte de Chile Apoya, Plan de Invierno en Energ\u00eda, fue presentada como una forma de frenar las alzas de las cuentas de electricidad, que hab\u00edan estado congeladas desde el a\u00f1o 2019, debido a la contingencia y la pandemia del coronavirus, donde se detuvo el pago de contratos a las generadoras de energ\u00eda, por 1.350 millones de d\u00f3lares, monto que se supon\u00eda iba a solventar los costos hasta junio del 2023. Sin embargo, dichos fondos se extinguieron generando una nueva deuda que hubiese provocado que las cuentas de electricidad subir\u00e1n un 45%.<\/p>\n<p style=\"text-align: justify;\">Al respecto, el Seremi D\u00edaz se\u00f1al\u00f3 que \u201cesta es una gran noticia y me gustar\u00eda transmitirles a las familias de nuestra regi\u00f3n, que tengan tranquilidad ya que no existir\u00e1n alzas bruscas en las cuentas de electricidad. Esto porque el Congreso aprob\u00f3 el d\u00eda de ayer el proyecto de ley que impide el aumento de las cuentas para el 90 por ciento de la poblaci\u00f3n. Adem\u00e1s, se cre\u00f3 un \u201cFondo de Estabilizaci\u00f3n de las Cuentas de Electricidad\u201d, que dar\u00e1 certeza a las personas sobre sus cuentas de luz los pr\u00f3ximos 10 a\u00f1os\u201d.<\/p>\n<p style=\"text-align: justify;\">Entre sus implicancias el Fondo de Estabilizaci\u00f3n tendr\u00e1 una duraci\u00f3n de 10 a\u00f1os y su administraci\u00f3n corresponder\u00e1 a la Tesorer\u00eda General de la Rep\u00fablica. En concreto, el Estado har\u00e1 un aporte de 15 millones de d\u00f3lares en 2022, adem\u00e1s de 20 millones anuales desde el 2023 hasta el 2032.<\/p>\n<p style=\"text-align: justify;\">Tambi\u00e9n el proyecto deja exentas a las micro y peque\u00f1as empresas que consumen hasta 1.000 KWh del cargo por servicio p\u00fablico que alimenta el fondo, el cual ser\u00e1 pagado por grandes consumidores el\u00e9ctricos. La solidaridad fue un principio de este proyecto, en que se cre\u00f3 un seguro colectivo para que no suban las cuentas a las familias.<\/p>\n<p style=\"text-align: justify;\">La autoridad regional de Energ\u00eda recalc\u00f3 que \u201ces importante destacar que la ley se enmarca en un conjunto de acciones que est\u00e1 promoviendo el Gobierno del presidente Boric para ir en apoyo de las personas. Adem\u00e1s, es muy importante que este mecanismo de estabilizaci\u00f3n de corto, mediano y largo plazo haya sido aprobado, pues se trata del primer paso de un trabajo que est\u00e1 desarrollando el Ministerio de Energ\u00eda para acabar con la vulnerabilidad y la pobreza energ\u00e9tica\u201d.<\/p>\n<\/div><\/section><\/div><div  style='height:50px' class='hr hr-invisible   avia-builder-el-6  el_after_av_one_full  el_before_av_social_share '><span class='hr-inner ' ><span class='hr-inner-style'><\/span><\/span><\/div><\/p>\n<div  class='av-social-sharing-box  avia-builder-el-7  el_after_av_hr  el_before_av_hr  '><div class='av-share-box'><h5 class='av-share-link-description av-no-toc '>Compartir esta noticia<\/h5><ul class='av-share-box-list noLightbox'><li class='av-share-link av-social-link-facebook' ><a target=\"_blank\" aria-label=\"Compartir en Facebook\" href='https:\/\/www.facebook.com\/sharer.php?u=https:\/\/radiorevelacionfm.cl\/?p=19224&#038;t=Explican%20ley%20que%20evitar%C3%A1%20que%20suban%20las%20cuentas%20de%20la%20electricidad' aria-hidden='false' data-av_icon='\ue8f3' data-av_iconfont='entypo-fontello' title='' data-avia-related-tooltip='Compartir en Facebook' rel=\"noopener\"><span class='avia_hidden_link_text'>Compartir en Facebook<\/span><\/a><\/li><li class='av-share-link av-social-link-twitter' ><a target=\"_blank\" aria-label=\"Compartir en Twitter\" href='https:\/\/twitter.com\/share?text=Explican%20ley%20que%20evitar%C3%A1%20que%20suban%20las%20cuentas%20de%20la%20electricidad&#038;url=https:\/\/radiorevelacionfm.cl\/?p=19224' aria-hidden='false' data-av_icon='\ue8f1' data-av_iconfont='entypo-fontello' title='' data-avia-related-tooltip='Compartir en Twitter' rel=\"noopener\"><span class='avia_hidden_link_text'>Compartir en Twitter<\/span><\/a><\/li><li class='av-share-link av-social-link-whatsapp' ><a target=\"_blank\" aria-label=\"Compartir en Whatsapp\" href='https:\/\/api.whatsapp.com\/send?text=https:\/\/radiorevelacionfm.cl\/?p=19224' aria-hidden='false' data-av_icon='\uf232' data-av_iconfont='entypo-fontello' title='' data-avia-related-tooltip='Compartir en Whatsapp' rel=\"noopener\"><span class='avia_hidden_link_text'>Compartir en Whatsapp<\/span><\/a><\/li><li class='av-share-link av-social-link-linkedin' ><a target=\"_blank\" aria-label=\"Compartir en LinkedIn\" href='https:\/\/linkedin.com\/shareArticle?mini=true&#038;title=Explican%20ley%20que%20evitar%C3%A1%20que%20suban%20las%20cuentas%20de%20la%20electricidad&#038;url=https:\/\/radiorevelacionfm.cl\/?p=19224' aria-hidden='false' data-av_icon='\ue8fc' data-av_iconfont='entypo-fontello' title='' data-avia-related-tooltip='Compartir en LinkedIn' rel=\"noopener\"><span class='avia_hidden_link_text'>Compartir en LinkedIn<\/span><\/a><\/li><li class='av-share-link av-social-link-mail' ><a  aria-label=\"Compartir por correo\" href='mailto:?subject=Explican%20ley%20que%20evitar%C3%A1%20que%20suban%20las%20cuentas%20de%20la%20electricidad&#038;body=https:\/\/radiorevelacionfm.cl\/?p=19224' aria-hidden='false' data-av_icon='\ue805' data-av_iconfont='entypo-fontello' title='' data-avia-related-tooltip='Compartir por correo'><span class='avia_hidden_link_text'>Compartir por correo<\/span><\/a><\/li><\/ul><\/div><\/div>\n<div  style='height:50px' class='hr hr-invisible   avia-builder-el-8  el_after_av_social_share  el_before_av_comments_list '><span class='hr-inner ' ><span class='hr-inner-style'><\/span><\/span><\/div>\n<div  class='av-buildercomment  av-blog-meta-html-info-disabled av-blog-meta-tag-disabled  '><\/div>\n","protected":false},"excerpt":{"rendered":"","protected":false},"author":1,"featured_media":16931,"comment_status":"open","ping_status":"open","sticky":false,"template":"","format":"standard","meta":{"footnotes":""},"categories":[38],"tags":[],"class_list":["post-19224","post","type-post","status-publish","format-standard","has-post-thumbnail","hentry","category-regional"],"jetpack_featured_media_url":"https:\/\/radiorevelacionfm.cl\/wp-content\/uploads\/2022\/05\/foto-cuentas-luz-2-2.jpg","_links":{"self":[{"href":"https:\/\/radiorevelacionfm.cl\/index.php?rest_route=\/wp\/v2\/posts\/19224","targetHints":{"allow":["GET"]}}],"collection":[{"href":"https:\/\/radiorevelacionfm.cl\/index.php?rest_route=\/wp\/v2\/posts"}],"about":[{"href":"https:\/\/radiorevelacionfm.cl\/index.php?rest_route=\/wp\/v2\/types\/post"}],"author":[{"embeddable":true,"href":"https:\/\/radiorevelacionfm.cl\/index.php?rest_route=\/wp\/v2\/users\/1"}],"replies":[{"embeddable":true,"href":"https:\/\/radiorevelacionfm.cl\/index.php?rest_route=%2Fwp%2Fv2%2Fcomments&post=19224"}],"version-history":[{"count":2,"href":"https:\/\/radiorevelacionfm.cl\/index.php?rest_route=\/wp\/v2\/posts\/19224\/revisions"}],"predecessor-version":[{"id":19251,"href":"https:\/\/radiorevelacionfm.cl\/index.php?rest_route=\/wp\/v2\/posts\/19224\/revisions\/19251"}],"wp:featuredmedia":[{"embeddable":true,"href":"https:\/\/radiorevelacionfm.cl\/index.php?rest_route=\/wp\/v2\/media\/16931"}],"wp:attachment":[{"href":"https:\/\/radiorevelacionfm.cl\/index.php?rest_route=%2Fwp%2Fv2%2Fmedia&parent=19224"}],"wp:term":[{"taxonomy":"category","embeddable":true,"href":"https:\/\/radiorevelacionfm.cl\/index.php?rest_route=%2Fwp%2Fv2%2Fcategories&post=19224"},{"taxonomy":"post_tag","embeddable":true,"href":"https:\/\/radiorevelacionfm.cl\/index.php?rest_route=%2Fwp%2Fv2%2Ftags&post=19224"}],"curies":[{"name":"wp","href":"https:\/\/api.w.org\/{rel}","templated":true}]}}