{"id":19219,"date":"2022-07-14T15:34:49","date_gmt":"2022-07-14T18:34:49","guid":{"rendered":"https:\/\/radiorevelacionfm.cl\/?p=19219"},"modified":"2022-07-14T15:34:49","modified_gmt":"2022-07-14T18:34:49","slug":"instituto-de-salud-publica-confirma-caso-de-hantavirus-en-menor-de-chile-chico","status":"publish","type":"post","link":"https:\/\/radiorevelacionfm.cl\/?p=19219","title":{"rendered":"Instituto de Salud P\u00fablica confirma caso de Hantavirus en menor de Chile Chico"},"content":{"rendered":"<div class=\"flex_column av_one_full  flex_column_div av-zero-column-padding first  avia-builder-el-0  el_before_av_one_full  avia-builder-el-first  \" style='border-radius:0px; '><div  class='avia-image-container  av-styling-    avia-builder-el-1  avia-builder-el-no-sibling  avia-align-center '  itemprop=\"image\" itemscope=\"itemscope\" itemtype=\"https:\/\/schema.org\/ImageObject\"  ><div class='avia-image-container-inner'><div class='avia-image-overlay-wrap'><img decoding=\"async\" class='wp-image-19220 avia-img-lazy-loading-not-19220 avia_image' src=\"https:\/\/radiorevelacionfm.cl\/wp-content\/uploads\/2022\/07\/roedor-1-1_optimized.jpg\" alt='' title='roedor-(1)-(1)_optimized' height=\"600\" width=\"859\"  itemprop=\"thumbnailUrl\" srcset=\"https:\/\/radiorevelacionfm.cl\/wp-content\/uploads\/2022\/07\/roedor-1-1_optimized.jpg 859w, https:\/\/radiorevelacionfm.cl\/wp-content\/uploads\/2022\/07\/roedor-1-1_optimized-300x210.jpg 300w, https:\/\/radiorevelacionfm.cl\/wp-content\/uploads\/2022\/07\/roedor-1-1_optimized-768x536.jpg 768w, https:\/\/radiorevelacionfm.cl\/wp-content\/uploads\/2022\/07\/roedor-1-1_optimized-705x492.jpg 705w, https:\/\/radiorevelacionfm.cl\/wp-content\/uploads\/2022\/07\/roedor-1-1_optimized-600x419.jpg 600w\" sizes=\"(max-width: 859px) 100vw, 859px\" \/><\/div><\/div><\/div><\/div><div class=\"flex_column av_one_full  flex_column_div av-zero-column-padding first  avia-builder-el-2  el_after_av_one_full  el_before_av_one_full  column-top-margin\" style='border-radius:0px; '><section class=\"av_textblock_section \"  itemscope=\"itemscope\" itemtype=\"https:\/\/schema.org\/BlogPosting\" itemprop=\"blogPost\" ><div class='avia_textblock  '   itemprop=\"text\" ><p style=\"text-align: center;\"><strong><span style=\"font-size: 18pt;\">Instituto de Salud P\u00fablica confirma caso de Hantavirus en menor de Chile Chico<\/span><\/strong><\/p>\n<div id=\"gtx-trans\" style=\"position: absolute; left: -50px; top: 4.31534px;\">\n<div class=\"gtx-trans-icon\"><\/div>\n<\/div>\n<\/div><\/section><\/div><div class=\"flex_column av_one_full  flex_column_div av-zero-column-padding first  avia-builder-el-4  el_after_av_one_full  el_before_av_hr  column-top-margin\" style='border-radius:0px; '><section class=\"av_textblock_section \"  itemscope=\"itemscope\" itemtype=\"https:\/\/schema.org\/BlogPosting\" itemprop=\"blogPost\" ><div class='avia_textblock  '   itemprop=\"text\" ><p style=\"text-align: justify;\">El Instituto de Salud P\u00fablica (ISP) entreg\u00f3 la confirmaci\u00f3n de la presencia de Hantavirus en el caso del menor de 14 a\u00f1os de edad que tuvo que ser trasladado a Santiago a comienzos de esta semana, quien permanece conectado a ventilaci\u00f3n mec\u00e1nica invasiva en un centro hospitalario de la regi\u00f3n metropolitana.<\/p>\n<p style=\"text-align: justify;\">La informaci\u00f3n la dio a conocer el Epidemi\u00f3logo de la Seremi de Salud, Marco Acu\u00f1a, qui\u00e9n entreg\u00f3 m\u00e1s antecedentes al respecto. \u201cAyer en la tarde recibimos el resultado desde el Instituto de Salud P\u00fablica (ISP) confirmando el caso del escolar de 14 a\u00f1os que en este momento se encuentra en Santiago por hantavirus.\u00a0 En estos momentos se encuentra en Chile Chico un equipo integrado por epidemi\u00f3logos y profesionales de zoonosis para poder determinar los ambientes y factores de riesgo que pudieron haber implicado el lugar de infecci\u00f3n de este ni\u00f1o, por otra parte, se nos ha informado que este escolar se encuentra en estado grave, estable, y conectado a ventilaci\u00f3n mec\u00e1nica invasiva\u201d.<\/p>\n<p style=\"text-align: justify;\">Por su parte, la Seremi de Salud Ays\u00e9n, Carmen Monsalve, hizo un llamado a la comunidad para adoptar medidas preventivas frente al Hantavirus. \u201cFrente a la confirmaci\u00f3n del segundo caso de Hantavirus en la regi\u00f3n necesitamos reforzar medidas preventivas frente a esta enfermedad, especialmente para quienes viven en zonas rurales.\u00a0 Cuando las personas se enfrenten a espacios que han estado mucho tiempo cerrados, lo importante es abrir y ventilar; siempre utilizar mascarillas y guantes si se sospecha de la presencia de roedores; es importante mantener el per\u00edmetro de las casas ordenado y limpio; y para las personas que presenten s\u00edntomas como cefalea, inicio brusco de fiebre, dolores musculares, sintomatolog\u00eda gastrointestinal, sumado al haber estado expuesto a escenarios de riesgo por Hantavirus, se recomienda que acuda al centro de salud m\u00e1s cercano para una evaluaci\u00f3n m\u00e9dica\u201d.<\/p>\n<p style=\"text-align: justify;\">En el transcurso de este a\u00f1o, este es el segundo caso confirmado por Hantavirus en la regi\u00f3n, los cuales pertenecen a los sectores de la localidad de Cerro Castillo y Chile Chico. El llamado a la comunidad es mantener el autocuidado frente a esta enfermedad, para mayor informaci\u00f3n puedes consultar el sitio web\u00a0 <a href=\"https:\/\/seremi11.redsalud.gob.cl\/9774-2\/\">https:\/\/seremi11.redsalud.gob.cl\/9774-2\/<\/a><\/p>\n<\/div><\/section><\/div><div  style='height:50px' class='hr hr-invisible   avia-builder-el-6  el_after_av_one_full  el_before_av_social_share '><span class='hr-inner ' ><span class='hr-inner-style'><\/span><\/span><\/div><\/p>\n<div  class='av-social-sharing-box  avia-builder-el-7  el_after_av_hr  el_before_av_hr  '><div class='av-share-box'><h5 class='av-share-link-description av-no-toc '>Compartir esta noticia<\/h5><ul class='av-share-box-list noLightbox'><li class='av-share-link av-social-link-facebook' ><a target=\"_blank\" aria-label=\"Compartir en Facebook\" href='https:\/\/www.facebook.com\/sharer.php?u=https:\/\/radiorevelacionfm.cl\/?p=19219&#038;t=Instituto%20de%20Salud%20P%C3%BAblica%20confirma%20caso%20de%20Hantavirus%20en%20menor%20de%20Chile%20Chico' aria-hidden='false' data-av_icon='\ue8f3' data-av_iconfont='entypo-fontello' title='' data-avia-related-tooltip='Compartir en Facebook' rel=\"noopener\"><span class='avia_hidden_link_text'>Compartir en Facebook<\/span><\/a><\/li><li class='av-share-link av-social-link-twitter' ><a target=\"_blank\" aria-label=\"Compartir en Twitter\" href='https:\/\/twitter.com\/share?text=Instituto%20de%20Salud%20P%C3%BAblica%20confirma%20caso%20de%20Hantavirus%20en%20menor%20de%20Chile%20Chico&#038;url=https:\/\/radiorevelacionfm.cl\/?p=19219' aria-hidden='false' data-av_icon='\ue8f1' data-av_iconfont='entypo-fontello' title='' data-avia-related-tooltip='Compartir en Twitter' rel=\"noopener\"><span class='avia_hidden_link_text'>Compartir en Twitter<\/span><\/a><\/li><li class='av-share-link av-social-link-whatsapp' ><a target=\"_blank\" aria-label=\"Compartir en Whatsapp\" href='https:\/\/api.whatsapp.com\/send?text=https:\/\/radiorevelacionfm.cl\/?p=19219' aria-hidden='false' data-av_icon='\uf232' data-av_iconfont='entypo-fontello' title='' data-avia-related-tooltip='Compartir en Whatsapp' rel=\"noopener\"><span class='avia_hidden_link_text'>Compartir en Whatsapp<\/span><\/a><\/li><li class='av-share-link av-social-link-linkedin' ><a target=\"_blank\" aria-label=\"Compartir en LinkedIn\" href='https:\/\/linkedin.com\/shareArticle?mini=true&#038;title=Instituto%20de%20Salud%20P%C3%BAblica%20confirma%20caso%20de%20Hantavirus%20en%20menor%20de%20Chile%20Chico&#038;url=https:\/\/radiorevelacionfm.cl\/?p=19219' aria-hidden='false' data-av_icon='\ue8fc' data-av_iconfont='entypo-fontello' title='' data-avia-related-tooltip='Compartir en LinkedIn' rel=\"noopener\"><span class='avia_hidden_link_text'>Compartir en LinkedIn<\/span><\/a><\/li><li class='av-share-link av-social-link-mail' ><a  aria-label=\"Compartir por correo\" href='mailto:?subject=Instituto%20de%20Salud%20P%C3%BAblica%20confirma%20caso%20de%20Hantavirus%20en%20menor%20de%20Chile%20Chico&#038;body=https:\/\/radiorevelacionfm.cl\/?p=19219' aria-hidden='false' data-av_icon='\ue805' data-av_iconfont='entypo-fontello' title='' data-avia-related-tooltip='Compartir por correo'><span class='avia_hidden_link_text'>Compartir por correo<\/span><\/a><\/li><\/ul><\/div><\/div>\n<div  style='height:50px' class='hr hr-invisible   avia-builder-el-8  el_after_av_social_share  el_before_av_comments_list '><span class='hr-inner ' ><span class='hr-inner-style'><\/span><\/span><\/div>\n<div  class='av-buildercomment  av-blog-meta-html-info-disabled av-blog-meta-tag-disabled  '><\/div>\n","protected":false},"excerpt":{"rendered":"","protected":false},"author":1,"featured_media":19220,"comment_status":"open","ping_status":"open","sticky":false,"template":"","format":"standard","meta":{"footnotes":""},"categories":[46],"tags":[],"class_list":["post-19219","post","type-post","status-publish","format-standard","has-post-thumbnail","hentry","category-salud"],"jetpack_featured_media_url":"https:\/\/radiorevelacionfm.cl\/wp-content\/uploads\/2022\/07\/roedor-1-1_optimized.jpg","_links":{"self":[{"href":"https:\/\/radiorevelacionfm.cl\/index.php?rest_route=\/wp\/v2\/posts\/19219","targetHints":{"allow":["GET"]}}],"collection":[{"href":"https:\/\/radiorevelacionfm.cl\/index.php?rest_route=\/wp\/v2\/posts"}],"about":[{"href":"https:\/\/radiorevelacionfm.cl\/index.php?rest_route=\/wp\/v2\/types\/post"}],"author":[{"embeddable":true,"href":"https:\/\/radiorevelacionfm.cl\/index.php?rest_route=\/wp\/v2\/users\/1"}],"replies":[{"embeddable":true,"href":"https:\/\/radiorevelacionfm.cl\/index.php?rest_route=%2Fwp%2Fv2%2Fcomments&post=19219"}],"version-history":[{"count":2,"href":"https:\/\/radiorevelacionfm.cl\/index.php?rest_route=\/wp\/v2\/posts\/19219\/revisions"}],"predecessor-version":[{"id":19222,"href":"https:\/\/radiorevelacionfm.cl\/index.php?rest_route=\/wp\/v2\/posts\/19219\/revisions\/19222"}],"wp:featuredmedia":[{"embeddable":true,"href":"https:\/\/radiorevelacionfm.cl\/index.php?rest_route=\/wp\/v2\/media\/19220"}],"wp:attachment":[{"href":"https:\/\/radiorevelacionfm.cl\/index.php?rest_route=%2Fwp%2Fv2%2Fmedia&parent=19219"}],"wp:term":[{"taxonomy":"category","embeddable":true,"href":"https:\/\/radiorevelacionfm.cl\/index.php?rest_route=%2Fwp%2Fv2%2Fcategories&post=19219"},{"taxonomy":"post_tag","embeddable":true,"href":"https:\/\/radiorevelacionfm.cl\/index.php?rest_route=%2Fwp%2Fv2%2Ftags&post=19219"}],"curies":[{"name":"wp","href":"https:\/\/api.w.org\/{rel}","templated":true}]}}