{"id":19207,"date":"2022-07-16T11:15:15","date_gmt":"2022-07-16T14:15:15","guid":{"rendered":"https:\/\/radiorevelacionfm.cl\/?p=19207"},"modified":"2022-07-16T11:15:15","modified_gmt":"2022-07-16T14:15:15","slug":"ministra-orellana-pediremos-triple-cadena-perpetua-para-hugo-pasten-y-esperamos-que-la-justicia-obre-en-consecuencia","status":"publish","type":"post","link":"https:\/\/radiorevelacionfm.cl\/?p=19207","title":{"rendered":"Ministra Orellana: \u201cPediremos triple cadena perpetua para Hugo Past\u00e9n y esperamos que la justicia obre en consecuencia\u201d"},"content":{"rendered":"<div class=\"flex_column av_one_full  flex_column_div av-zero-column-padding first  avia-builder-el-0  el_before_av_one_full  avia-builder-el-first  \" style='border-radius:0px; '><div  class='avia-image-container  av-styling-    avia-builder-el-1  avia-builder-el-no-sibling  avia-align-center '  itemprop=\"image\" itemscope=\"itemscope\" itemtype=\"https:\/\/schema.org\/ImageObject\"  ><div class='avia-image-container-inner'><div class='avia-image-overlay-wrap'><img decoding=\"async\" class='wp-image-19208 avia-img-lazy-loading-not-19208 avia_image' src=\"https:\/\/radiorevelacionfm.cl\/wp-content\/uploads\/2022\/07\/MINISTRA-MINMUJERYEG1-1-1.jpg\" alt='' title='MINISTRA MINMUJERYEG1 (1) (1)' height=\"600\" width=\"1417\"  itemprop=\"thumbnailUrl\" srcset=\"https:\/\/radiorevelacionfm.cl\/wp-content\/uploads\/2022\/07\/MINISTRA-MINMUJERYEG1-1-1.jpg 1417w, https:\/\/radiorevelacionfm.cl\/wp-content\/uploads\/2022\/07\/MINISTRA-MINMUJERYEG1-1-1-300x127.jpg 300w, https:\/\/radiorevelacionfm.cl\/wp-content\/uploads\/2022\/07\/MINISTRA-MINMUJERYEG1-1-1-1030x436.jpg 1030w, https:\/\/radiorevelacionfm.cl\/wp-content\/uploads\/2022\/07\/MINISTRA-MINMUJERYEG1-1-1-768x325.jpg 768w, https:\/\/radiorevelacionfm.cl\/wp-content\/uploads\/2022\/07\/MINISTRA-MINMUJERYEG1-1-1-705x299.jpg 705w, https:\/\/radiorevelacionfm.cl\/wp-content\/uploads\/2022\/07\/MINISTRA-MINMUJERYEG1-1-1-600x254.jpg 600w\" sizes=\"(max-width: 1417px) 100vw, 1417px\" \/><\/div><\/div><\/div><\/div><div class=\"flex_column av_one_full  flex_column_div av-zero-column-padding first  avia-builder-el-2  el_after_av_one_full  el_before_av_one_full  column-top-margin\" style='border-radius:0px; '><section class=\"av_textblock_section \"  itemscope=\"itemscope\" itemtype=\"https:\/\/schema.org\/BlogPosting\" itemprop=\"blogPost\" ><div class='avia_textblock  '   itemprop=\"text\" ><p style=\"text-align: center;\"><strong><span style=\"font-size: 18pt;\">Ministra Orellana: \u201cPediremos triple cadena perpetua para Hugo Past\u00e9n y esperamos que la justicia obre en consecuencia<\/span><\/strong><\/p>\n<div id=\"gtx-trans\" style=\"position: absolute; left: -50px; top: 4.31534px;\">\n<div class=\"gtx-trans-icon\"><\/div>\n<\/div>\n<\/div><\/section><\/div><div class=\"flex_column av_one_full  flex_column_div av-zero-column-padding first  avia-builder-el-4  el_after_av_one_full  el_before_av_hr  column-top-margin\" style='border-radius:0px; '><section class=\"av_textblock_section \"  itemscope=\"itemscope\" itemtype=\"https:\/\/schema.org\/BlogPosting\" itemprop=\"blogPost\" ><div class='avia_textblock  '   itemprop=\"text\" ><p style=\"text-align: justify;\">\u201cComo ministra de la Mujer y la Equidad de G\u00e9nero quiero destacar que el d\u00eda de hoy en Atacama, se declar\u00f3 culpable a Hugo Past\u00e9n por los cr\u00edmenes de Sussy Montalv\u00e1n, Marina Cabrera y de la adolescente iniciales C.A.G., que fueron calificados como asesinatos con agravante de g\u00e9nero, y para nosotros son femicidios\u201d, afirm\u00f3 la ministra Antonia Orellana, tras conocer el fallo dado a conocer hoy por el Tribunal Oral en Lo Penal de Copiap\u00f3.<\/p>\n<p style=\"text-align: justify;\">La secretaria de Estado agreg\u00f3 que \u201clamentablemente la justicia antes hab\u00eda desestimado la gravedad de los cr\u00edmenes sexuales cometidos por Hugo Past\u00e9n, lo que le permiti\u00f3 recuperar la libertad y volver a reincidir en su odio contra las mujeres\u201d.<\/p>\n<p style=\"text-align: justify;\">Junto con ello, la ministra Orellana agreg\u00f3: \u201cme hago parte de la carta que ha enviado hoy organizaciones feministas de Atacama e instamos a todas las instituciones a seguir buscando a la adolescente de iniciales C.A.G hasta encontrarla. Mientras su familia la sigue buscando, nosotras estamos comprometidas, a trav\u00e9s de nuestro Servicio Nacional de la Mujer y la Equidad de G\u00e9nero, hasta encontrarla. Pediremos triple cadena perpetua para Hugo Past\u00e9n y esperamos que la justicia obre en consecuencia\u201d, concluy\u00f3.<\/p>\n<p style=\"text-align: justify;\"><strong><u>SernamEG Atacama querellante en estos casos<\/u><\/strong><\/p>\n<p style=\"text-align: justify;\">Actuando como querellante y representando a las familias de Sussy Moltalv\u00e1n, Marina Cabrera y de la menor a\u00fan desaparecida de iniciales C.A.G, el Servicio Nacional de la Mujer y la Equidad de G\u00e9nero (SernamEG) de Atacama particip\u00f3 activamente en el juicio contra del imputado Hugo Past\u00e9n Espinoza, el que se inici\u00f3 el pasado 23 de mayo.<\/p>\n<p style=\"text-align: justify;\">Gracias al patrocinio entregado por las familias de las tres mujeres, fue posible que SernamEG Atacama pudiera participar de esta instancia judicial, dando a conocer y relevando la aversi\u00f3n, desprecio y odio del imputado hacia las mujeres, lo que lo llev\u00f3 a cometer estos homicidios por motivos de g\u00e9nero.<\/p>\n<p style=\"text-align: justify;\">Hugo Past\u00e9n Espinoza ser\u00e1 condenado en calidad de autor de homicidio calificado de Sussy Moltalv\u00e1n y Marina Cabrera. En el caso de la menor C.A.G, su condena ser\u00e1 por el delito de sustracci\u00f3n de menor con homicidio. Sumado a las agravantes de cometer el delito cumpliendo condena y por motivos de g\u00e9nero.<\/p>\n<p style=\"text-align: justify;\">Tal como confirm\u00f3 la ministra Orellana, a trav\u00e9s del SernamEG Atacama, se ha solicitado que Hugo Past\u00e9n sea condenado a cadena perpetua por los tres casos, pena m\u00e1xima que aplica el sistema de judicial, sin beneficios carcelarios.<\/p>\n<p style=\"text-align: justify;\">El Tribunal Oral de Copiap\u00f3 ha fijado una nueva audiencia para el domingo 7 de agosto a las 16 horas, con el fin de dar a conocer las penas que ser\u00e1n aplicadas contra Past\u00e9n Espinoza.<\/p>\n<p style=\"text-align: justify;\">Estos lamentables hechos ocurridos en el 2019 y que hoy son sancionados por la justicia como homicidios, desde el 2020 son considerados femicidios consumados no \u00edntimos, gracias a la promulgaci\u00f3n de la <strong>Ley Gabriela<\/strong> impulsada por el Ministerio de la Mujer y la Equidad de G\u00e9nero.<\/p>\n<p style=\"text-align: justify;\">La menor C.A.G. contin\u00faa desaparecida a pesar de los m\u00e1s de 3 a\u00f1os b\u00fasqueda, en las cuales han participado Carabineros, PDI, Rescate Atacama, Bomberos, adem\u00e1s de m\u00faltiples organizaciones de la sociedad civil. Este \u00faltimo a\u00f1o las b\u00fasquedas estuvieron a cargo de LABOCAR de Carabineros, donde el SernamEG ha estado a disposici\u00f3n para las coordinaciones de estas acciones.<\/p>\n<\/div><\/section><\/div><div  style='height:50px' class='hr hr-invisible   avia-builder-el-6  el_after_av_one_full  el_before_av_social_share '><span class='hr-inner ' ><span class='hr-inner-style'><\/span><\/span><\/div><\/p>\n<div  class='av-social-sharing-box  avia-builder-el-7  el_after_av_hr  el_before_av_hr  '><div class='av-share-box'><h5 class='av-share-link-description av-no-toc '>Compartir esta noticia<\/h5><ul class='av-share-box-list noLightbox'><li class='av-share-link av-social-link-facebook' ><a target=\"_blank\" aria-label=\"Compartir en Facebook\" href='https:\/\/www.facebook.com\/sharer.php?u=https:\/\/radiorevelacionfm.cl\/?p=19207&#038;t=Ministra%20Orellana%3A%20%E2%80%9CPediremos%20triple%20cadena%20perpetua%20para%20Hugo%20Past%C3%A9n%20y%20esperamos%20que%20la%20justicia%20obre%20en%20consecuencia%E2%80%9D' aria-hidden='false' data-av_icon='\ue8f3' data-av_iconfont='entypo-fontello' title='' data-avia-related-tooltip='Compartir en Facebook' rel=\"noopener\"><span class='avia_hidden_link_text'>Compartir en Facebook<\/span><\/a><\/li><li class='av-share-link av-social-link-twitter' ><a target=\"_blank\" aria-label=\"Compartir en Twitter\" href='https:\/\/twitter.com\/share?text=Ministra%20Orellana%3A%20%E2%80%9CPediremos%20triple%20cadena%20perpetua%20para%20Hugo%20Past%C3%A9n%20y%20esperamos%20que%20la%20justicia%20obre%20en%20consecuencia%E2%80%9D&#038;url=https:\/\/radiorevelacionfm.cl\/?p=19207' aria-hidden='false' data-av_icon='\ue8f1' data-av_iconfont='entypo-fontello' title='' data-avia-related-tooltip='Compartir en Twitter' rel=\"noopener\"><span class='avia_hidden_link_text'>Compartir en Twitter<\/span><\/a><\/li><li class='av-share-link av-social-link-whatsapp' ><a target=\"_blank\" aria-label=\"Compartir en Whatsapp\" href='https:\/\/api.whatsapp.com\/send?text=https:\/\/radiorevelacionfm.cl\/?p=19207' aria-hidden='false' data-av_icon='\uf232' data-av_iconfont='entypo-fontello' title='' data-avia-related-tooltip='Compartir en Whatsapp' rel=\"noopener\"><span class='avia_hidden_link_text'>Compartir en Whatsapp<\/span><\/a><\/li><li class='av-share-link av-social-link-linkedin' ><a target=\"_blank\" aria-label=\"Compartir en LinkedIn\" href='https:\/\/linkedin.com\/shareArticle?mini=true&#038;title=Ministra%20Orellana%3A%20%E2%80%9CPediremos%20triple%20cadena%20perpetua%20para%20Hugo%20Past%C3%A9n%20y%20esperamos%20que%20la%20justicia%20obre%20en%20consecuencia%E2%80%9D&#038;url=https:\/\/radiorevelacionfm.cl\/?p=19207' aria-hidden='false' data-av_icon='\ue8fc' data-av_iconfont='entypo-fontello' title='' data-avia-related-tooltip='Compartir en LinkedIn' rel=\"noopener\"><span class='avia_hidden_link_text'>Compartir en LinkedIn<\/span><\/a><\/li><li class='av-share-link av-social-link-mail' ><a  aria-label=\"Compartir por correo\" href='mailto:?subject=Ministra%20Orellana%3A%20%E2%80%9CPediremos%20triple%20cadena%20perpetua%20para%20Hugo%20Past%C3%A9n%20y%20esperamos%20que%20la%20justicia%20obre%20en%20consecuencia%E2%80%9D&#038;body=https:\/\/radiorevelacionfm.cl\/?p=19207' aria-hidden='false' data-av_icon='\ue805' data-av_iconfont='entypo-fontello' title='' data-avia-related-tooltip='Compartir por correo'><span class='avia_hidden_link_text'>Compartir por correo<\/span><\/a><\/li><\/ul><\/div><\/div>\n<div  style='height:50px' class='hr hr-invisible   avia-builder-el-8  el_after_av_social_share  el_before_av_comments_list '><span class='hr-inner ' ><span class='hr-inner-style'><\/span><\/span><\/div>\n<div  class='av-buildercomment  av-blog-meta-html-info-disabled av-blog-meta-tag-disabled  '><\/div>\n","protected":false},"excerpt":{"rendered":"","protected":false},"author":1,"featured_media":19208,"comment_status":"open","ping_status":"open","sticky":false,"template":"","format":"standard","meta":{"footnotes":""},"categories":[61],"tags":[],"class_list":["post-19207","post","type-post","status-publish","format-standard","has-post-thumbnail","hentry","category-nacional"],"jetpack_featured_media_url":"https:\/\/radiorevelacionfm.cl\/wp-content\/uploads\/2022\/07\/MINISTRA-MINMUJERYEG1-1-1.jpg","_links":{"self":[{"href":"https:\/\/radiorevelacionfm.cl\/index.php?rest_route=\/wp\/v2\/posts\/19207","targetHints":{"allow":["GET"]}}],"collection":[{"href":"https:\/\/radiorevelacionfm.cl\/index.php?rest_route=\/wp\/v2\/posts"}],"about":[{"href":"https:\/\/radiorevelacionfm.cl\/index.php?rest_route=\/wp\/v2\/types\/post"}],"author":[{"embeddable":true,"href":"https:\/\/radiorevelacionfm.cl\/index.php?rest_route=\/wp\/v2\/users\/1"}],"replies":[{"embeddable":true,"href":"https:\/\/radiorevelacionfm.cl\/index.php?rest_route=%2Fwp%2Fv2%2Fcomments&post=19207"}],"version-history":[{"count":2,"href":"https:\/\/radiorevelacionfm.cl\/index.php?rest_route=\/wp\/v2\/posts\/19207\/revisions"}],"predecessor-version":[{"id":19290,"href":"https:\/\/radiorevelacionfm.cl\/index.php?rest_route=\/wp\/v2\/posts\/19207\/revisions\/19290"}],"wp:featuredmedia":[{"embeddable":true,"href":"https:\/\/radiorevelacionfm.cl\/index.php?rest_route=\/wp\/v2\/media\/19208"}],"wp:attachment":[{"href":"https:\/\/radiorevelacionfm.cl\/index.php?rest_route=%2Fwp%2Fv2%2Fmedia&parent=19207"}],"wp:term":[{"taxonomy":"category","embeddable":true,"href":"https:\/\/radiorevelacionfm.cl\/index.php?rest_route=%2Fwp%2Fv2%2Fcategories&post=19207"},{"taxonomy":"post_tag","embeddable":true,"href":"https:\/\/radiorevelacionfm.cl\/index.php?rest_route=%2Fwp%2Fv2%2Ftags&post=19207"}],"curies":[{"name":"wp","href":"https:\/\/api.w.org\/{rel}","templated":true}]}}