{"id":19203,"date":"2022-07-14T13:02:19","date_gmt":"2022-07-14T16:02:19","guid":{"rendered":"https:\/\/radiorevelacionfm.cl\/?p=19203"},"modified":"2022-07-14T13:02:19","modified_gmt":"2022-07-14T16:02:19","slug":"diputada-raphael-refuerza-solicitud-de-extension-de-post-natal-sin-letra-chica-ni-acotado","status":"publish","type":"post","link":"https:\/\/radiorevelacionfm.cl\/?p=19203","title":{"rendered":"Diputada Raphael refuerza solicitud de extensi\u00f3n de post natal sin letra chica ni acotado"},"content":{"rendered":"<div class=\"flex_column av_one_full  flex_column_div av-zero-column-padding first  avia-builder-el-0  el_before_av_one_full  avia-builder-el-first  \" style='border-radius:0px; '><div  class='avia-image-container  av-styling-    avia-builder-el-1  avia-builder-el-no-sibling  avia-align-center '  itemprop=\"image\" itemscope=\"itemscope\" itemtype=\"https:\/\/schema.org\/ImageObject\"  ><div class='avia-image-container-inner'><div class='avia-image-overlay-wrap'><img decoding=\"async\" class='wp-image-19205 avia-img-lazy-loading-not-19205 avia_image' src=\"https:\/\/radiorevelacionfm.cl\/wp-content\/uploads\/2022\/07\/postnatal-5_1-1_optimized-1.jpg\" alt='' title='postnatal-5_1-(1)_optimized' height=\"600\" width=\"943\"  itemprop=\"thumbnailUrl\" srcset=\"https:\/\/radiorevelacionfm.cl\/wp-content\/uploads\/2022\/07\/postnatal-5_1-1_optimized-1.jpg 943w, https:\/\/radiorevelacionfm.cl\/wp-content\/uploads\/2022\/07\/postnatal-5_1-1_optimized-1-300x191.jpg 300w, https:\/\/radiorevelacionfm.cl\/wp-content\/uploads\/2022\/07\/postnatal-5_1-1_optimized-1-768x489.jpg 768w, https:\/\/radiorevelacionfm.cl\/wp-content\/uploads\/2022\/07\/postnatal-5_1-1_optimized-1-705x449.jpg 705w, https:\/\/radiorevelacionfm.cl\/wp-content\/uploads\/2022\/07\/postnatal-5_1-1_optimized-1-600x382.jpg 600w\" sizes=\"(max-width: 943px) 100vw, 943px\" \/><\/div><\/div><\/div><\/div><div class=\"flex_column av_one_full  flex_column_div av-zero-column-padding first  avia-builder-el-2  el_after_av_one_full  el_before_av_one_full  column-top-margin\" style='border-radius:0px; '><section class=\"av_textblock_section \"  itemscope=\"itemscope\" itemtype=\"https:\/\/schema.org\/BlogPosting\" itemprop=\"blogPost\" ><div class='avia_textblock  '   itemprop=\"text\" ><p style=\"text-align: center;\"><span style=\"font-size: 18pt;\"><strong>Diputada Raphael refuerza solicitud de extensi\u00f3n de post natal sin letra chica ni acotado<\/strong><\/span><\/p>\n<div id=\"gtx-trans\" style=\"position: absolute; left: -50px; top: 4.31534px;\">\n<div class=\"gtx-trans-icon\"><\/div>\n<\/div>\n<\/div><\/section><\/div><div class=\"flex_column av_one_full  flex_column_div av-zero-column-padding first  avia-builder-el-4  el_after_av_one_full  el_before_av_hr  column-top-margin\" style='border-radius:0px; '><section class=\"av_textblock_section \"  itemscope=\"itemscope\" itemtype=\"https:\/\/schema.org\/BlogPosting\" itemprop=\"blogPost\" ><div class='avia_textblock  '   itemprop=\"text\" ><p style=\"text-align: justify;\">La parlamentaria valor\u00f3 que el Ejecutivo haya considerado lo propuesto por la bancada de mujeres de Renovaci\u00f3n Nacional, en relaci\u00f3n con el proyecto de reforma ingresado para la creaci\u00f3n del post natal de emergencia, no obstante fue considerado como insuficiente por la parlamentaria ya que, se hizo efectivo considerando su vigencia desde fines de junio y no desde el 7 de junio como estaba propuesto por las parlamentarias, teniendo como resultado a madres fuera del beneficio. Cabe recordar que dicho proyecto finaliz\u00f3 en septiembre del a\u00f1o pasado, una vez que acab\u00f3 el Estado de Emergencia en el pa\u00eds producto de la pandemia por Covid-19.<\/p>\n<p style=\"text-align: justify;\">Junto a las Diputadas de la bancada, la Diputada Raphael se refiri\u00f3 a la solicitud de volver a aplicarlo, dado las \u00faltimas cifras de contagio, las m\u00e1s altas en los \u00faltimos meses, adem\u00e1s del alto contagio de ni\u00f1os ante el virus sincicial. Es frente a ello que las parlamentarias han impulsado nuevas medidas que permitan que las madres puedan tener el cuidado de sus hijos por m\u00e1s tiempo, junto con la solicitud de un post natal parental.<\/p>\n<p style=\"text-align: justify;\">En relaci\u00f3n a ello, la legisladora destac\u00f3 \u201choy volvimos a solicitar al gobierno un post natal extendido sin letra chica ya que si bien acogieron nuestra petici\u00f3n esta es bastante acotada. Hay menores que cumplir\u00e1n o ya han cumplido recientemente los 6 meses y por lo tanto, no podr\u00e1n ser parte del beneficio, lo que no es justo frente a la situaci\u00f3n que enfrenta el pa\u00eds ya sea en lo econ\u00f3mico, como en los graves \u00edndices de salud tanto por covid-19 o como enfermedades respiratorias\u201d.<\/p>\n<p style=\"text-align: justify;\">De acuerdo con lo mencionado por la Diputada, tambi\u00e9n se abord\u00f3 la aprobaci\u00f3n del bono extraordinario tras el plan Chile Apoya Invierno del Gobierno del presidente Gabriel Boric, para lo que se\u00f1al\u00f3 \u201cjunto con la disconformidad ante el post natal extendido con letra chica, el bono es insuficiente para la situaci\u00f3n econ\u00f3mica que est\u00e1n viviendo las familias frente al aumento del costo de la vida, donde el valor de la canasta b\u00e1sica ha subido considerablemente, esto adem\u00e1s del aumento sorpresivo del registro social de hogares, que impide a muchas familias optar a los beneficios del Estado, como el bono le\u00f1a que se entrega en la regi\u00f3n de Ays\u00e9n\u201d.<\/p>\n<p style=\"text-align: justify;\">En tal sentido la diputada Raphael coment\u00f3 que el monto de 120 mil pesos se hace insuficiente para las familias, sobre todo de las zonas extremas donde los insumos son a\u00fan m\u00e1s elevados que en el resto del pa\u00eds.<\/p>\n<p style=\"text-align: justify;\">\u201cEs inaceptable que frente a una inflaci\u00f3n desmedida en el pa\u00eds, reci\u00e9n ahora el gobierno est\u00e9 anunciando un apoyo a las familias m\u00e1s vulnerables, y lo hace con un monto que realmente no es suficiente, pues con este monto ni siquiera se compran 2 metros de le\u00f1a en la regi\u00f3n de Ays\u00e9n. Lo que hace que recordemos el bono del ingreso familiar de emergencia que entreg\u00f3 el gobierno anterior, donde el monto variaba dependiendo de la cantidad de integrantes que tenia una familia. Sin duda, a este gobierno a\u00fan le falta mucho por entender la realidad de los chilenos\u201d, asegur\u00f3 la Diputada Raphael.<\/p>\n<\/div><\/section><\/div><div  style='height:50px' class='hr hr-invisible   avia-builder-el-6  el_after_av_one_full  el_before_av_social_share '><span class='hr-inner ' ><span class='hr-inner-style'><\/span><\/span><\/div><\/p>\n<div  class='av-social-sharing-box  avia-builder-el-7  el_after_av_hr  el_before_av_hr  '><div class='av-share-box'><h5 class='av-share-link-description av-no-toc '>Compartir esta noticia<\/h5><ul class='av-share-box-list noLightbox'><li class='av-share-link av-social-link-facebook' ><a target=\"_blank\" aria-label=\"Compartir en Facebook\" href='https:\/\/www.facebook.com\/sharer.php?u=https:\/\/radiorevelacionfm.cl\/?p=19203&#038;t=Diputada%20Raphael%20refuerza%20solicitud%20de%20extensi%C3%B3n%20de%20post%20natal%20sin%20letra%20chica%20ni%20acotado' aria-hidden='false' data-av_icon='\ue8f3' data-av_iconfont='entypo-fontello' title='' data-avia-related-tooltip='Compartir en Facebook' rel=\"noopener\"><span class='avia_hidden_link_text'>Compartir en Facebook<\/span><\/a><\/li><li class='av-share-link av-social-link-twitter' ><a target=\"_blank\" aria-label=\"Compartir en Twitter\" href='https:\/\/twitter.com\/share?text=Diputada%20Raphael%20refuerza%20solicitud%20de%20extensi%C3%B3n%20de%20post%20natal%20sin%20letra%20chica%20ni%20acotado&#038;url=https:\/\/radiorevelacionfm.cl\/?p=19203' aria-hidden='false' data-av_icon='\ue8f1' data-av_iconfont='entypo-fontello' title='' data-avia-related-tooltip='Compartir en Twitter' rel=\"noopener\"><span class='avia_hidden_link_text'>Compartir en Twitter<\/span><\/a><\/li><li class='av-share-link av-social-link-whatsapp' ><a target=\"_blank\" aria-label=\"Compartir en Whatsapp\" href='https:\/\/api.whatsapp.com\/send?text=https:\/\/radiorevelacionfm.cl\/?p=19203' aria-hidden='false' data-av_icon='\uf232' data-av_iconfont='entypo-fontello' title='' data-avia-related-tooltip='Compartir en Whatsapp' rel=\"noopener\"><span class='avia_hidden_link_text'>Compartir en Whatsapp<\/span><\/a><\/li><li class='av-share-link av-social-link-linkedin' ><a target=\"_blank\" aria-label=\"Compartir en LinkedIn\" href='https:\/\/linkedin.com\/shareArticle?mini=true&#038;title=Diputada%20Raphael%20refuerza%20solicitud%20de%20extensi%C3%B3n%20de%20post%20natal%20sin%20letra%20chica%20ni%20acotado&#038;url=https:\/\/radiorevelacionfm.cl\/?p=19203' aria-hidden='false' data-av_icon='\ue8fc' data-av_iconfont='entypo-fontello' title='' data-avia-related-tooltip='Compartir en LinkedIn' rel=\"noopener\"><span class='avia_hidden_link_text'>Compartir en LinkedIn<\/span><\/a><\/li><li class='av-share-link av-social-link-mail' ><a  aria-label=\"Compartir por correo\" href='mailto:?subject=Diputada%20Raphael%20refuerza%20solicitud%20de%20extensi%C3%B3n%20de%20post%20natal%20sin%20letra%20chica%20ni%20acotado&#038;body=https:\/\/radiorevelacionfm.cl\/?p=19203' aria-hidden='false' data-av_icon='\ue805' data-av_iconfont='entypo-fontello' title='' data-avia-related-tooltip='Compartir por correo'><span class='avia_hidden_link_text'>Compartir por correo<\/span><\/a><\/li><\/ul><\/div><\/div>\n<div  style='height:50px' class='hr hr-invisible   avia-builder-el-8  el_after_av_social_share  el_before_av_comments_list '><span class='hr-inner ' ><span class='hr-inner-style'><\/span><\/span><\/div>\n<div  class='av-buildercomment  av-blog-meta-html-info-disabled av-blog-meta-tag-disabled  '><\/div>\n","protected":false},"excerpt":{"rendered":"","protected":false},"author":1,"featured_media":19205,"comment_status":"open","ping_status":"open","sticky":false,"template":"","format":"standard","meta":{"footnotes":""},"categories":[35],"tags":[],"class_list":["post-19203","post","type-post","status-publish","format-standard","has-post-thumbnail","hentry","category-politica"],"jetpack_featured_media_url":"https:\/\/radiorevelacionfm.cl\/wp-content\/uploads\/2022\/07\/postnatal-5_1-1_optimized-1.jpg","_links":{"self":[{"href":"https:\/\/radiorevelacionfm.cl\/index.php?rest_route=\/wp\/v2\/posts\/19203","targetHints":{"allow":["GET"]}}],"collection":[{"href":"https:\/\/radiorevelacionfm.cl\/index.php?rest_route=\/wp\/v2\/posts"}],"about":[{"href":"https:\/\/radiorevelacionfm.cl\/index.php?rest_route=\/wp\/v2\/types\/post"}],"author":[{"embeddable":true,"href":"https:\/\/radiorevelacionfm.cl\/index.php?rest_route=\/wp\/v2\/users\/1"}],"replies":[{"embeddable":true,"href":"https:\/\/radiorevelacionfm.cl\/index.php?rest_route=%2Fwp%2Fv2%2Fcomments&post=19203"}],"version-history":[{"count":2,"href":"https:\/\/radiorevelacionfm.cl\/index.php?rest_route=\/wp\/v2\/posts\/19203\/revisions"}],"predecessor-version":[{"id":19218,"href":"https:\/\/radiorevelacionfm.cl\/index.php?rest_route=\/wp\/v2\/posts\/19203\/revisions\/19218"}],"wp:featuredmedia":[{"embeddable":true,"href":"https:\/\/radiorevelacionfm.cl\/index.php?rest_route=\/wp\/v2\/media\/19205"}],"wp:attachment":[{"href":"https:\/\/radiorevelacionfm.cl\/index.php?rest_route=%2Fwp%2Fv2%2Fmedia&parent=19203"}],"wp:term":[{"taxonomy":"category","embeddable":true,"href":"https:\/\/radiorevelacionfm.cl\/index.php?rest_route=%2Fwp%2Fv2%2Fcategories&post=19203"},{"taxonomy":"post_tag","embeddable":true,"href":"https:\/\/radiorevelacionfm.cl\/index.php?rest_route=%2Fwp%2Fv2%2Ftags&post=19203"}],"curies":[{"name":"wp","href":"https:\/\/api.w.org\/{rel}","templated":true}]}}