{"id":19200,"date":"2022-07-14T10:54:45","date_gmt":"2022-07-14T13:54:45","guid":{"rendered":"https:\/\/radiorevelacionfm.cl\/?p=19200"},"modified":"2022-07-14T10:54:45","modified_gmt":"2022-07-14T13:54:45","slug":"sandoval-respalda-propuesta-que-busca-rebajar-quorum-requerido-para-modificar-la-constitucion","status":"publish","type":"post","link":"https:\/\/radiorevelacionfm.cl\/?p=19200","title":{"rendered":"Sandoval respalda propuesta que busca rebajar qu\u00f3rum requerido para modificar la Constituci\u00f3n"},"content":{"rendered":"<div class=\"flex_column av_one_full  flex_column_div av-zero-column-padding first  avia-builder-el-0  el_before_av_one_full  avia-builder-el-first  \" style='border-radius:0px; '><div  class='avia-image-container  av-styling-    avia-builder-el-1  avia-builder-el-no-sibling  avia-align-center '  itemprop=\"image\" itemscope=\"itemscope\" itemtype=\"https:\/\/schema.org\/ImageObject\"  ><div class='avia-image-container-inner'><div class='avia-image-overlay-wrap'><img decoding=\"async\" class='wp-image-12740 avia-img-lazy-loading-not-12740 avia_image' src=\"https:\/\/radiorevelacionfm.cl\/wp-content\/uploads\/2022\/01\/sandoval.jpg\" alt='' title='sandoval' height=\"600\" width=\"900\"  itemprop=\"thumbnailUrl\" srcset=\"https:\/\/radiorevelacionfm.cl\/wp-content\/uploads\/2022\/01\/sandoval.jpg 900w, https:\/\/radiorevelacionfm.cl\/wp-content\/uploads\/2022\/01\/sandoval-300x200.jpg 300w, https:\/\/radiorevelacionfm.cl\/wp-content\/uploads\/2022\/01\/sandoval-768x512.jpg 768w, https:\/\/radiorevelacionfm.cl\/wp-content\/uploads\/2022\/01\/sandoval-705x470.jpg 705w, https:\/\/radiorevelacionfm.cl\/wp-content\/uploads\/2022\/01\/sandoval-600x400.jpg 600w\" sizes=\"(max-width: 900px) 100vw, 900px\" \/><\/div><\/div><\/div><\/div><div class=\"flex_column av_one_full  flex_column_div av-zero-column-padding first  avia-builder-el-2  el_after_av_one_full  el_before_av_one_full  column-top-margin\" style='border-radius:0px; '><section class=\"av_textblock_section \"  itemscope=\"itemscope\" itemtype=\"https:\/\/schema.org\/BlogPosting\" itemprop=\"blogPost\" ><div class='avia_textblock  '   itemprop=\"text\" ><p style=\"text-align: center;\"><span style=\"font-size: 18pt;\"><strong>Sandoval respalda propuesta que busca rebajar qu\u00f3rum requerido para modificar la Constituci\u00f3n<\/strong><\/span><\/p>\n<div id=\"gtx-trans\" style=\"position: absolute; left: -50px; top: 4.31534px;\">\n<div class=\"gtx-trans-icon\"><\/div>\n<\/div>\n<\/div><\/section><\/div><div class=\"flex_column av_one_full  flex_column_div av-zero-column-padding first  avia-builder-el-4  el_after_av_one_full  el_before_av_hr  column-top-margin\" style='border-radius:0px; '><section class=\"av_textblock_section \"  itemscope=\"itemscope\" itemtype=\"https:\/\/schema.org\/BlogPosting\" itemprop=\"blogPost\" ><div class='avia_textblock  '   itemprop=\"text\" ><p style=\"text-align: justify;\">El senador David Sandoval respald\u00f3 el proyecto de reforma constitucional que busca rebajar y uniformar a 4\/7 el qu\u00f3rum requerido para modificar la Carta Fundamental, iniciativa que comenz\u00f3 su tr\u00e1mite en el Senado esta semana.<\/p>\n<p style=\"text-align: justify;\">Al respecto, Sandoval sostuvo que \u201cparlamentarios del oficialismo han entendido que, m\u00e1s all\u00e1 del proceso que estamos viviendo, tambi\u00e9n hay que tener esa corresponsabilidad frente a esta trascendente decisi\u00f3n que tenemos que tomar\u201d, lamentando que el concepto de casa de todos ya no est\u00e9 en el lenguaje de lo que hoy se est\u00e1 expresando, producto del trabajo de la convenci\u00f3n constitucional. \u201cNo fue la casa de todos, desgraciadamente, y hoy estamos enfrentados nuevamente a una profunda divisi\u00f3n del pa\u00eds, donde hay algunos que buscan un proceso refundacional\u201d, subray\u00f3.<\/p>\n<p style=\"text-align: justify;\">En esa l\u00ednea, el parlamentario reivindic\u00f3 lo que han sido los \u00faltimos 30 a\u00f1os en el pa\u00eds, los que a su juicio, son \u201clos que generaron el cambio que hoy estamos viviendo\u201d, periodo en el que tambi\u00e9n se ha generado una nueva visi\u00f3n. \u201cNo podemos estar ajenos a esa realidad\u201d, se\u00f1al\u00f3, enfatizando en la importancia de la decisi\u00f3n de m\u00e1s del 80% de los chilenos que expresaron querer una nueva constituci\u00f3n. \u201cY nos tenemos que hacer cargo de ese mandato\u201d, recalc\u00f3.<\/p>\n<p style=\"text-align: justify;\">\u201cEl proceso que estamos viviendo hoy en d\u00eda nos obliga a repensar lo que queremos como sociedad y pa\u00eds\u201d, agreg\u00f3, indicando que frente a la incertidumbre que se ha generado, hay que dar algunas certezas. \u201cNuestro pa\u00eds cambi\u00f3, necesitamos dejar de mirar por el retrovisor y mirar por el parabrisas, donde tenemos las verdaderas oportunidades que enfrenta la sociedad\u201d, enfatiz\u00f3.<\/p>\n<p style=\"text-align: justify;\">Por lo mismo, considera que \u201ctenemos que hacernos parte de esa realidad, pero con una constituci\u00f3n que sea realmente la casa de todos\u201d, que una al pa\u00eds en un gran proyecto, valorando \u201clas voces de ex Presidentes y relevantes actores pol\u00edticos quienes piensan en el Chile que queremos construir\u201d.<\/p>\n<\/div><\/section><\/div><div  style='height:50px' class='hr hr-invisible   avia-builder-el-6  el_after_av_one_full  el_before_av_social_share '><span class='hr-inner ' ><span class='hr-inner-style'><\/span><\/span><\/div><\/p>\n<div  class='av-social-sharing-box  avia-builder-el-7  el_after_av_hr  el_before_av_hr  '><div class='av-share-box'><h5 class='av-share-link-description av-no-toc '>Compartir esta noticia<\/h5><ul class='av-share-box-list noLightbox'><li class='av-share-link av-social-link-facebook' ><a target=\"_blank\" aria-label=\"Compartir en Facebook\" href='https:\/\/www.facebook.com\/sharer.php?u=https:\/\/radiorevelacionfm.cl\/?p=19200&#038;t=Sandoval%20respalda%20propuesta%20que%20busca%20rebajar%20qu%C3%B3rum%20requerido%20para%20modificar%20la%20Constituci%C3%B3n' aria-hidden='false' data-av_icon='\ue8f3' data-av_iconfont='entypo-fontello' title='' data-avia-related-tooltip='Compartir en Facebook' rel=\"noopener\"><span class='avia_hidden_link_text'>Compartir en Facebook<\/span><\/a><\/li><li class='av-share-link av-social-link-twitter' ><a target=\"_blank\" aria-label=\"Compartir en Twitter\" href='https:\/\/twitter.com\/share?text=Sandoval%20respalda%20propuesta%20que%20busca%20rebajar%20qu%C3%B3rum%20requerido%20para%20modificar%20la%20Constituci%C3%B3n&#038;url=https:\/\/radiorevelacionfm.cl\/?p=19200' aria-hidden='false' data-av_icon='\ue8f1' data-av_iconfont='entypo-fontello' title='' data-avia-related-tooltip='Compartir en Twitter' rel=\"noopener\"><span class='avia_hidden_link_text'>Compartir en Twitter<\/span><\/a><\/li><li class='av-share-link av-social-link-whatsapp' ><a target=\"_blank\" aria-label=\"Compartir en Whatsapp\" href='https:\/\/api.whatsapp.com\/send?text=https:\/\/radiorevelacionfm.cl\/?p=19200' aria-hidden='false' data-av_icon='\uf232' data-av_iconfont='entypo-fontello' title='' data-avia-related-tooltip='Compartir en Whatsapp' rel=\"noopener\"><span class='avia_hidden_link_text'>Compartir en Whatsapp<\/span><\/a><\/li><li class='av-share-link av-social-link-linkedin' ><a target=\"_blank\" aria-label=\"Compartir en LinkedIn\" href='https:\/\/linkedin.com\/shareArticle?mini=true&#038;title=Sandoval%20respalda%20propuesta%20que%20busca%20rebajar%20qu%C3%B3rum%20requerido%20para%20modificar%20la%20Constituci%C3%B3n&#038;url=https:\/\/radiorevelacionfm.cl\/?p=19200' aria-hidden='false' data-av_icon='\ue8fc' data-av_iconfont='entypo-fontello' title='' data-avia-related-tooltip='Compartir en LinkedIn' rel=\"noopener\"><span class='avia_hidden_link_text'>Compartir en LinkedIn<\/span><\/a><\/li><li class='av-share-link av-social-link-mail' ><a  aria-label=\"Compartir por correo\" href='mailto:?subject=Sandoval%20respalda%20propuesta%20que%20busca%20rebajar%20qu%C3%B3rum%20requerido%20para%20modificar%20la%20Constituci%C3%B3n&#038;body=https:\/\/radiorevelacionfm.cl\/?p=19200' aria-hidden='false' data-av_icon='\ue805' data-av_iconfont='entypo-fontello' title='' data-avia-related-tooltip='Compartir por correo'><span class='avia_hidden_link_text'>Compartir por correo<\/span><\/a><\/li><\/ul><\/div><\/div>\n<div  style='height:50px' class='hr hr-invisible   avia-builder-el-8  el_after_av_social_share  el_before_av_comments_list '><span class='hr-inner ' ><span class='hr-inner-style'><\/span><\/span><\/div>\n<div  class='av-buildercomment  av-blog-meta-html-info-disabled av-blog-meta-tag-disabled  '><\/div>\n","protected":false},"excerpt":{"rendered":"","protected":false},"author":1,"featured_media":12740,"comment_status":"open","ping_status":"open","sticky":false,"template":"","format":"standard","meta":{"footnotes":""},"categories":[35],"tags":[],"class_list":["post-19200","post","type-post","status-publish","format-standard","has-post-thumbnail","hentry","category-politica"],"jetpack_featured_media_url":"https:\/\/radiorevelacionfm.cl\/wp-content\/uploads\/2022\/01\/sandoval.jpg","_links":{"self":[{"href":"https:\/\/radiorevelacionfm.cl\/index.php?rest_route=\/wp\/v2\/posts\/19200","targetHints":{"allow":["GET"]}}],"collection":[{"href":"https:\/\/radiorevelacionfm.cl\/index.php?rest_route=\/wp\/v2\/posts"}],"about":[{"href":"https:\/\/radiorevelacionfm.cl\/index.php?rest_route=\/wp\/v2\/types\/post"}],"author":[{"embeddable":true,"href":"https:\/\/radiorevelacionfm.cl\/index.php?rest_route=\/wp\/v2\/users\/1"}],"replies":[{"embeddable":true,"href":"https:\/\/radiorevelacionfm.cl\/index.php?rest_route=%2Fwp%2Fv2%2Fcomments&post=19200"}],"version-history":[{"count":2,"href":"https:\/\/radiorevelacionfm.cl\/index.php?rest_route=\/wp\/v2\/posts\/19200\/revisions"}],"predecessor-version":[{"id":19215,"href":"https:\/\/radiorevelacionfm.cl\/index.php?rest_route=\/wp\/v2\/posts\/19200\/revisions\/19215"}],"wp:featuredmedia":[{"embeddable":true,"href":"https:\/\/radiorevelacionfm.cl\/index.php?rest_route=\/wp\/v2\/media\/12740"}],"wp:attachment":[{"href":"https:\/\/radiorevelacionfm.cl\/index.php?rest_route=%2Fwp%2Fv2%2Fmedia&parent=19200"}],"wp:term":[{"taxonomy":"category","embeddable":true,"href":"https:\/\/radiorevelacionfm.cl\/index.php?rest_route=%2Fwp%2Fv2%2Fcategories&post=19200"},{"taxonomy":"post_tag","embeddable":true,"href":"https:\/\/radiorevelacionfm.cl\/index.php?rest_route=%2Fwp%2Fv2%2Ftags&post=19200"}],"curies":[{"name":"wp","href":"https:\/\/api.w.org\/{rel}","templated":true}]}}