{"id":19195,"date":"2022-07-13T19:31:52","date_gmt":"2022-07-13T22:31:52","guid":{"rendered":"https:\/\/radiorevelacionfm.cl\/?p=19195"},"modified":"2022-07-13T21:44:45","modified_gmt":"2022-07-14T00:44:45","slug":"una-persona-fallecida-y-otra-desaparecida-deja-accidente-maritimo-cerca-de-melinka","status":"publish","type":"post","link":"https:\/\/radiorevelacionfm.cl\/?p=19195","title":{"rendered":"Una persona fallecida y otra desaparecida deja accidente mar\u00edtimo cerca de Melinka"},"content":{"rendered":"<div class=\"flex_column av_one_full  flex_column_div av-zero-column-padding first  avia-builder-el-0  el_before_av_one_full  avia-builder-el-first  \" style='border-radius:0px; '><div  class='avia-image-container  av-styling-    avia-builder-el-1  avia-builder-el-no-sibling  avia-align-center '  itemprop=\"image\" itemscope=\"itemscope\" itemtype=\"https:\/\/schema.org\/ImageObject\"  ><div class='avia-image-container-inner'><div class='avia-image-overlay-wrap'><img decoding=\"async\" class='wp-image-19196 avia-img-lazy-loading-not-19196 avia_image' src=\"https:\/\/radiorevelacionfm.cl\/wp-content\/uploads\/2022\/07\/armada-1-1.jpeg\" alt='' title='armada (1) (1)' height=\"600\" width=\"742\"  itemprop=\"thumbnailUrl\" srcset=\"https:\/\/radiorevelacionfm.cl\/wp-content\/uploads\/2022\/07\/armada-1-1.jpeg 742w, https:\/\/radiorevelacionfm.cl\/wp-content\/uploads\/2022\/07\/armada-1-1-300x243.jpeg 300w, https:\/\/radiorevelacionfm.cl\/wp-content\/uploads\/2022\/07\/armada-1-1-495x400.jpeg 495w, https:\/\/radiorevelacionfm.cl\/wp-content\/uploads\/2022\/07\/armada-1-1-705x570.jpeg 705w, https:\/\/radiorevelacionfm.cl\/wp-content\/uploads\/2022\/07\/armada-1-1-600x485.jpeg 600w\" sizes=\"(max-width: 742px) 100vw, 742px\" \/><\/div><\/div><\/div><\/div>\n<div class=\"flex_column av_one_full  flex_column_div av-zero-column-padding first  avia-builder-el-2  el_after_av_one_full  el_before_av_one_full  column-top-margin\" style='border-radius:0px; '><section class=\"av_textblock_section \"  itemscope=\"itemscope\" itemtype=\"https:\/\/schema.org\/BlogPosting\" itemprop=\"blogPost\" ><div class='avia_textblock  '   itemprop=\"text\" ><p style=\"text-align: center;\"><strong><span style=\"font-size: 18pt;\">Una persona fallecida y otra desaparecida deja accidente mar\u00edtimo cerca de Melinka <\/span><\/strong><\/p>\n<div id=\"gtx-trans\" style=\"position: absolute; left: -50px; top: 4.31534px;\">\n<div class=\"gtx-trans-icon\"><\/div>\n<\/div>\n<\/div><\/section><\/div>\n<div class=\"flex_column av_one_full  flex_column_div av-zero-column-padding first  avia-builder-el-4  el_after_av_one_full  el_before_av_hr  column-top-margin\" style='border-radius:0px; '><section class=\"av_textblock_section \"  itemscope=\"itemscope\" itemtype=\"https:\/\/schema.org\/BlogPosting\" itemprop=\"blogPost\" ><div class='avia_textblock  '   itemprop=\"text\" ><p style=\"text-align: justify;\">La madrugada de hoy &#8211; mi\u00e9rcoles 13 de julio &#8211; se perdi\u00f3 contacto con la embarcaci\u00f3n \u00abL\/M Basti\u00e1n\u00bb CA 2461\u00a0 matricula de Chonchi, Isla de Chilo\u00e9, seg\u00fan los primeros antecedentes indican que \u00e9sta se encontraba en el sector de \u00abIslas del Barranco\u00bb, en las cercan\u00edas Melinka.<\/p>\n<p style=\"text-align: justify;\">A eso de las 10.10 horas, la Capitan\u00eda de Melinka, recibi\u00f3 un llamado dando cuenta que se hab\u00eda perdido total contacto con la embarcaci\u00f3n.<\/p>\n<p style=\"text-align: justify;\">Otro de los antecedentes que se maneja es que la nave habr\u00eda salido sin zarpe, con dos tripulantes a bordo, cuya embarcaci\u00f3n presentaba problemas en el motor.<\/p>\n<p style=\"text-align: justify;\">Por ello, la Capitan\u00eda de Puerto de Melinka, coordin\u00f3 el zarpe de la LSR- 4420 para ir en su b\u00fasqueda, pasadas las horas encontraron en el lugar una balsa salvavidas, pero sin ocupantes en su interior, con el pasar de los minutos fue encontrada una persona fallecida en las inmediaciones, y una segunda persona se encuentra desaparecida.<\/p>\n<p style=\"text-align: justify;\">En tanto, la Autoridad Mar\u00edtima contin\u00faa el trabajo de b\u00fasqueda del segundo tripulante, operativo que se ha visto dificultado por las malas condiciones clim\u00e1ticas imperantes en la zona.<\/p>\n<p style=\"text-align: justify;\">Respecto del tripulante fallecido y por orden del Fiscal de turno, Sr. Jos\u00e9 Palomino, se orden\u00f3 el traslado del cuerpo sin vida a Puerto Cisnes, para realizar las pericias necesarias para lograr identificar a la persona por parte de la Brigada de Homicidios de la Polic\u00eda de Investigaciones y su posterior traslado al Servicio M\u00e9dico Legal.<\/p>\n<\/div><\/section><\/div><div  style='height:50px' class='hr hr-invisible   avia-builder-el-6  el_after_av_one_full  el_before_av_social_share '><span class='hr-inner ' ><span class='hr-inner-style'><\/span><\/span><\/div><\/p>\n<div  class='av-social-sharing-box  avia-builder-el-7  el_after_av_hr  el_before_av_hr  '><div class='av-share-box'><h5 class='av-share-link-description av-no-toc '>Compartir esta noticia<\/h5><ul class='av-share-box-list noLightbox'><li class='av-share-link av-social-link-facebook' ><a target=\"_blank\" aria-label=\"Compartir en Facebook\" href='https:\/\/www.facebook.com\/sharer.php?u=https:\/\/radiorevelacionfm.cl\/?p=19195&#038;t=Una%20persona%20fallecida%20y%20otra%20desaparecida%20deja%20accidente%20mar%C3%ADtimo%20cerca%20de%20Melinka' aria-hidden='false' data-av_icon='\ue8f3' data-av_iconfont='entypo-fontello' title='' data-avia-related-tooltip='Compartir en Facebook' rel=\"noopener\"><span class='avia_hidden_link_text'>Compartir en Facebook<\/span><\/a><\/li><li class='av-share-link av-social-link-twitter' ><a target=\"_blank\" aria-label=\"Compartir en Twitter\" href='https:\/\/twitter.com\/share?text=Una%20persona%20fallecida%20y%20otra%20desaparecida%20deja%20accidente%20mar%C3%ADtimo%20cerca%20de%20Melinka&#038;url=https:\/\/radiorevelacionfm.cl\/?p=19195' aria-hidden='false' data-av_icon='\ue8f1' data-av_iconfont='entypo-fontello' title='' data-avia-related-tooltip='Compartir en Twitter' rel=\"noopener\"><span class='avia_hidden_link_text'>Compartir en Twitter<\/span><\/a><\/li><li class='av-share-link av-social-link-whatsapp' ><a target=\"_blank\" aria-label=\"Compartir en Whatsapp\" href='https:\/\/api.whatsapp.com\/send?text=https:\/\/radiorevelacionfm.cl\/?p=19195' aria-hidden='false' data-av_icon='\uf232' data-av_iconfont='entypo-fontello' title='' data-avia-related-tooltip='Compartir en Whatsapp' rel=\"noopener\"><span class='avia_hidden_link_text'>Compartir en Whatsapp<\/span><\/a><\/li><li class='av-share-link av-social-link-linkedin' ><a target=\"_blank\" aria-label=\"Compartir en LinkedIn\" href='https:\/\/linkedin.com\/shareArticle?mini=true&#038;title=Una%20persona%20fallecida%20y%20otra%20desaparecida%20deja%20accidente%20mar%C3%ADtimo%20cerca%20de%20Melinka&#038;url=https:\/\/radiorevelacionfm.cl\/?p=19195' aria-hidden='false' data-av_icon='\ue8fc' data-av_iconfont='entypo-fontello' title='' data-avia-related-tooltip='Compartir en LinkedIn' rel=\"noopener\"><span class='avia_hidden_link_text'>Compartir en LinkedIn<\/span><\/a><\/li><li class='av-share-link av-social-link-mail' ><a  aria-label=\"Compartir por correo\" href='mailto:?subject=Una%20persona%20fallecida%20y%20otra%20desaparecida%20deja%20accidente%20mar%C3%ADtimo%20cerca%20de%20Melinka&#038;body=https:\/\/radiorevelacionfm.cl\/?p=19195' aria-hidden='false' data-av_icon='\ue805' data-av_iconfont='entypo-fontello' title='' data-avia-related-tooltip='Compartir por correo'><span class='avia_hidden_link_text'>Compartir por correo<\/span><\/a><\/li><\/ul><\/div><\/div>\n<div  style='height:50px' class='hr hr-invisible   avia-builder-el-8  el_after_av_social_share  el_before_av_comments_list '><span class='hr-inner ' ><span class='hr-inner-style'><\/span><\/span><\/div>\n<div  class='av-buildercomment  av-blog-meta-html-info-disabled av-blog-meta-tag-disabled  '><\/div>\n","protected":false},"excerpt":{"rendered":"","protected":false},"author":1,"featured_media":19196,"comment_status":"open","ping_status":"open","sticky":false,"template":"","format":"standard","meta":{"footnotes":""},"categories":[36],"tags":[],"class_list":["post-19195","post","type-post","status-publish","format-standard","has-post-thumbnail","hentry","category-policial"],"jetpack_featured_media_url":"https:\/\/radiorevelacionfm.cl\/wp-content\/uploads\/2022\/07\/armada-1-1.jpeg","_links":{"self":[{"href":"https:\/\/radiorevelacionfm.cl\/index.php?rest_route=\/wp\/v2\/posts\/19195","targetHints":{"allow":["GET"]}}],"collection":[{"href":"https:\/\/radiorevelacionfm.cl\/index.php?rest_route=\/wp\/v2\/posts"}],"about":[{"href":"https:\/\/radiorevelacionfm.cl\/index.php?rest_route=\/wp\/v2\/types\/post"}],"author":[{"embeddable":true,"href":"https:\/\/radiorevelacionfm.cl\/index.php?rest_route=\/wp\/v2\/users\/1"}],"replies":[{"embeddable":true,"href":"https:\/\/radiorevelacionfm.cl\/index.php?rest_route=%2Fwp%2Fv2%2Fcomments&post=19195"}],"version-history":[{"count":3,"href":"https:\/\/radiorevelacionfm.cl\/index.php?rest_route=\/wp\/v2\/posts\/19195\/revisions"}],"predecessor-version":[{"id":19210,"href":"https:\/\/radiorevelacionfm.cl\/index.php?rest_route=\/wp\/v2\/posts\/19195\/revisions\/19210"}],"wp:featuredmedia":[{"embeddable":true,"href":"https:\/\/radiorevelacionfm.cl\/index.php?rest_route=\/wp\/v2\/media\/19196"}],"wp:attachment":[{"href":"https:\/\/radiorevelacionfm.cl\/index.php?rest_route=%2Fwp%2Fv2%2Fmedia&parent=19195"}],"wp:term":[{"taxonomy":"category","embeddable":true,"href":"https:\/\/radiorevelacionfm.cl\/index.php?rest_route=%2Fwp%2Fv2%2Fcategories&post=19195"},{"taxonomy":"post_tag","embeddable":true,"href":"https:\/\/radiorevelacionfm.cl\/index.php?rest_route=%2Fwp%2Fv2%2Ftags&post=19195"}],"curies":[{"name":"wp","href":"https:\/\/api.w.org\/{rel}","templated":true}]}}