{"id":19190,"date":"2022-07-15T10:15:34","date_gmt":"2022-07-15T13:15:34","guid":{"rendered":"https:\/\/radiorevelacionfm.cl\/?p=19190"},"modified":"2022-07-15T10:15:34","modified_gmt":"2022-07-15T13:15:34","slug":"convocatoria-abierta-para-concurso-de-mejoramiento-de-especialidades-en-liceos-tecnico-profesionales-de-la-region-de-aysen","status":"publish","type":"post","link":"https:\/\/radiorevelacionfm.cl\/?p=19190","title":{"rendered":"Convocatoria abierta para concurso de mejoramiento de especialidades en liceos t\u00e9cnico-profesionales de la Regi\u00f3n de Ays\u00e9n"},"content":{"rendered":"<div class=\"flex_column av_one_full  flex_column_div av-zero-column-padding first  avia-builder-el-0  el_before_av_one_full  avia-builder-el-first  \" style='border-radius:0px; '><div  class='avia-image-container  av-styling-    avia-builder-el-1  avia-builder-el-no-sibling  avia-align-center '  itemprop=\"image\" itemscope=\"itemscope\" itemtype=\"https:\/\/schema.org\/ImageObject\"  ><div class='avia-image-container-inner'><div class='avia-image-overlay-wrap'><img decoding=\"async\" class='wp-image-16710 avia-img-lazy-loading-not-16710 avia_image' src=\"https:\/\/radiorevelacionfm.cl\/wp-content\/uploads\/2022\/05\/seremi-Isabel-Garrido-2-1-1.jpeg\" alt='' title='seremi Isabel Garrido (2) (1) (1)' height=\"600\" width=\"800\"  itemprop=\"thumbnailUrl\" srcset=\"https:\/\/radiorevelacionfm.cl\/wp-content\/uploads\/2022\/05\/seremi-Isabel-Garrido-2-1-1.jpeg 800w, https:\/\/radiorevelacionfm.cl\/wp-content\/uploads\/2022\/05\/seremi-Isabel-Garrido-2-1-1-300x225.jpeg 300w, https:\/\/radiorevelacionfm.cl\/wp-content\/uploads\/2022\/05\/seremi-Isabel-Garrido-2-1-1-768x576.jpeg 768w, https:\/\/radiorevelacionfm.cl\/wp-content\/uploads\/2022\/05\/seremi-Isabel-Garrido-2-1-1-705x529.jpeg 705w, https:\/\/radiorevelacionfm.cl\/wp-content\/uploads\/2022\/05\/seremi-Isabel-Garrido-2-1-1-600x450.jpeg 600w\" sizes=\"(max-width: 800px) 100vw, 800px\" \/><\/div><\/div><\/div><\/div><div class=\"flex_column av_one_full  flex_column_div av-zero-column-padding first  avia-builder-el-2  el_after_av_one_full  el_before_av_one_full  column-top-margin\" style='border-radius:0px; '><section class=\"av_textblock_section \"  itemscope=\"itemscope\" itemtype=\"https:\/\/schema.org\/BlogPosting\" itemprop=\"blogPost\" ><div class='avia_textblock  '   itemprop=\"text\" ><p style=\"text-align: center;\"><span style=\"font-size: 18pt;\"><b>Convocatoria abierta para concurso de mejoramiento de especialidades en liceos t\u00e9cnico-profesionales de la Regi\u00f3n de Ays\u00e9n<\/b><\/span><\/p>\n<div id=\"gtx-trans\" style=\"position: absolute; left: -50px; top: 4.31534px;\">\n<div class=\"gtx-trans-icon\"><\/div>\n<\/div>\n<\/div><\/section><\/div><div class=\"flex_column av_one_full  flex_column_div av-zero-column-padding first  avia-builder-el-4  el_after_av_one_full  el_before_av_hr  column-top-margin\" style='border-radius:0px; '><section class=\"av_textblock_section \"  itemscope=\"itemscope\" itemtype=\"https:\/\/schema.org\/BlogPosting\" itemprop=\"blogPost\" ><div class='avia_textblock  '   itemprop=\"text\" ><p style=\"text-align: justify;\">Con el fin de que los liceos municipales y particulares subvencionados a lo largo de Chile accedan a adquisici\u00f3n de equipamiento o mejoramiento de instalaciones en especialidades como telecomunicaciones, electricidad, mec\u00e1nica, gastronom\u00eda, entre otras, es que el Ministerio de Educaci\u00f3n abri\u00f3 la convocatoria del concurso \u00abEquipamiento para Establecimientos de Educaci\u00f3n Media T\u00e9cnico Profesional\u00bb, aumentando en esta versi\u00f3n 2022 el monto m\u00e1ximo al que pueden postular los establecimientos (que llega hasta $120 millones para aquellos de mayor matr\u00edcula), en relaci\u00f3n a los aumentos en los costos de la tecnolog\u00eda y el transporte que se han producido durante la actual pandemia. Adem\u00e1s, paralelamente se incorpor\u00f3 la posibilidad de que hasta un 30% de los recursos pueda ser usado en equipos que no se mencionen expl\u00edcitamente en la regulaci\u00f3n vigente, de modo que los liceos t\u00e9cnico-profesionales puedan adecuar las postulaciones a sus propias necesidades pedag\u00f3gicas.<\/p>\n<p style=\"text-align: justify;\">La Seremi de Educaci\u00f3n de nuestra Regi\u00f3n de Ays\u00e9n, Isabel Garrido Casassa, se\u00f1al\u00f3 al respecto que \u00abel programa de Gobierno de nuestro Presidente Gabriel Boric propone en materia educacional que transitemos hacia una educaci\u00f3n t\u00e9cnico profesional para un desarrollo sostenible, que ponga en el centro el perfeccionamiento integral de los talentos y tambi\u00e9n de la vocaci\u00f3n de las y los j\u00f3venes estudiantes. Es por esto que, a trav\u00e9s de estos fondos, los liceos t\u00e9cnicos podr\u00edan financiar iniciativas que potencien esta especializaci\u00f3n, y por eso tambi\u00e9n hacemos un especial llamado a los equipos directivos y de gesti\u00f3n a aprovechar esta oportunidad y postular a este concurso\u00bb.<\/p>\n<p style=\"text-align: justify;\">Por otra parte, el Coordinador de Educaci\u00f3n Media del Departamento Regional de Educaci\u00f3n de la SECREDUC, Ra\u00fal Mart\u00ednez Ampuero, destac\u00f3 que este a\u00f1o son 7 los liceos que tienen la posibilidad de participar de esta convocatoria de mejora sustancial de equipos y sus espacios para los estudiantes de las distintas localidades de la Regi\u00f3n de Ays\u00e9n \u00ablos establecimientos que realmente tienen todas las posibilidades de presentar proyectos son por ejemplo el Liceo Josefina Aguirre Montenegro, el Liceo T\u00e9cnico Profesional Profesor Ricardo Navarrete Barr\u00eda, el Liceo Bicentenario Agr\u00edcola e Industrial de la Patagonia, el Liceo T\u00e9cnico Profesional Juan Pablo II y el IPA o Instituto Popular de Ays\u00e9n (de adultos), todos de la comuna de Coyhaique, adem\u00e1s del Liceo Polit\u00e9cnico A-1 y Liceo Ma\u00f1ihuales de la comuna de Ays\u00e9n, el Liceo Bicentenario Rural de Cerro Castillo de Puerto Ingeniero Ib\u00e1\u00f1ez, y el Liceo Luisa Rabanal Palma de Chile Chico. Todos estos liceos son establecimientos que cumplen los requisitos para postular a estos recursos, que van en un rango de $12 millones hasta $120 millones, lo que depende de su matr\u00edcula; pueden postular con una especialidad y la matr\u00edcula de ella es la que se tomar\u00e1 en cuenta para efecto de la entrega de los recursos financieros\u00bb. Actualmente destacamos que en la regi\u00f3n tenemos 3 liceos t\u00e9cnicos profesionales con proyectos vigentes de estas caracter\u00edsticas, de los concursos de las versiones 2020 y 2021 respectivamente.<\/p>\n<p style=\"text-align: justify;\">Las postulaciones deben ser entregadas de forma f\u00edsica en la oficina de partes de nuestra Secretar\u00eda Regional Ministerial, ubicadas en calle Francisco Bilbao 540 (primer piso) Coyhaique,\u00a0<b>hasta las 13 horas del jueves 28 de julio del presente a\u00f1o 2022<\/b>.<\/p>\n<p style=\"text-align: justify;\">Los establecimientos de Educaci\u00f3n Media T\u00e9cnico Profesional interesados en concursar pueden revisar las bases y detalles de postulaci\u00f3n en:\u00a0<span lang=\"ES-CL\"><a title=\"Direcci\u00f3n URL original: https:\/\/tecnicoprofesional.mineduc.cl\/concursos%20\/. Haga clic o pulse si conf\u00eda en este v\u00ednculo.\" href=\"https:\/\/nam02.safelinks.protection.outlook.com\/?url=https%3A%2F%2Ftecnicoprofesional.mineduc.cl%2Fconcursos%2520%2F&amp;data=05%7C01%7Cliliana.munoz%40mineduc.cl%7C582acefac72e479f6af908da64db9167%7C2e4cfe500580414093874ecde39def60%7C0%7C0%7C637933191442363137%7CUnknown%7CTWFpbGZsb3d8eyJWIjoiMC4wLjAwMDAiLCJQIjoiV2luMzIiLCJBTiI6Ik1haWwiLCJXVCI6Mn0%3D%7C3000%7C%7C%7C&amp;sdata=iNHj34aHDc7IDrSsgbqx58gaN9he20LSZZX3k6%2FCBvw%3D&amp;reserved=0\" target=\"_blank\" rel=\"noopener noreferrer\"><span lang=\"ES\">https:\/\/tecnicoprofesional.mineduc.cl\/concursos \/<\/span><\/a><\/span><\/p>\n<p class=\"v1MsoNormal\" style=\"text-align: justify;\"><span lang=\"ES-CL\">\u00a0<\/span><\/p>\n<\/div><\/section><\/div><div  style='height:50px' class='hr hr-invisible   avia-builder-el-6  el_after_av_one_full  el_before_av_social_share '><span class='hr-inner ' ><span class='hr-inner-style'><\/span><\/span><\/div><\/p>\n<div  class='av-social-sharing-box  avia-builder-el-7  el_after_av_hr  el_before_av_hr  '><div class='av-share-box'><h5 class='av-share-link-description av-no-toc '>Compartir esta noticia<\/h5><ul class='av-share-box-list noLightbox'><li class='av-share-link av-social-link-facebook' ><a target=\"_blank\" aria-label=\"Compartir en Facebook\" href='https:\/\/www.facebook.com\/sharer.php?u=https:\/\/radiorevelacionfm.cl\/?p=19190&#038;t=Convocatoria%20abierta%20para%20concurso%20de%20mejoramiento%20de%20especialidades%20en%20liceos%20t%C3%A9cnico-profesionales%20de%20la%20Regi%C3%B3n%20de%20Ays%C3%A9n' aria-hidden='false' data-av_icon='\ue8f3' data-av_iconfont='entypo-fontello' title='' data-avia-related-tooltip='Compartir en Facebook' rel=\"noopener\"><span class='avia_hidden_link_text'>Compartir en Facebook<\/span><\/a><\/li><li class='av-share-link av-social-link-twitter' ><a target=\"_blank\" aria-label=\"Compartir en Twitter\" href='https:\/\/twitter.com\/share?text=Convocatoria%20abierta%20para%20concurso%20de%20mejoramiento%20de%20especialidades%20en%20liceos%20t%C3%A9cnico-profesionales%20de%20la%20Regi%C3%B3n%20de%20Ays%C3%A9n&#038;url=https:\/\/radiorevelacionfm.cl\/?p=19190' aria-hidden='false' data-av_icon='\ue8f1' data-av_iconfont='entypo-fontello' title='' data-avia-related-tooltip='Compartir en Twitter' rel=\"noopener\"><span class='avia_hidden_link_text'>Compartir en Twitter<\/span><\/a><\/li><li class='av-share-link av-social-link-whatsapp' ><a target=\"_blank\" aria-label=\"Compartir en Whatsapp\" href='https:\/\/api.whatsapp.com\/send?text=https:\/\/radiorevelacionfm.cl\/?p=19190' aria-hidden='false' data-av_icon='\uf232' data-av_iconfont='entypo-fontello' title='' data-avia-related-tooltip='Compartir en Whatsapp' rel=\"noopener\"><span class='avia_hidden_link_text'>Compartir en Whatsapp<\/span><\/a><\/li><li class='av-share-link av-social-link-linkedin' ><a target=\"_blank\" aria-label=\"Compartir en LinkedIn\" href='https:\/\/linkedin.com\/shareArticle?mini=true&#038;title=Convocatoria%20abierta%20para%20concurso%20de%20mejoramiento%20de%20especialidades%20en%20liceos%20t%C3%A9cnico-profesionales%20de%20la%20Regi%C3%B3n%20de%20Ays%C3%A9n&#038;url=https:\/\/radiorevelacionfm.cl\/?p=19190' aria-hidden='false' data-av_icon='\ue8fc' data-av_iconfont='entypo-fontello' title='' data-avia-related-tooltip='Compartir en LinkedIn' rel=\"noopener\"><span class='avia_hidden_link_text'>Compartir en LinkedIn<\/span><\/a><\/li><li class='av-share-link av-social-link-mail' ><a  aria-label=\"Compartir por correo\" href='mailto:?subject=Convocatoria%20abierta%20para%20concurso%20de%20mejoramiento%20de%20especialidades%20en%20liceos%20t%C3%A9cnico-profesionales%20de%20la%20Regi%C3%B3n%20de%20Ays%C3%A9n&#038;body=https:\/\/radiorevelacionfm.cl\/?p=19190' aria-hidden='false' data-av_icon='\ue805' data-av_iconfont='entypo-fontello' title='' data-avia-related-tooltip='Compartir por correo'><span class='avia_hidden_link_text'>Compartir por correo<\/span><\/a><\/li><\/ul><\/div><\/div>\n<div  style='height:50px' class='hr hr-invisible   avia-builder-el-8  el_after_av_social_share  el_before_av_comments_list '><span class='hr-inner ' ><span class='hr-inner-style'><\/span><\/span><\/div>\n<div  class='av-buildercomment  av-blog-meta-html-info-disabled av-blog-meta-tag-disabled  '><\/div>\n","protected":false},"excerpt":{"rendered":"","protected":false},"author":1,"featured_media":16710,"comment_status":"open","ping_status":"open","sticky":false,"template":"","format":"standard","meta":{"footnotes":""},"categories":[49],"tags":[],"class_list":["post-19190","post","type-post","status-publish","format-standard","has-post-thumbnail","hentry","category-educacion"],"jetpack_featured_media_url":"https:\/\/radiorevelacionfm.cl\/wp-content\/uploads\/2022\/05\/seremi-Isabel-Garrido-2-1-1.jpeg","_links":{"self":[{"href":"https:\/\/radiorevelacionfm.cl\/index.php?rest_route=\/wp\/v2\/posts\/19190","targetHints":{"allow":["GET"]}}],"collection":[{"href":"https:\/\/radiorevelacionfm.cl\/index.php?rest_route=\/wp\/v2\/posts"}],"about":[{"href":"https:\/\/radiorevelacionfm.cl\/index.php?rest_route=\/wp\/v2\/types\/post"}],"author":[{"embeddable":true,"href":"https:\/\/radiorevelacionfm.cl\/index.php?rest_route=\/wp\/v2\/users\/1"}],"replies":[{"embeddable":true,"href":"https:\/\/radiorevelacionfm.cl\/index.php?rest_route=%2Fwp%2Fv2%2Fcomments&post=19190"}],"version-history":[{"count":2,"href":"https:\/\/radiorevelacionfm.cl\/index.php?rest_route=\/wp\/v2\/posts\/19190\/revisions"}],"predecessor-version":[{"id":19261,"href":"https:\/\/radiorevelacionfm.cl\/index.php?rest_route=\/wp\/v2\/posts\/19190\/revisions\/19261"}],"wp:featuredmedia":[{"embeddable":true,"href":"https:\/\/radiorevelacionfm.cl\/index.php?rest_route=\/wp\/v2\/media\/16710"}],"wp:attachment":[{"href":"https:\/\/radiorevelacionfm.cl\/index.php?rest_route=%2Fwp%2Fv2%2Fmedia&parent=19190"}],"wp:term":[{"taxonomy":"category","embeddable":true,"href":"https:\/\/radiorevelacionfm.cl\/index.php?rest_route=%2Fwp%2Fv2%2Fcategories&post=19190"},{"taxonomy":"post_tag","embeddable":true,"href":"https:\/\/radiorevelacionfm.cl\/index.php?rest_route=%2Fwp%2Fv2%2Ftags&post=19190"}],"curies":[{"name":"wp","href":"https:\/\/api.w.org\/{rel}","templated":true}]}}