{"id":1919,"date":"2021-01-19T14:29:26","date_gmt":"2021-01-19T17:29:26","guid":{"rendered":"https:\/\/radiorevelacionfm.cl\/?p=1919"},"modified":"2021-01-19T14:29:26","modified_gmt":"2021-01-19T17:29:26","slug":"inician-distribucion-de-vacunas-hacia-la-zona-sur-de-la-region-de-aysen","status":"publish","type":"post","link":"https:\/\/radiorevelacionfm.cl\/?p=1919","title":{"rendered":"Inician distribuci\u00f3n de vacunas hacia la zona sur de la regi\u00f3n de Ays\u00e9n"},"content":{"rendered":"<div class=\"flex_column av_one_full  flex_column_div av-zero-column-padding first  avia-builder-el-0  el_before_av_one_full  avia-builder-el-first  \" style='border-radius:0px; '><div  class='avia-image-container  av-styling-    avia-builder-el-1  avia-builder-el-no-sibling  avia-align-center '  itemprop=\"image\" itemscope=\"itemscope\" itemtype=\"https:\/\/schema.org\/ImageObject\"  ><div class='avia-image-container-inner'><div class='avia-image-overlay-wrap'><img decoding=\"async\" class='wp-image-0 avia-img-lazy-loading-not-0 avia_image' src=\"https:\/\/radiorevelacionfm.cl\/wp-content\/uploads\/2021\/01\/WhatsApp-Image-2021-01-19-at-11.26.27-1.jpeg\" alt='' title=''   itemprop=\"thumbnailUrl\"  \/><\/div><\/div><\/div><\/div><div class=\"flex_column av_one_full  flex_column_div av-zero-column-padding first  avia-builder-el-2  el_after_av_one_full  el_before_av_one_full  column-top-margin\" style='border-radius:0px; '><section class=\"av_textblock_section \"  itemscope=\"itemscope\" itemtype=\"https:\/\/schema.org\/BlogPosting\" itemprop=\"blogPost\" ><div class='avia_textblock  '   itemprop=\"text\" ><p style=\"text-align: center;\"><span style=\"font-size: 18pt;\"><strong>Inician distribuci\u00f3n de vacunas hacia la zona sur de la regi\u00f3n de Ays\u00e9n<\/strong><\/span><\/p>\n<div id=\"gtx-trans\" style=\"position: absolute; left: -50px; top: 4.31534px;\">\n<div class=\"gtx-trans-icon\"><\/div>\n<\/div>\n<\/div><\/section><\/div><div class=\"flex_column av_one_full  flex_column_div av-zero-column-padding first  avia-builder-el-4  el_after_av_one_full  el_before_av_hr  column-top-margin\" style='border-radius:0px; '><section class=\"av_textblock_section \"  itemscope=\"itemscope\" itemtype=\"https:\/\/schema.org\/BlogPosting\" itemprop=\"blogPost\" ><div class='avia_textblock  '   itemprop=\"text\" ><p style=\"text-align: justify;\"><em>A trav\u00e9s del helic\u00f3ptero de Carabineros, las dosis fueron enviadas hacia Chile Chico, Bah\u00eda Murta, Cochrane y Villa O\u00b4Higgins. Ma\u00f1ana se har\u00e1 el mismo procedimiento pero hacia la zona norte.<\/em><\/p>\n<p style=\"text-align: justify;\">Durante la ma\u00f1ana de este martes, y a bordo del helic\u00f3ptero Augusta de Carabineros de Chile, fueron despachadas las vacunas Pfizer hacia las comunas de Chile Chico, Cochrane y Villa O\u00b4Higgins; adem\u00e1s de la localidad de Bah\u00eda Murta, comuna de R\u00edo Ib\u00e1\u00f1ez.<\/p>\n<p style=\"text-align: justify;\">De acuerdo al Intendente (s) V\u00edctor Oyarz\u00fan, las dosis ir\u00e1n \u201ca m\u00e1s de 7 puntos donde este helic\u00f3ptero va estar aterrizando y llevando las vacunas a los distintos consultorios y postas de la regi\u00f3n. Es importante que la comunidad sepa que se ha hecho un tremendo esfuerzo de coordinaci\u00f3n y log\u00edstica entre las distintas instituciones y que va llevar a que m\u00e1s de 2.050 vacunas queden en la regi\u00f3n; este es un tremendo esfuerzo para que el primer frente d combate, nuestros funcionarios de salud, se encuentren inoculados y puedan seguir adelante en esta pandemia\u201d.<\/p>\n<p style=\"text-align: justify;\">Por su parte, el General de la XI Zona de Carabineros, Hugo Zenteno, explic\u00f3 que el helic\u00f3ptero \u201ces todo terreno y que va hacer las operaciones en la regi\u00f3n \u2013tanto en el sector norte como el sur- y el d\u00eda de hoy tenemos la derivaci\u00f3n a\u00e9rea hacia Chile Chico, posteriormente a Murta y Cochrane, donde recargaremos combustible, para continuar con la operaci\u00f3n hasta Vila O\u00b4Higgins para enfrentar lo que es esta pandemia\u201d, se\u00f1al\u00f3.<\/p>\n<p style=\"text-align: justify;\">Desde la PDI, Jorge Vald\u00e9s, Prefecto de la PDI regi\u00f3n de Ays\u00e9n, resalt\u00f3 el rol de sus funcionarios como oficiales controladores de las vacunas, indicando que espera que \u201cesta planificaci\u00f3n quede marcada porque estamos haciendo las cosas bien para la comunidad y estas vacunas sean recepcionadas de buena forma y as\u00ed podamos erradicar esta pandemia con la ayuda de todos los que somos integrantes del Gobierno\u201d.<\/p>\n<p style=\"text-align: justify;\">Precisamente y a fin de asegurar la correcta entrega, desde el Ej\u00e9rcito de Chile se\u00f1alaron en voz del General de la Defensa Nacional de Ays\u00e9n, Luis P\u00e9rez, que el rol de la instituci\u00f3n se ha centrado \u201ccon apoyos de combustible en Cochrane, por parte de un cami\u00f3n del Ej\u00e9rcito que sali\u00f3 ayer, para realizar el suministro de combustible y lo mismo va pasar ma\u00f1ana (mi\u00e9rcoles) en La Junta\u201d, concluy\u00f3.<\/p>\n<\/div><\/section><\/div><div  style='height:50px' class='hr hr-invisible   avia-builder-el-6  el_after_av_one_full  el_before_av_social_share '><span class='hr-inner ' ><span class='hr-inner-style'><\/span><\/span><\/div><\/p>\n<div  class='av-social-sharing-box  avia-builder-el-7  el_after_av_hr  el_before_av_hr  '><div class='av-share-box'><h5 class='av-share-link-description av-no-toc '>Compartir esta noticia<\/h5><ul class='av-share-box-list noLightbox'><li class='av-share-link av-social-link-facebook' ><a target=\"_blank\" aria-label=\"Compartir en Facebook\" href='https:\/\/www.facebook.com\/sharer.php?u=https:\/\/radiorevelacionfm.cl\/?p=1919&#038;t=Inician%20distribuci%C3%B3n%20de%20vacunas%20hacia%20la%20zona%20sur%20de%20la%20regi%C3%B3n%20de%20Ays%C3%A9n' aria-hidden='false' data-av_icon='\ue8f3' data-av_iconfont='entypo-fontello' title='' data-avia-related-tooltip='Compartir en Facebook' rel=\"noopener\"><span class='avia_hidden_link_text'>Compartir en Facebook<\/span><\/a><\/li><li class='av-share-link av-social-link-twitter' ><a target=\"_blank\" aria-label=\"Compartir en Twitter\" href='https:\/\/twitter.com\/share?text=Inician%20distribuci%C3%B3n%20de%20vacunas%20hacia%20la%20zona%20sur%20de%20la%20regi%C3%B3n%20de%20Ays%C3%A9n&#038;url=https:\/\/radiorevelacionfm.cl\/?p=1919' aria-hidden='false' data-av_icon='\ue8f1' data-av_iconfont='entypo-fontello' title='' data-avia-related-tooltip='Compartir en Twitter' rel=\"noopener\"><span class='avia_hidden_link_text'>Compartir en Twitter<\/span><\/a><\/li><li class='av-share-link av-social-link-whatsapp' ><a target=\"_blank\" aria-label=\"Compartir en Whatsapp\" href='https:\/\/api.whatsapp.com\/send?text=https:\/\/radiorevelacionfm.cl\/?p=1919' aria-hidden='false' data-av_icon='\uf232' data-av_iconfont='entypo-fontello' title='' data-avia-related-tooltip='Compartir en Whatsapp' rel=\"noopener\"><span class='avia_hidden_link_text'>Compartir en Whatsapp<\/span><\/a><\/li><li class='av-share-link av-social-link-linkedin' ><a target=\"_blank\" aria-label=\"Compartir en LinkedIn\" href='https:\/\/linkedin.com\/shareArticle?mini=true&#038;title=Inician%20distribuci%C3%B3n%20de%20vacunas%20hacia%20la%20zona%20sur%20de%20la%20regi%C3%B3n%20de%20Ays%C3%A9n&#038;url=https:\/\/radiorevelacionfm.cl\/?p=1919' aria-hidden='false' data-av_icon='\ue8fc' data-av_iconfont='entypo-fontello' title='' data-avia-related-tooltip='Compartir en LinkedIn' rel=\"noopener\"><span class='avia_hidden_link_text'>Compartir en LinkedIn<\/span><\/a><\/li><li class='av-share-link av-social-link-mail' ><a  aria-label=\"Compartir por correo\" href='mailto:?subject=Inician%20distribuci%C3%B3n%20de%20vacunas%20hacia%20la%20zona%20sur%20de%20la%20regi%C3%B3n%20de%20Ays%C3%A9n&#038;body=https:\/\/radiorevelacionfm.cl\/?p=1919' aria-hidden='false' data-av_icon='\ue805' data-av_iconfont='entypo-fontello' title='' data-avia-related-tooltip='Compartir por correo'><span class='avia_hidden_link_text'>Compartir por correo<\/span><\/a><\/li><\/ul><\/div><\/div>\n<div  style='height:50px' class='hr hr-invisible   avia-builder-el-8  el_after_av_social_share  el_before_av_comments_list '><span class='hr-inner ' ><span class='hr-inner-style'><\/span><\/span><\/div>\n<div  class='av-buildercomment  av-blog-meta-html-info-disabled av-blog-meta-tag-disabled  '><\/div>\n","protected":false},"excerpt":{"rendered":"","protected":false},"author":1,"featured_media":0,"comment_status":"open","ping_status":"open","sticky":false,"template":"","format":"standard","meta":{"footnotes":""},"categories":[46],"tags":[],"class_list":["post-1919","post","type-post","status-publish","format-standard","hentry","category-salud"],"jetpack_featured_media_url":"","_links":{"self":[{"href":"https:\/\/radiorevelacionfm.cl\/index.php?rest_route=\/wp\/v2\/posts\/1919","targetHints":{"allow":["GET"]}}],"collection":[{"href":"https:\/\/radiorevelacionfm.cl\/index.php?rest_route=\/wp\/v2\/posts"}],"about":[{"href":"https:\/\/radiorevelacionfm.cl\/index.php?rest_route=\/wp\/v2\/types\/post"}],"author":[{"embeddable":true,"href":"https:\/\/radiorevelacionfm.cl\/index.php?rest_route=\/wp\/v2\/users\/1"}],"replies":[{"embeddable":true,"href":"https:\/\/radiorevelacionfm.cl\/index.php?rest_route=%2Fwp%2Fv2%2Fcomments&post=1919"}],"version-history":[{"count":1,"href":"https:\/\/radiorevelacionfm.cl\/index.php?rest_route=\/wp\/v2\/posts\/1919\/revisions"}],"predecessor-version":[{"id":1921,"href":"https:\/\/radiorevelacionfm.cl\/index.php?rest_route=\/wp\/v2\/posts\/1919\/revisions\/1921"}],"wp:attachment":[{"href":"https:\/\/radiorevelacionfm.cl\/index.php?rest_route=%2Fwp%2Fv2%2Fmedia&parent=1919"}],"wp:term":[{"taxonomy":"category","embeddable":true,"href":"https:\/\/radiorevelacionfm.cl\/index.php?rest_route=%2Fwp%2Fv2%2Fcategories&post=1919"},{"taxonomy":"post_tag","embeddable":true,"href":"https:\/\/radiorevelacionfm.cl\/index.php?rest_route=%2Fwp%2Fv2%2Ftags&post=1919"}],"curies":[{"name":"wp","href":"https:\/\/api.w.org\/{rel}","templated":true}]}}