{"id":19181,"date":"2022-07-14T11:03:32","date_gmt":"2022-07-14T14:03:32","guid":{"rendered":"https:\/\/radiorevelacionfm.cl\/?p=19181"},"modified":"2022-07-14T11:03:32","modified_gmt":"2022-07-14T14:03:32","slug":"delegado-araya-aborda-con-ministro-de-transporte-y-subsecretario-mop-conectividad-de-chile-chico","status":"publish","type":"post","link":"https:\/\/radiorevelacionfm.cl\/?p=19181","title":{"rendered":"Delegado Araya aborda con Ministro de Transporte y Subsecretario MOP conectividad de Chile Chico"},"content":{"rendered":"<div class=\"flex_column av_one_full  flex_column_div av-zero-column-padding first  avia-builder-el-0  el_before_av_one_full  avia-builder-el-first  \" style='border-radius:0px; '><div  class='avia-image-container  av-styling-    avia-builder-el-1  avia-builder-el-no-sibling  avia-align-center '  itemprop=\"image\" itemscope=\"itemscope\" itemtype=\"https:\/\/schema.org\/ImageObject\"  ><div class='avia-image-container-inner'><div class='avia-image-overlay-wrap'><img decoding=\"async\" class='wp-image-19182 avia-img-lazy-loading-not-19182 avia_image' src=\"https:\/\/radiorevelacionfm.cl\/wp-content\/uploads\/2022\/07\/Rodrigo-Araya-y-subsecretario-MOP-1-1.jpeg\" alt='' title='Rodrigo Araya y subsecretario MOP (1) (1)' height=\"600\" width=\"1011\"  itemprop=\"thumbnailUrl\" srcset=\"https:\/\/radiorevelacionfm.cl\/wp-content\/uploads\/2022\/07\/Rodrigo-Araya-y-subsecretario-MOP-1-1.jpeg 1011w, https:\/\/radiorevelacionfm.cl\/wp-content\/uploads\/2022\/07\/Rodrigo-Araya-y-subsecretario-MOP-1-1-300x178.jpeg 300w, https:\/\/radiorevelacionfm.cl\/wp-content\/uploads\/2022\/07\/Rodrigo-Araya-y-subsecretario-MOP-1-1-768x456.jpeg 768w, https:\/\/radiorevelacionfm.cl\/wp-content\/uploads\/2022\/07\/Rodrigo-Araya-y-subsecretario-MOP-1-1-705x418.jpeg 705w, https:\/\/radiorevelacionfm.cl\/wp-content\/uploads\/2022\/07\/Rodrigo-Araya-y-subsecretario-MOP-1-1-600x356.jpeg 600w\" sizes=\"(max-width: 1011px) 100vw, 1011px\" \/><\/div><\/div><\/div><\/div><div class=\"flex_column av_one_full  flex_column_div av-zero-column-padding first  avia-builder-el-2  el_after_av_one_full  el_before_av_one_full  column-top-margin\" style='border-radius:0px; '><section class=\"av_textblock_section \"  itemscope=\"itemscope\" itemtype=\"https:\/\/schema.org\/BlogPosting\" itemprop=\"blogPost\" ><div class='avia_textblock  '   itemprop=\"text\" ><p style=\"text-align: center;\"><strong><span style=\"font-size: 18pt;\">Delegado Araya aborda con Ministro de Transporte y Subsecretario MOP conectividad de Chile Chico<\/span><\/strong><\/p>\n<div id=\"gtx-trans\" style=\"position: absolute; left: -50px; top: 4.31534px;\">\n<div class=\"gtx-trans-icon\"><\/div>\n<\/div>\n<\/div><\/section><\/div><div class=\"flex_column av_one_full  flex_column_div av-zero-column-padding first  avia-builder-el-4  el_after_av_one_full  el_before_av_hr  column-top-margin\" style='border-radius:0px; '><section class=\"av_textblock_section \"  itemscope=\"itemscope\" itemtype=\"https:\/\/schema.org\/BlogPosting\" itemprop=\"blogPost\" ><div class='avia_textblock  '   itemprop=\"text\" ><p style=\"font-weight: 400; text-align: justify;\">Con el Ministro de Transportes y Telecomunicaciones, Juan Carlos Mu\u00f1oz, y el subsecretario de Obras P\u00fablicas, Jos\u00e9 Andr\u00e9s Herrera, se reuni\u00f3 este martes en Santiago el Delegado Presidencial Regional, Rodrigo Araya Morales, en el marco de las gestiones para atender la conectividad de Chile Chico, en la provincia General Carrera.<\/p>\n<p style=\"font-weight: 400; text-align: justify;\">El Ministro Juan Carlos Mu\u00f1oz indic\u00f3 que la coordinaci\u00f3n institucional es fundamental para una adecuada implementaci\u00f3n de las medidas de conectividad de corto, mediano y largo plazo.<\/p>\n<p style=\"font-weight: 400; text-align: justify;\">\u201cEste es un tema de la mayor importancia, estamos enfrentando circunstancias complicadas en el lago, que exige de toda nuestra premura, coordinaci\u00f3n del Ministerio de Transporte y Telecomunicaciones, Ministerio de Obras P\u00fablicas y el Delegado Presidencial puede ayudar mucho a que esta labor sea lo m\u00e1s coordinada posible. Estamos avanzando en ofrecer, lo m\u00e1s r\u00e1pido posible, soluciones a un problema de conectividad que ten\u00edamos vislumbrado, tanto por el lado de poder ofrecer mejores servicios de transporte a\u00e9reo, m\u00e1s \u00e1giles servicios de transporte terrestre y aumentar la capacidad de transportar personas con la nave Chelenco, evaluando la posibilidad de transportar un bus dentro del servicio y de esa manera aumentar la capacidad\u201d, indic\u00f3.<\/p>\n<p style=\"font-weight: 400; text-align: justify;\">El subsecretario Jos\u00e9 Andr\u00e9s Herrera manifest\u00f3 todo el respaldo del MOP para que las acciones se desarrollen del modo m\u00e1s expedito posible en beneficio de la comunidad local y regional.<\/p>\n<p style=\"font-weight: 400; text-align: justify;\">\u201cEn particular, lo que estamos trabajando hoy d\u00eda, es lo relativo a la barcaza Tehuelche. Estamos abordando los temas de cort\u00edsimo plazo, pero tambi\u00e9n abriendo una conversaci\u00f3n de mediano y largo plazo, que tiene que ver con una profunda y genuina comunicaci\u00f3n con la comunidad, con los territorios y con los actores locales. caracter\u00edstica de este gobierno, que tiene que ver con una profunda con la comunidad, con los territorios, con los actores locales\u201d, enfatiz\u00f3.<\/p>\n<p style=\"font-weight: 400; text-align: justify;\">El Delegado Presidencial, Rodrigo Araya Morales, enfatiz\u00f3 que el trabajo estrecho a nivel nacional y regional es fundamental para atender de manera efectiva la conectividad.<\/p>\n<p style=\"font-weight: 400; text-align: justify;\">\u201cEl tema de conectividad, en particular, en el Lago General Carrera y las soluciones que se est\u00e1n implementando, donde est\u00e1 todo el respaldo del Ministerio para hacerlo lo antes posible. Tambi\u00e9n, conversamos del desarrollo a largo plazo y el desaf\u00edo que tenemos es potenciar un sistema de conectividad m\u00e1s moderno y m\u00e1s amplio, por lo cual vamos a seguir trabajando y pronto tendremos novedades con respecto a la visita del subsecretario a nuestra regi\u00f3n\u201d, concluy\u00f3.<\/p>\n<p style=\"font-weight: 400; text-align: justify;\">Las autoridades concordaron una agenda de trabajo conjunta con participaci\u00f3n de las autoridades nacionales y regionales pertinentes, para la conectividad a\u00e9rea, terrestre y lacustre necesarias para la comunidad.<\/p>\n<\/div><\/section><\/div><div  style='height:50px' class='hr hr-invisible   avia-builder-el-6  el_after_av_one_full  el_before_av_social_share '><span class='hr-inner ' ><span class='hr-inner-style'><\/span><\/span><\/div><\/p>\n<div  class='av-social-sharing-box  avia-builder-el-7  el_after_av_hr  el_before_av_hr  '><div class='av-share-box'><h5 class='av-share-link-description av-no-toc '>Compartir esta noticia<\/h5><ul class='av-share-box-list noLightbox'><li class='av-share-link av-social-link-facebook' ><a target=\"_blank\" aria-label=\"Compartir en Facebook\" href='https:\/\/www.facebook.com\/sharer.php?u=https:\/\/radiorevelacionfm.cl\/?p=19181&#038;t=Delegado%20Araya%20aborda%20con%20Ministro%20de%20Transporte%20y%20Subsecretario%20MOP%20conectividad%20de%20Chile%20Chico' aria-hidden='false' data-av_icon='\ue8f3' data-av_iconfont='entypo-fontello' title='' data-avia-related-tooltip='Compartir en Facebook' rel=\"noopener\"><span class='avia_hidden_link_text'>Compartir en Facebook<\/span><\/a><\/li><li class='av-share-link av-social-link-twitter' ><a target=\"_blank\" aria-label=\"Compartir en Twitter\" href='https:\/\/twitter.com\/share?text=Delegado%20Araya%20aborda%20con%20Ministro%20de%20Transporte%20y%20Subsecretario%20MOP%20conectividad%20de%20Chile%20Chico&#038;url=https:\/\/radiorevelacionfm.cl\/?p=19181' aria-hidden='false' data-av_icon='\ue8f1' data-av_iconfont='entypo-fontello' title='' data-avia-related-tooltip='Compartir en Twitter' rel=\"noopener\"><span class='avia_hidden_link_text'>Compartir en Twitter<\/span><\/a><\/li><li class='av-share-link av-social-link-whatsapp' ><a target=\"_blank\" aria-label=\"Compartir en Whatsapp\" href='https:\/\/api.whatsapp.com\/send?text=https:\/\/radiorevelacionfm.cl\/?p=19181' aria-hidden='false' data-av_icon='\uf232' data-av_iconfont='entypo-fontello' title='' data-avia-related-tooltip='Compartir en Whatsapp' rel=\"noopener\"><span class='avia_hidden_link_text'>Compartir en Whatsapp<\/span><\/a><\/li><li class='av-share-link av-social-link-linkedin' ><a target=\"_blank\" aria-label=\"Compartir en LinkedIn\" href='https:\/\/linkedin.com\/shareArticle?mini=true&#038;title=Delegado%20Araya%20aborda%20con%20Ministro%20de%20Transporte%20y%20Subsecretario%20MOP%20conectividad%20de%20Chile%20Chico&#038;url=https:\/\/radiorevelacionfm.cl\/?p=19181' aria-hidden='false' data-av_icon='\ue8fc' data-av_iconfont='entypo-fontello' title='' data-avia-related-tooltip='Compartir en LinkedIn' rel=\"noopener\"><span class='avia_hidden_link_text'>Compartir en LinkedIn<\/span><\/a><\/li><li class='av-share-link av-social-link-mail' ><a  aria-label=\"Compartir por correo\" href='mailto:?subject=Delegado%20Araya%20aborda%20con%20Ministro%20de%20Transporte%20y%20Subsecretario%20MOP%20conectividad%20de%20Chile%20Chico&#038;body=https:\/\/radiorevelacionfm.cl\/?p=19181' aria-hidden='false' data-av_icon='\ue805' data-av_iconfont='entypo-fontello' title='' data-avia-related-tooltip='Compartir por correo'><span class='avia_hidden_link_text'>Compartir por correo<\/span><\/a><\/li><\/ul><\/div><\/div>\n<div  style='height:50px' class='hr hr-invisible   avia-builder-el-8  el_after_av_social_share  el_before_av_comments_list '><span class='hr-inner ' ><span class='hr-inner-style'><\/span><\/span><\/div>\n<div  class='av-buildercomment  av-blog-meta-html-info-disabled av-blog-meta-tag-disabled  '><\/div>\n","protected":false},"excerpt":{"rendered":"","protected":false},"author":1,"featured_media":19182,"comment_status":"open","ping_status":"open","sticky":false,"template":"","format":"standard","meta":{"footnotes":""},"categories":[38],"tags":[],"class_list":["post-19181","post","type-post","status-publish","format-standard","has-post-thumbnail","hentry","category-regional"],"jetpack_featured_media_url":"https:\/\/radiorevelacionfm.cl\/wp-content\/uploads\/2022\/07\/Rodrigo-Araya-y-subsecretario-MOP-1-1.jpeg","_links":{"self":[{"href":"https:\/\/radiorevelacionfm.cl\/index.php?rest_route=\/wp\/v2\/posts\/19181","targetHints":{"allow":["GET"]}}],"collection":[{"href":"https:\/\/radiorevelacionfm.cl\/index.php?rest_route=\/wp\/v2\/posts"}],"about":[{"href":"https:\/\/radiorevelacionfm.cl\/index.php?rest_route=\/wp\/v2\/types\/post"}],"author":[{"embeddable":true,"href":"https:\/\/radiorevelacionfm.cl\/index.php?rest_route=\/wp\/v2\/users\/1"}],"replies":[{"embeddable":true,"href":"https:\/\/radiorevelacionfm.cl\/index.php?rest_route=%2Fwp%2Fv2%2Fcomments&post=19181"}],"version-history":[{"count":2,"href":"https:\/\/radiorevelacionfm.cl\/index.php?rest_route=\/wp\/v2\/posts\/19181\/revisions"}],"predecessor-version":[{"id":19216,"href":"https:\/\/radiorevelacionfm.cl\/index.php?rest_route=\/wp\/v2\/posts\/19181\/revisions\/19216"}],"wp:featuredmedia":[{"embeddable":true,"href":"https:\/\/radiorevelacionfm.cl\/index.php?rest_route=\/wp\/v2\/media\/19182"}],"wp:attachment":[{"href":"https:\/\/radiorevelacionfm.cl\/index.php?rest_route=%2Fwp%2Fv2%2Fmedia&parent=19181"}],"wp:term":[{"taxonomy":"category","embeddable":true,"href":"https:\/\/radiorevelacionfm.cl\/index.php?rest_route=%2Fwp%2Fv2%2Fcategories&post=19181"},{"taxonomy":"post_tag","embeddable":true,"href":"https:\/\/radiorevelacionfm.cl\/index.php?rest_route=%2Fwp%2Fv2%2Ftags&post=19181"}],"curies":[{"name":"wp","href":"https:\/\/api.w.org\/{rel}","templated":true}]}}