{"id":19179,"date":"2022-07-13T21:49:18","date_gmt":"2022-07-14T00:49:18","guid":{"rendered":"https:\/\/radiorevelacionfm.cl\/?p=19179"},"modified":"2022-07-13T21:49:18","modified_gmt":"2022-07-14T00:49:18","slug":"lanzan-programa-de-apoyo-a-la-reactivacion-para-pymes-turisticas-de-aysen","status":"publish","type":"post","link":"https:\/\/radiorevelacionfm.cl\/?p=19179","title":{"rendered":"Lanzan Programa de Apoyo a la Reactivaci\u00f3n para pymes tur\u00edsticas de Ays\u00e9n"},"content":{"rendered":"<div class=\"flex_column av_one_full  flex_column_div av-zero-column-padding first  avia-builder-el-0  el_before_av_one_full  avia-builder-el-first  \" style='border-radius:0px; '><div  class='avia-image-container  av-styling-    avia-builder-el-1  avia-builder-el-no-sibling  avia-align-center '  itemprop=\"image\" itemscope=\"itemscope\" itemtype=\"https:\/\/schema.org\/ImageObject\"  ><div class='avia-image-container-inner'><div class='avia-image-overlay-wrap'><img decoding=\"async\" class='wp-image-14893 avia-img-lazy-loading-not-14893 avia_image' src=\"https:\/\/radiorevelacionfm.cl\/wp-content\/uploads\/2022\/03\/pexels-spencer-gurley-films-1497582-1_optimized.jpg\" alt='' title='pexels-spencer-gurley-films-1497582-(1)_optimized' height=\"600\" width=\"899\"  itemprop=\"thumbnailUrl\" srcset=\"https:\/\/radiorevelacionfm.cl\/wp-content\/uploads\/2022\/03\/pexels-spencer-gurley-films-1497582-1_optimized.jpg 899w, https:\/\/radiorevelacionfm.cl\/wp-content\/uploads\/2022\/03\/pexels-spencer-gurley-films-1497582-1_optimized-300x200.jpg 300w, https:\/\/radiorevelacionfm.cl\/wp-content\/uploads\/2022\/03\/pexels-spencer-gurley-films-1497582-1_optimized-768x513.jpg 768w, https:\/\/radiorevelacionfm.cl\/wp-content\/uploads\/2022\/03\/pexels-spencer-gurley-films-1497582-1_optimized-705x471.jpg 705w, https:\/\/radiorevelacionfm.cl\/wp-content\/uploads\/2022\/03\/pexels-spencer-gurley-films-1497582-1_optimized-600x400.jpg 600w\" sizes=\"(max-width: 899px) 100vw, 899px\" \/><\/div><\/div><\/div><\/div>\n<div class=\"flex_column av_one_full  flex_column_div av-zero-column-padding first  avia-builder-el-2  el_after_av_one_full  el_before_av_one_full  column-top-margin\" style='border-radius:0px; '><section class=\"av_textblock_section \"  itemscope=\"itemscope\" itemtype=\"https:\/\/schema.org\/BlogPosting\" itemprop=\"blogPost\" ><div class='avia_textblock  '   itemprop=\"text\" ><p style=\"text-align: center;\"><strong><span style=\"font-size: 18pt;\"> Lanzan Programa de Apoyo a la Reactivaci\u00f3n para pymes tur\u00edsticas de Ays\u00e9n<\/span><\/strong><\/p>\n<div id=\"gtx-trans\" style=\"position: absolute; left: -50px; top: 4.31534px;\">\n<div class=\"gtx-trans-icon\"><\/div>\n<\/div>\n<\/div><\/section><\/div>\n<div class=\"flex_column av_one_full  flex_column_div av-zero-column-padding first  avia-builder-el-4  el_after_av_one_full  el_before_av_hr  column-top-margin\" style='border-radius:0px; '><section class=\"av_textblock_section \"  itemscope=\"itemscope\" itemtype=\"https:\/\/schema.org\/BlogPosting\" itemprop=\"blogPost\" ><div class='avia_textblock  '   itemprop=\"text\" ><p class=\"v1MsoNormal\" style=\"text-align: justify;\">En el marco del Plan de Recuperaci\u00f3n Inclusiva \u00abChile Apoya\u00bb, el Ministerio de Econom\u00eda y Corfo, a trav\u00e9s de su Programa PAR Chile Apoya Turismo 2022, inici\u00f3 el despliegue de recursos destinados a la recuperaci\u00f3n productiva de las micro, peque\u00f1as y medianas empresas de la regi\u00f3n, el cual permitir\u00e1 costear capacitaciones, planes de negocios, consultor\u00edas, asistencia t\u00e9cnica, capital de trabajo y\/o proyectos de inversi\u00f3n.<\/p>\n<p class=\"v1MsoNormal\" style=\"text-align: justify;\">El Programa PAR Chile Apoya Turismo 2022\u00a0financiar\u00e1 el 100% del proyecto vinculado al sector turismo, con un tope de 4 millones de pesos, para aquellas empresas que\u00a0acrediten ventas entre UF 600 y UF 100.000.<\/p>\n<p class=\"v1MsoNormal\" style=\"text-align: justify;\">Fernando Johnson Dur\u00e1n, director (s) de Corfo Ays\u00e9n indic\u00f3 que \u00absabemos que el turismo es uno de los sectores productivos que se han visto m\u00e1s afectado en estos \u00faltimos a\u00f1os. Por ello a trav\u00e9s de este programa PAR queremos aportar a la reactivaci\u00f3n econ\u00f3mica financiando capacitaciones, planes de negocios, consultor\u00edas, asistencia t\u00e9cnica, capital de trabajo o un nuevo proyecto de inversi\u00f3n\u00bb.<\/p>\n<p class=\"v1MsoNormal\" style=\"text-align: justify;\">Aquellas micro, peque\u00f1as y medianas empresas de la regi\u00f3n que postulen al PAR Chile Apoya Turismo 2022, deben contar con inicio actividades ante el Servicio de Impuestos Internos (SII), tributando en Primera Categor\u00eda y con al menos un a\u00f1o de antig\u00fcedad, previo al inicio de esta convocatoria.<\/p>\n<p class=\"v1MsoNormal\" style=\"text-align: justify;\">Por su parte, la Seremi de Econom\u00eda, Fomento y Turismo, Rosa Machac\u00e1n, hizo un llamado a postular a esta iniciativa, \u00abComo parte del programa de recuperaci\u00f3n econ\u00f3mica inclusiva, Chile Apoya. Queremos invitarlos a revisar el nuevo programa de Corfo PAR Chile Apoya Turismo d\u00f3nde est\u00e1 enfocado a apoyar a micro, peque\u00f1as y medianas empresas del sector turismo. Los invitamos a revisar las bases a trav\u00e9s de la p\u00e1gina web y poder postular\u00bb.<\/p>\n<p class=\"v1MsoNormal\" style=\"text-align: justify;\">Las postulaciones al Programa PAR Chile Apoya Turismo 2022 de la Regi\u00f3n de Ays\u00e9n ya se encuentran disponibles en el sitio web\u00a0<a href=\"http:\/\/www.corfo.cl\/\" target=\"_blank\" rel=\"noopener noreferrer\">www.corfo.cl<\/a>\u00a0o directamente a trav\u00e9s de\u00a0<a href=\"https:\/\/cutt.ly\/aLEgDol\" target=\"_blank\" rel=\"noopener noreferrer\">https:\/\/cutt.ly\/aLEgDol<\/a>\u00a0. El plazo de postulaci\u00f3n ser\u00e1 hasta el 12 de agosto de 2022 o bien, hasta que se adjudiquen el total de los recursos disponibles para esta convocatoria.<\/p>\n<div style=\"text-align: justify;\"><\/div>\n<\/div><\/section><\/div><div  style='height:50px' class='hr hr-invisible   avia-builder-el-6  el_after_av_one_full  el_before_av_social_share '><span class='hr-inner ' ><span class='hr-inner-style'><\/span><\/span><\/div><\/p>\n<div  class='av-social-sharing-box  avia-builder-el-7  el_after_av_hr  el_before_av_hr  '><div class='av-share-box'><h5 class='av-share-link-description av-no-toc '>Compartir esta noticia<\/h5><ul class='av-share-box-list noLightbox'><li class='av-share-link av-social-link-facebook' ><a target=\"_blank\" aria-label=\"Compartir en Facebook\" href='https:\/\/www.facebook.com\/sharer.php?u=https:\/\/radiorevelacionfm.cl\/?p=19179&#038;t=Lanzan%20Programa%20de%20Apoyo%20a%20la%20Reactivaci%C3%B3n%20para%20pymes%20tur%C3%ADsticas%20de%20Ays%C3%A9n' aria-hidden='false' data-av_icon='\ue8f3' data-av_iconfont='entypo-fontello' title='' data-avia-related-tooltip='Compartir en Facebook' rel=\"noopener\"><span class='avia_hidden_link_text'>Compartir en Facebook<\/span><\/a><\/li><li class='av-share-link av-social-link-twitter' ><a target=\"_blank\" aria-label=\"Compartir en Twitter\" href='https:\/\/twitter.com\/share?text=Lanzan%20Programa%20de%20Apoyo%20a%20la%20Reactivaci%C3%B3n%20para%20pymes%20tur%C3%ADsticas%20de%20Ays%C3%A9n&#038;url=https:\/\/radiorevelacionfm.cl\/?p=19179' aria-hidden='false' data-av_icon='\ue8f1' data-av_iconfont='entypo-fontello' title='' data-avia-related-tooltip='Compartir en Twitter' rel=\"noopener\"><span class='avia_hidden_link_text'>Compartir en Twitter<\/span><\/a><\/li><li class='av-share-link av-social-link-whatsapp' ><a target=\"_blank\" aria-label=\"Compartir en Whatsapp\" href='https:\/\/api.whatsapp.com\/send?text=https:\/\/radiorevelacionfm.cl\/?p=19179' aria-hidden='false' data-av_icon='\uf232' data-av_iconfont='entypo-fontello' title='' data-avia-related-tooltip='Compartir en Whatsapp' rel=\"noopener\"><span class='avia_hidden_link_text'>Compartir en Whatsapp<\/span><\/a><\/li><li class='av-share-link av-social-link-linkedin' ><a target=\"_blank\" aria-label=\"Compartir en LinkedIn\" href='https:\/\/linkedin.com\/shareArticle?mini=true&#038;title=Lanzan%20Programa%20de%20Apoyo%20a%20la%20Reactivaci%C3%B3n%20para%20pymes%20tur%C3%ADsticas%20de%20Ays%C3%A9n&#038;url=https:\/\/radiorevelacionfm.cl\/?p=19179' aria-hidden='false' data-av_icon='\ue8fc' data-av_iconfont='entypo-fontello' title='' data-avia-related-tooltip='Compartir en LinkedIn' rel=\"noopener\"><span class='avia_hidden_link_text'>Compartir en LinkedIn<\/span><\/a><\/li><li class='av-share-link av-social-link-mail' ><a  aria-label=\"Compartir por correo\" href='mailto:?subject=Lanzan%20Programa%20de%20Apoyo%20a%20la%20Reactivaci%C3%B3n%20para%20pymes%20tur%C3%ADsticas%20de%20Ays%C3%A9n&#038;body=https:\/\/radiorevelacionfm.cl\/?p=19179' aria-hidden='false' data-av_icon='\ue805' data-av_iconfont='entypo-fontello' title='' data-avia-related-tooltip='Compartir por correo'><span class='avia_hidden_link_text'>Compartir por correo<\/span><\/a><\/li><\/ul><\/div><\/div>\n<div  style='height:50px' class='hr hr-invisible   avia-builder-el-8  el_after_av_social_share  el_before_av_comments_list '><span class='hr-inner ' ><span class='hr-inner-style'><\/span><\/span><\/div>\n<div  class='av-buildercomment  av-blog-meta-html-info-disabled av-blog-meta-tag-disabled  '><\/div>\n","protected":false},"excerpt":{"rendered":"","protected":false},"author":1,"featured_media":14893,"comment_status":"open","ping_status":"open","sticky":false,"template":"","format":"standard","meta":{"footnotes":""},"categories":[54],"tags":[],"class_list":["post-19179","post","type-post","status-publish","format-standard","has-post-thumbnail","hentry","category-turismo"],"jetpack_featured_media_url":"https:\/\/radiorevelacionfm.cl\/wp-content\/uploads\/2022\/03\/pexels-spencer-gurley-films-1497582-1_optimized.jpg","_links":{"self":[{"href":"https:\/\/radiorevelacionfm.cl\/index.php?rest_route=\/wp\/v2\/posts\/19179","targetHints":{"allow":["GET"]}}],"collection":[{"href":"https:\/\/radiorevelacionfm.cl\/index.php?rest_route=\/wp\/v2\/posts"}],"about":[{"href":"https:\/\/radiorevelacionfm.cl\/index.php?rest_route=\/wp\/v2\/types\/post"}],"author":[{"embeddable":true,"href":"https:\/\/radiorevelacionfm.cl\/index.php?rest_route=\/wp\/v2\/users\/1"}],"replies":[{"embeddable":true,"href":"https:\/\/radiorevelacionfm.cl\/index.php?rest_route=%2Fwp%2Fv2%2Fcomments&post=19179"}],"version-history":[{"count":3,"href":"https:\/\/radiorevelacionfm.cl\/index.php?rest_route=\/wp\/v2\/posts\/19179\/revisions"}],"predecessor-version":[{"id":19212,"href":"https:\/\/radiorevelacionfm.cl\/index.php?rest_route=\/wp\/v2\/posts\/19179\/revisions\/19212"}],"wp:featuredmedia":[{"embeddable":true,"href":"https:\/\/radiorevelacionfm.cl\/index.php?rest_route=\/wp\/v2\/media\/14893"}],"wp:attachment":[{"href":"https:\/\/radiorevelacionfm.cl\/index.php?rest_route=%2Fwp%2Fv2%2Fmedia&parent=19179"}],"wp:term":[{"taxonomy":"category","embeddable":true,"href":"https:\/\/radiorevelacionfm.cl\/index.php?rest_route=%2Fwp%2Fv2%2Fcategories&post=19179"},{"taxonomy":"post_tag","embeddable":true,"href":"https:\/\/radiorevelacionfm.cl\/index.php?rest_route=%2Fwp%2Fv2%2Ftags&post=19179"}],"curies":[{"name":"wp","href":"https:\/\/api.w.org\/{rel}","templated":true}]}}