{"id":19177,"date":"2022-07-14T10:45:31","date_gmt":"2022-07-14T13:45:31","guid":{"rendered":"https:\/\/radiorevelacionfm.cl\/?p=19177"},"modified":"2022-07-14T10:45:31","modified_gmt":"2022-07-14T13:45:31","slug":"invitan-a-postular-al-subsidio-de-arriendo-hasta-el-25-de-julio","status":"publish","type":"post","link":"https:\/\/radiorevelacionfm.cl\/?p=19177","title":{"rendered":"Invitan a postular al Subsidio de Arriendo hasta el 25 de Julio"},"content":{"rendered":"<div class=\"flex_column av_one_full  flex_column_div av-zero-column-padding first  avia-builder-el-0  el_before_av_one_full  avia-builder-el-first  \" style='border-radius:0px; '><div  class='avia-image-container  av-styling-    avia-builder-el-1  avia-builder-el-no-sibling  avia-align-center '  itemprop=\"image\" itemscope=\"itemscope\" itemtype=\"https:\/\/schema.org\/ImageObject\"  ><div class='avia-image-container-inner'><div class='avia-image-overlay-wrap'><img decoding=\"async\" class='wp-image-16102 avia-img-lazy-loading-not-16102 avia_image' src=\"https:\/\/radiorevelacionfm.cl\/wp-content\/uploads\/2022\/04\/casas-coyhaique-archivo-2-1_optimized.jpg\" alt='' title='casas-coyhaique-archivo-(2)-(1)_optimized' height=\"600\" width=\"1262\"  itemprop=\"thumbnailUrl\" srcset=\"https:\/\/radiorevelacionfm.cl\/wp-content\/uploads\/2022\/04\/casas-coyhaique-archivo-2-1_optimized.jpg 1262w, https:\/\/radiorevelacionfm.cl\/wp-content\/uploads\/2022\/04\/casas-coyhaique-archivo-2-1_optimized-300x143.jpg 300w, https:\/\/radiorevelacionfm.cl\/wp-content\/uploads\/2022\/04\/casas-coyhaique-archivo-2-1_optimized-1030x490.jpg 1030w, https:\/\/radiorevelacionfm.cl\/wp-content\/uploads\/2022\/04\/casas-coyhaique-archivo-2-1_optimized-768x365.jpg 768w, https:\/\/radiorevelacionfm.cl\/wp-content\/uploads\/2022\/04\/casas-coyhaique-archivo-2-1_optimized-705x335.jpg 705w, https:\/\/radiorevelacionfm.cl\/wp-content\/uploads\/2022\/04\/casas-coyhaique-archivo-2-1_optimized-600x285.jpg 600w\" sizes=\"(max-width: 1262px) 100vw, 1262px\" \/><\/div><\/div><\/div><\/div><div class=\"flex_column av_one_full  flex_column_div av-zero-column-padding first  avia-builder-el-2  el_after_av_one_full  el_before_av_one_full  column-top-margin\" style='border-radius:0px; '><section class=\"av_textblock_section \"  itemscope=\"itemscope\" itemtype=\"https:\/\/schema.org\/BlogPosting\" itemprop=\"blogPost\" ><div class='avia_textblock  '   itemprop=\"text\" ><p style=\"text-align: center;\"><strong><span style=\"font-size: 18pt;\">Invitan a postular al Subsidio de Arriendo hasta el 25 de Julio<\/span><\/strong><\/p>\n<div id=\"gtx-trans\" style=\"position: absolute; left: -50px; top: 4.31534px;\">\n<div class=\"gtx-trans-icon\"><\/div>\n<\/div>\n<\/div><\/section><\/div><div class=\"flex_column av_one_full  flex_column_div av-zero-column-padding first  avia-builder-el-4  el_after_av_one_full  el_before_av_hr  column-top-margin\" style='border-radius:0px; '><section class=\"av_textblock_section \"  itemscope=\"itemscope\" itemtype=\"https:\/\/schema.org\/BlogPosting\" itemprop=\"blogPost\" ><div class='avia_textblock  '   itemprop=\"text\" ><p style=\"text-align: justify;\">Hasta el pr\u00f3ximo lunes 25 de julio se extender\u00e1 el periodo de postulaci\u00f3n al Subsidio de Arriendo, beneficio que entrega el Ministerio de Vivienda y Urbanismo en todo el pa\u00eds y que tiene como finalidad apoyar a las familias con parte del financiamiento que deben destinar mensualmente para el arriendo de una casa.<\/p>\n<p style=\"text-align: justify;\">Quienes obtengan este subsidio, todos los meses deber\u00e1n pagar una parte del valor del arriendo de la vivienda ya que la otra es cancelada con este beneficio, que podr\u00e1 ser utilizado de manera consecutiva o fragmentada en un plazo m\u00e1ximo de ocho a\u00f1os.<\/p>\n<p style=\"text-align: justify;\">Asimismo, este aporte del Estado permite el cambio de vivienda a cualquier regi\u00f3n del pa\u00eds y, a futuro, postular a un subsidio para comprar una vivienda. Las postulaciones se pueden hacer en l\u00ednea\u00a0a trav\u00e9s del sitio web\u00a0www.minvu.cl.\u00a0 Tambi\u00e9n se puede hacer consultas o postular de\u00a0forma presencial, acudiendo a las oficinas del\u00a0Serviu regional.<\/p>\n<p style=\"text-align: justify;\">Las familias beneficiadas reciben un subsidio total de\u00a0170 Unidades de Fomento (UF), monto que equivale a casi 5,4 millones de pesos. Este dinero ser\u00e1\u00a0entregado de manera mensual con un tope de 4,9 UF, aproximadamente<strong>\u00a0<\/strong>159.000 pesos.\u00a0Para poder postular, el valor m\u00e1ximo de la vivienda a arrendar no podr\u00e1 superar las\u00a013 UF; es decir, cerca de 423.000 pesos<\/p>\n<p style=\"text-align: justify;\">Record\u00f3 la Seremi de Vivienda, Paulina Ruz, que desde que se abri\u00f3 el llamado regular 2022 se ha estado haciendo difusi\u00f3n en diferentes plataformas para incentivar la postulaci\u00f3n y aumentar el n\u00famero de seleccionados a nivel regional. \u201cHacemos el llamado una vez m\u00e1s a todos los interesados en el subsidio de arriendo a que se informen y postulen antes del 25 de julio, tal como lo hemos venido reiterando desde que se abri\u00f3 el proceso. Hemos puesto adem\u00e1s informaci\u00f3n en redes sociales e incluso organizamos una jornada de participaci\u00f3n ciudadana informativa respecto de este subsidio, encuentro que cont\u00f3 con una entusiasta participaci\u00f3n de dirigentes de varios comit\u00e9s habitacionales de la capital regional. La idea es que nadie quede fuera por falta de informaci\u00f3n, ya que es una gran ayuda, especialmente considerando la compleja situaci\u00f3n econ\u00f3mica que estamos afrontando en la regi\u00f3n y en el pa\u00eds\u201d, manifest\u00f3.<\/p>\n<p style=\"text-align: justify;\">Entre los principales requisitos para postular al Subsidio de Arriendo destacan: tener m\u00ednimo 18 a\u00f1os, contar con c\u00e9dula de identidad vigente y postular al menos con su c\u00f3nyuge, conviviente civil, conviviente o hijo, con la salvedad de que las personas mayores de 60 a\u00f1os no necesitan postular con n\u00facleo familiar.<\/p>\n<p style=\"text-align: justify;\">Otros requisitos para la postulaci\u00f3n son: estar inscrito en el Registro Social de Hogares (RSH) y no superar el tramo de calificaci\u00f3n socioecon\u00f3mica del 70%; acreditar un ahorro m\u00ednimo de 4 UF en una cuenta de ahorro para la vivienda al momento de postular y contar con un ingreso econ\u00f3mico familiar entre 7 UF y 25 UF (es decir, entre los 222 mil y 793 mil pesos, aproximadamente.<\/p>\n<\/div><\/section><\/div><div  style='height:50px' class='hr hr-invisible   avia-builder-el-6  el_after_av_one_full  el_before_av_social_share '><span class='hr-inner ' ><span class='hr-inner-style'><\/span><\/span><\/div><\/p>\n<div  class='av-social-sharing-box  avia-builder-el-7  el_after_av_hr  el_before_av_hr  '><div class='av-share-box'><h5 class='av-share-link-description av-no-toc '>Compartir esta noticia<\/h5><ul class='av-share-box-list noLightbox'><li class='av-share-link av-social-link-facebook' ><a target=\"_blank\" aria-label=\"Compartir en Facebook\" href='https:\/\/www.facebook.com\/sharer.php?u=https:\/\/radiorevelacionfm.cl\/?p=19177&#038;t=Invitan%20a%20postular%20al%20Subsidio%20de%20Arriendo%20hasta%20el%2025%20de%20Julio' aria-hidden='false' data-av_icon='\ue8f3' data-av_iconfont='entypo-fontello' title='' data-avia-related-tooltip='Compartir en Facebook' rel=\"noopener\"><span class='avia_hidden_link_text'>Compartir en Facebook<\/span><\/a><\/li><li class='av-share-link av-social-link-twitter' ><a target=\"_blank\" aria-label=\"Compartir en Twitter\" href='https:\/\/twitter.com\/share?text=Invitan%20a%20postular%20al%20Subsidio%20de%20Arriendo%20hasta%20el%2025%20de%20Julio&#038;url=https:\/\/radiorevelacionfm.cl\/?p=19177' aria-hidden='false' data-av_icon='\ue8f1' data-av_iconfont='entypo-fontello' title='' data-avia-related-tooltip='Compartir en Twitter' rel=\"noopener\"><span class='avia_hidden_link_text'>Compartir en Twitter<\/span><\/a><\/li><li class='av-share-link av-social-link-whatsapp' ><a target=\"_blank\" aria-label=\"Compartir en Whatsapp\" href='https:\/\/api.whatsapp.com\/send?text=https:\/\/radiorevelacionfm.cl\/?p=19177' aria-hidden='false' data-av_icon='\uf232' data-av_iconfont='entypo-fontello' title='' data-avia-related-tooltip='Compartir en Whatsapp' rel=\"noopener\"><span class='avia_hidden_link_text'>Compartir en Whatsapp<\/span><\/a><\/li><li class='av-share-link av-social-link-linkedin' ><a target=\"_blank\" aria-label=\"Compartir en LinkedIn\" href='https:\/\/linkedin.com\/shareArticle?mini=true&#038;title=Invitan%20a%20postular%20al%20Subsidio%20de%20Arriendo%20hasta%20el%2025%20de%20Julio&#038;url=https:\/\/radiorevelacionfm.cl\/?p=19177' aria-hidden='false' data-av_icon='\ue8fc' data-av_iconfont='entypo-fontello' title='' data-avia-related-tooltip='Compartir en LinkedIn' rel=\"noopener\"><span class='avia_hidden_link_text'>Compartir en LinkedIn<\/span><\/a><\/li><li class='av-share-link av-social-link-mail' ><a  aria-label=\"Compartir por correo\" href='mailto:?subject=Invitan%20a%20postular%20al%20Subsidio%20de%20Arriendo%20hasta%20el%2025%20de%20Julio&#038;body=https:\/\/radiorevelacionfm.cl\/?p=19177' aria-hidden='false' data-av_icon='\ue805' data-av_iconfont='entypo-fontello' title='' data-avia-related-tooltip='Compartir por correo'><span class='avia_hidden_link_text'>Compartir por correo<\/span><\/a><\/li><\/ul><\/div><\/div>\n<div  style='height:50px' class='hr hr-invisible   avia-builder-el-8  el_after_av_social_share  el_before_av_comments_list '><span class='hr-inner ' ><span class='hr-inner-style'><\/span><\/span><\/div>\n<div  class='av-buildercomment  av-blog-meta-html-info-disabled av-blog-meta-tag-disabled  '><\/div>\n","protected":false},"excerpt":{"rendered":"","protected":false},"author":1,"featured_media":16102,"comment_status":"open","ping_status":"open","sticky":false,"template":"","format":"standard","meta":{"footnotes":""},"categories":[57],"tags":[],"class_list":["post-19177","post","type-post","status-publish","format-standard","has-post-thumbnail","hentry","category-vivienda"],"jetpack_featured_media_url":"https:\/\/radiorevelacionfm.cl\/wp-content\/uploads\/2022\/04\/casas-coyhaique-archivo-2-1_optimized.jpg","_links":{"self":[{"href":"https:\/\/radiorevelacionfm.cl\/index.php?rest_route=\/wp\/v2\/posts\/19177","targetHints":{"allow":["GET"]}}],"collection":[{"href":"https:\/\/radiorevelacionfm.cl\/index.php?rest_route=\/wp\/v2\/posts"}],"about":[{"href":"https:\/\/radiorevelacionfm.cl\/index.php?rest_route=\/wp\/v2\/types\/post"}],"author":[{"embeddable":true,"href":"https:\/\/radiorevelacionfm.cl\/index.php?rest_route=\/wp\/v2\/users\/1"}],"replies":[{"embeddable":true,"href":"https:\/\/radiorevelacionfm.cl\/index.php?rest_route=%2Fwp%2Fv2%2Fcomments&post=19177"}],"version-history":[{"count":2,"href":"https:\/\/radiorevelacionfm.cl\/index.php?rest_route=\/wp\/v2\/posts\/19177\/revisions"}],"predecessor-version":[{"id":19214,"href":"https:\/\/radiorevelacionfm.cl\/index.php?rest_route=\/wp\/v2\/posts\/19177\/revisions\/19214"}],"wp:featuredmedia":[{"embeddable":true,"href":"https:\/\/radiorevelacionfm.cl\/index.php?rest_route=\/wp\/v2\/media\/16102"}],"wp:attachment":[{"href":"https:\/\/radiorevelacionfm.cl\/index.php?rest_route=%2Fwp%2Fv2%2Fmedia&parent=19177"}],"wp:term":[{"taxonomy":"category","embeddable":true,"href":"https:\/\/radiorevelacionfm.cl\/index.php?rest_route=%2Fwp%2Fv2%2Fcategories&post=19177"},{"taxonomy":"post_tag","embeddable":true,"href":"https:\/\/radiorevelacionfm.cl\/index.php?rest_route=%2Fwp%2Fv2%2Ftags&post=19177"}],"curies":[{"name":"wp","href":"https:\/\/api.w.org\/{rel}","templated":true}]}}