{"id":19173,"date":"2022-07-14T10:26:33","date_gmt":"2022-07-14T13:26:33","guid":{"rendered":"https:\/\/radiorevelacionfm.cl\/?p=19173"},"modified":"2022-07-14T10:26:33","modified_gmt":"2022-07-14T13:26:33","slug":"con-presencia-de-sindicatos-gremios-y-academia-se-realizo-la-mesa-tecnica-sobre-40-horas-en-la-region-de-aysen","status":"publish","type":"post","link":"https:\/\/radiorevelacionfm.cl\/?p=19173","title":{"rendered":"Con presencia de sindicatos, gremios y academia se realiz\u00f3 la Mesa T\u00e9cnica sobre 40 Horas en la Regi\u00f3n de Ays\u00e9n"},"content":{"rendered":"<div class=\"flex_column av_one_full  flex_column_div av-zero-column-padding first  avia-builder-el-0  el_before_av_one_full  avia-builder-el-first  \" style='border-radius:0px; '><div  class='avia-image-container  av-styling-    avia-builder-el-1  avia-builder-el-no-sibling  avia-align-center '  itemprop=\"image\" itemscope=\"itemscope\" itemtype=\"https:\/\/schema.org\/ImageObject\"  ><div class='avia-image-container-inner'><div class='avia-image-overlay-wrap'><img decoding=\"async\" class='wp-image-19175 avia-img-lazy-loading-not-19175 avia_image' src=\"https:\/\/radiorevelacionfm.cl\/wp-content\/uploads\/2022\/07\/MesaTecnica_40Horas_4-1-1.jpg\" alt='' title='MesaTecnica_40Horas_4 (1) (1)' height=\"600\" width=\"848\"  itemprop=\"thumbnailUrl\" srcset=\"https:\/\/radiorevelacionfm.cl\/wp-content\/uploads\/2022\/07\/MesaTecnica_40Horas_4-1-1.jpg 848w, https:\/\/radiorevelacionfm.cl\/wp-content\/uploads\/2022\/07\/MesaTecnica_40Horas_4-1-1-300x212.jpg 300w, https:\/\/radiorevelacionfm.cl\/wp-content\/uploads\/2022\/07\/MesaTecnica_40Horas_4-1-1-768x543.jpg 768w, https:\/\/radiorevelacionfm.cl\/wp-content\/uploads\/2022\/07\/MesaTecnica_40Horas_4-1-1-260x185.jpg 260w, https:\/\/radiorevelacionfm.cl\/wp-content\/uploads\/2022\/07\/MesaTecnica_40Horas_4-1-1-705x499.jpg 705w, https:\/\/radiorevelacionfm.cl\/wp-content\/uploads\/2022\/07\/MesaTecnica_40Horas_4-1-1-600x425.jpg 600w\" sizes=\"(max-width: 848px) 100vw, 848px\" \/><\/div><\/div><\/div><\/div><div class=\"flex_column av_one_full  flex_column_div av-zero-column-padding first  avia-builder-el-2  el_after_av_one_full  el_before_av_one_full  column-top-margin\" style='border-radius:0px; '><section class=\"av_textblock_section \"  itemscope=\"itemscope\" itemtype=\"https:\/\/schema.org\/BlogPosting\" itemprop=\"blogPost\" ><div class='avia_textblock  '   itemprop=\"text\" ><p style=\"text-align: center;\"><span style=\"font-size: 18pt;\"><b>Con presencia de sindicatos, gremios y academia se realiz\u00f3 la Mesa T\u00e9cnica sobre 40 Horas en la Regi\u00f3n de Ays\u00e9n<\/b><\/span><\/p>\n<div id=\"gtx-trans\" style=\"position: absolute; left: -50px; top: 4.31534px;\">\n<div class=\"gtx-trans-icon\"><\/div>\n<\/div>\n<\/div><\/section><\/div><div class=\"flex_column av_one_full  flex_column_div av-zero-column-padding first  avia-builder-el-4  el_after_av_one_full  el_before_av_hr  column-top-margin\" style='border-radius:0px; '><section class=\"av_textblock_section \"  itemscope=\"itemscope\" itemtype=\"https:\/\/schema.org\/BlogPosting\" itemprop=\"blogPost\" ><div class='avia_textblock  '   itemprop=\"text\" ><p class=\"v1MsoNormal\" style=\"text-align: justify;\">Con una duraci\u00f3n de un poco m\u00e1s de dos horas y con la participaci\u00f3n de sindicatos, gremios y academia se desarroll\u00f3 en la Regi\u00f3n de Ays\u00e9n las audiencias de la Mesa T\u00e9cnica del proyecto de 40 horas, liderada y moderada por el Seremi del Trabajo y Previsi\u00f3n Social, Rodrigo D\u00edaz.<\/p>\n<p class=\"v1MsoNormal\" style=\"text-align: justify;\">La autoridad valor\u00f3 el ambiente de di\u00e1logo en el cual se realiz\u00f3 la instancia y entreg\u00f3 detalles de su prop\u00f3sito, \u00abLa reducci\u00f3n de la jornada laboral a las 40 horas es uno de los compromisos emblem\u00e1ticos del Gobierno del Presidente Gabriel Boric, por eso en la Regi\u00f3n de Ays\u00e9n se realiz\u00f3 la Mesa T\u00e9cnica, que fue una audiencia p\u00fablica donde los distintos actores, empresarios, sindicatos y la academia pudo referirse en cuanto a sus distintas posturas y distintas visiones con respecto a este tema. Quiero destacar el di\u00e1logo que se produjo, el respeto, la tolerancia con que se dio este debate, esta discusi\u00f3n, y tambi\u00e9n destacar que aqu\u00ed el Gobierno fomenta el di\u00e1logo y busca que la visi\u00f3n regional sea recogida, sea plasmada y sea un aporte al futuro documento. Esto no se hace entre cuatro paredes, se hace de cara a la ciudadan\u00eda, en un ambiente de tolerancia, de respeto, que a m\u00ed por lo menos como Seremi del Trabajo y Previsi\u00f3n Social, me deja muy contento y creo que con esto el Gobierno cumple con este hito tan importante y esperado por la ciudadan\u00eda\u00bb, afirm\u00f3.<\/p>\n<p class=\"v1MsoNormal\" style=\"text-align: justify;\">Algunos de los temas planteados por los asistentes a la Mesa T\u00e9cnica, fueron la perspectiva de g\u00e9nero, calidad de vida, trabajo decente, salud mental, leyes laborales, turnos, gradualidad, flexibilidad, automatizaci\u00f3n, diversidad entre los sectores econ\u00f3micos, entre otros.<\/p>\n<p class=\"v1MsoNormal\" style=\"text-align: justify;\"><span lang=\"ES-MX\">En este sentido, el presidente de la CUT, Mauricio Mu\u00f1oz Gatica, dio como ejemplo la reducci\u00f3n de jornada laboral, \u00abFuimos parte de la discusi\u00f3n y de conversaci\u00f3n de la reducci\u00f3n de la jornada laboral de las 48 a las 45 horas, en ese instante hab\u00eda voces que dec\u00edan que Chile se iba a caer y se iba a destruir la econom\u00eda, estamos aqu\u00ed y no pas\u00f3 absolutamente nada. La reducci\u00f3n de las 3 horas durante el Gobierno de Lagos se realiz\u00f3, con \u00e9xito, hubo un periodo transitorio que hay que reconocer, pero trajo beneficios, al empresariado, a la productividad, que es uno de los temas que hay que abordar, su preocupaci\u00f3n y que hay que tocar en esta mesa, pero m\u00e1s all\u00e1 de eso, \u00e9se ejemplo, el de las 48 a las 45 horas en el 2005 fue exitoso en Chile, sin dudas ser\u00e1 lo mismo en esta reducci\u00f3n de la jornada a las 40 horas que pretende rebajarse en este caso, 5 horas en el sector privado. Hay otras cosas que conversar, pero nosotros abrazamos este proyecto, consideramos que es beneficioso para el pa\u00eds, para el empresariado, sin duda beneficioso para las familias, para los trabajadores, para la salud mental y para la producci\u00f3n\u00bb, sostuvo.<\/span><\/p>\n<p class=\"v1MsoNormal\" style=\"text-align: justify;\"><span lang=\"ES-MX\">Por su parte, el vicepresidente<\/span><span lang=\"ES-MX\">\u00a0<\/span>de la C\u00e1mara de Comercio, Servicios, Industria y Turismo de Coyhaique<span lang=\"ES-MX\">,\u00a0<\/span>V\u00edctor Hitschfeld, manifest\u00f3 la necesidad de apreciar la diversidad de los sectores econ\u00f3micos y geogr\u00e1ficos, adem\u00e1s de la importancia de la capacitaci\u00f3n, entre otros temas, \u00abEs importante adaptarse a lo que est\u00e1 pasando hoy en d\u00eda y el tener que reducir las horas, creo que es bueno. Es importante que nuestros colaboradores tengan cada d\u00eda una mejor vida. A Chile siempre nos tratan como uno solo y Chile es muy diferente, la idiosincrasia y la cultura son muy diferentes. Hay que ser muy responsables y conversar bien c\u00f3mo vamos a hacer esto. Es importante para la salud mental y para pasar tiempo de calidad con la familia, con los hijos, con los amigos\u00bb. Adem\u00e1s, a\u00f1adi\u00f3 \u00abEs importante la capacitaci\u00f3n, c\u00f3mo podemos capacitar para lo que se viene, c\u00f3mo le damos una mirada a nuestros colaboradores sobre lo importante que es hacer las cosas bien, c\u00f3mo capacitamos para en vez de trabajar las 45 horas se trabajen las 40 sin bajar la calidad. Hoy las tecnolog\u00edas nos ayudan porque hay muchas cosas que se pueden automatizar y podemos, sin tener que desvincular o tener menos d\u00edas de funcionamiento o menos gente, avanzar en algunas cosas y hacerlas en menos tiempo. Creo que desde que empez\u00f3 la pandemia, en el 2019, todos nos tenemos que adaptar. Estoy de acuerdo, pero den flexibilidad, capacitaci\u00f3n, herramientas, es s\u00faper importante que se converse, se trabaje y se realice, y que se haga una bajada como corresponde a los trabajadores de la informaci\u00f3n\u00bb, afirm\u00f3.<\/p>\n<p class=\"v1MsoNormal\" style=\"text-align: justify;\">Dada la metodolog\u00eda de la actividad, cada organizaci\u00f3n realiz\u00f3 una exposici\u00f3n de m\u00e1ximo 15 minutos dando a conocer su visi\u00f3n, ponencias que fueron grabadas y ya se encuentran disponibles en el sitio web\u00a0<span lang=\"ES\"><a href=\"http:\/\/www.mintrab.gob.cl\/mesa-tecnica-40-horas\" target=\"_blank\" rel=\"noopener noreferrer\"><span lang=\"ES-CL\">www.mintrab.gob.cl\/mesa-tecnica-40-horas<\/span><\/a><\/span>, secci\u00f3n Videos. La sesi\u00f3n, que incluy\u00f3 una ronda de debate final, ser\u00e1 sistematizada por la Pontificia Universidad Cat\u00f3lica de Valpara\u00edso, cuyos resultados se entregar\u00e1n en algunas semanas m\u00e1s, con el objetivo de\u00a0<span class=\"v1gmail_default\">utilizarse<\/span>\u00a0como insumo para los intervinientes en la futura discusi\u00f3n parlamentaria del proyecto de ley.<\/p>\n<p class=\"v1MsoNormal\" style=\"text-align: justify;\">En la Mesa T\u00e9cnica pudo participar un representante por cada organizaci\u00f3n, exponiendo: Mauricio Mu\u00f1oz Gatica, presidente de la Central Unitaria de Trabajadores, CUT; H\u00e9ctor Canales, presidente del Instituto de Desarrollo Empresarial de Ays\u00e9n; Rosa Aguilar, secretaria del Sindicato de la Construcci\u00f3n; Carlos Ghisoni, director de administraci\u00f3n y finanzas sede Coyhaique INACAP; Claudia Oyarzo, dirigenta del Sindicato Hogar de Cristo; V\u00edctor Hitschfeld, vicepresidente de la C\u00e1mara de Comercio, Servicios, Industria y Turismo de Coyhaique; Teresita Vallejos, jefa de Personas de MOWI, representando al Consejo del Salm\u00f3n; Cabe consignar que tambi\u00e9n estuvo presente Marcio Villouta, director del Observatorio Laboral de Ays\u00e9n, en calidad de oyente.<\/p>\n<\/div><\/section><\/div><div  style='height:50px' class='hr hr-invisible   avia-builder-el-6  el_after_av_one_full  el_before_av_social_share '><span class='hr-inner ' ><span class='hr-inner-style'><\/span><\/span><\/div><\/p>\n<div  class='av-social-sharing-box  avia-builder-el-7  el_after_av_hr  el_before_av_hr  '><div class='av-share-box'><h5 class='av-share-link-description av-no-toc '>Compartir esta noticia<\/h5><ul class='av-share-box-list noLightbox'><li class='av-share-link av-social-link-facebook' ><a target=\"_blank\" aria-label=\"Compartir en Facebook\" href='https:\/\/www.facebook.com\/sharer.php?u=https:\/\/radiorevelacionfm.cl\/?p=19173&#038;t=Con%20presencia%20de%20sindicatos%2C%20gremios%20y%20academia%20se%20realiz%C3%B3%20la%20Mesa%20T%C3%A9cnica%20sobre%2040%20Horas%20en%20la%20Regi%C3%B3n%20de%20Ays%C3%A9n' aria-hidden='false' data-av_icon='\ue8f3' data-av_iconfont='entypo-fontello' title='' data-avia-related-tooltip='Compartir en Facebook' rel=\"noopener\"><span class='avia_hidden_link_text'>Compartir en Facebook<\/span><\/a><\/li><li class='av-share-link av-social-link-twitter' ><a target=\"_blank\" aria-label=\"Compartir en Twitter\" href='https:\/\/twitter.com\/share?text=Con%20presencia%20de%20sindicatos%2C%20gremios%20y%20academia%20se%20realiz%C3%B3%20la%20Mesa%20T%C3%A9cnica%20sobre%2040%20Horas%20en%20la%20Regi%C3%B3n%20de%20Ays%C3%A9n&#038;url=https:\/\/radiorevelacionfm.cl\/?p=19173' aria-hidden='false' data-av_icon='\ue8f1' data-av_iconfont='entypo-fontello' title='' data-avia-related-tooltip='Compartir en Twitter' rel=\"noopener\"><span class='avia_hidden_link_text'>Compartir en Twitter<\/span><\/a><\/li><li class='av-share-link av-social-link-whatsapp' ><a target=\"_blank\" aria-label=\"Compartir en Whatsapp\" href='https:\/\/api.whatsapp.com\/send?text=https:\/\/radiorevelacionfm.cl\/?p=19173' aria-hidden='false' data-av_icon='\uf232' data-av_iconfont='entypo-fontello' title='' data-avia-related-tooltip='Compartir en Whatsapp' rel=\"noopener\"><span class='avia_hidden_link_text'>Compartir en Whatsapp<\/span><\/a><\/li><li class='av-share-link av-social-link-linkedin' ><a target=\"_blank\" aria-label=\"Compartir en LinkedIn\" href='https:\/\/linkedin.com\/shareArticle?mini=true&#038;title=Con%20presencia%20de%20sindicatos%2C%20gremios%20y%20academia%20se%20realiz%C3%B3%20la%20Mesa%20T%C3%A9cnica%20sobre%2040%20Horas%20en%20la%20Regi%C3%B3n%20de%20Ays%C3%A9n&#038;url=https:\/\/radiorevelacionfm.cl\/?p=19173' aria-hidden='false' data-av_icon='\ue8fc' data-av_iconfont='entypo-fontello' title='' data-avia-related-tooltip='Compartir en LinkedIn' rel=\"noopener\"><span class='avia_hidden_link_text'>Compartir en LinkedIn<\/span><\/a><\/li><li class='av-share-link av-social-link-mail' ><a  aria-label=\"Compartir por correo\" href='mailto:?subject=Con%20presencia%20de%20sindicatos%2C%20gremios%20y%20academia%20se%20realiz%C3%B3%20la%20Mesa%20T%C3%A9cnica%20sobre%2040%20Horas%20en%20la%20Regi%C3%B3n%20de%20Ays%C3%A9n&#038;body=https:\/\/radiorevelacionfm.cl\/?p=19173' aria-hidden='false' data-av_icon='\ue805' data-av_iconfont='entypo-fontello' title='' data-avia-related-tooltip='Compartir por correo'><span class='avia_hidden_link_text'>Compartir por correo<\/span><\/a><\/li><\/ul><\/div><\/div>\n<div  style='height:50px' class='hr hr-invisible   avia-builder-el-8  el_after_av_social_share  el_before_av_comments_list '><span class='hr-inner ' ><span class='hr-inner-style'><\/span><\/span><\/div>\n<div  class='av-buildercomment  av-blog-meta-html-info-disabled av-blog-meta-tag-disabled  '><\/div>\n","protected":false},"excerpt":{"rendered":"","protected":false},"author":1,"featured_media":19175,"comment_status":"open","ping_status":"open","sticky":false,"template":"","format":"standard","meta":{"footnotes":""},"categories":[56],"tags":[],"class_list":["post-19173","post","type-post","status-publish","format-standard","has-post-thumbnail","hentry","category-trabajo"],"jetpack_featured_media_url":"https:\/\/radiorevelacionfm.cl\/wp-content\/uploads\/2022\/07\/MesaTecnica_40Horas_4-1-1.jpg","_links":{"self":[{"href":"https:\/\/radiorevelacionfm.cl\/index.php?rest_route=\/wp\/v2\/posts\/19173","targetHints":{"allow":["GET"]}}],"collection":[{"href":"https:\/\/radiorevelacionfm.cl\/index.php?rest_route=\/wp\/v2\/posts"}],"about":[{"href":"https:\/\/radiorevelacionfm.cl\/index.php?rest_route=\/wp\/v2\/types\/post"}],"author":[{"embeddable":true,"href":"https:\/\/radiorevelacionfm.cl\/index.php?rest_route=\/wp\/v2\/users\/1"}],"replies":[{"embeddable":true,"href":"https:\/\/radiorevelacionfm.cl\/index.php?rest_route=%2Fwp%2Fv2%2Fcomments&post=19173"}],"version-history":[{"count":2,"href":"https:\/\/radiorevelacionfm.cl\/index.php?rest_route=\/wp\/v2\/posts\/19173\/revisions"}],"predecessor-version":[{"id":19213,"href":"https:\/\/radiorevelacionfm.cl\/index.php?rest_route=\/wp\/v2\/posts\/19173\/revisions\/19213"}],"wp:featuredmedia":[{"embeddable":true,"href":"https:\/\/radiorevelacionfm.cl\/index.php?rest_route=\/wp\/v2\/media\/19175"}],"wp:attachment":[{"href":"https:\/\/radiorevelacionfm.cl\/index.php?rest_route=%2Fwp%2Fv2%2Fmedia&parent=19173"}],"wp:term":[{"taxonomy":"category","embeddable":true,"href":"https:\/\/radiorevelacionfm.cl\/index.php?rest_route=%2Fwp%2Fv2%2Fcategories&post=19173"},{"taxonomy":"post_tag","embeddable":true,"href":"https:\/\/radiorevelacionfm.cl\/index.php?rest_route=%2Fwp%2Fv2%2Ftags&post=19173"}],"curies":[{"name":"wp","href":"https:\/\/api.w.org\/{rel}","templated":true}]}}