{"id":19169,"date":"2022-07-13T18:09:15","date_gmt":"2022-07-13T21:09:15","guid":{"rendered":"https:\/\/radiorevelacionfm.cl\/?p=19169"},"modified":"2022-07-13T18:09:15","modified_gmt":"2022-07-13T21:09:15","slug":"detienen-y-formalizan-a-dos-personas-por-trafico-y-cultivo-ilegal-de-cannabis-droga-avaluada-en-mas-de-60-millones-de-pesos","status":"publish","type":"post","link":"https:\/\/radiorevelacionfm.cl\/?p=19169","title":{"rendered":"Detienen y formalizan a dos personas por tr\u00e1fico y cultivo ilegal de cannabis, droga avaluada en m\u00e1s de 60 millones de pesos"},"content":{"rendered":"<div class=\"flex_column av_one_full  flex_column_div av-zero-column-padding first  avia-builder-el-0  el_before_av_one_full  avia-builder-el-first  \" style='border-radius:0px; '><div  class='avia-image-container  av-styling-    avia-builder-el-1  avia-builder-el-no-sibling  avia-align-center '  itemprop=\"image\" itemscope=\"itemscope\" itemtype=\"https:\/\/schema.org\/ImageObject\"  ><div class='avia-image-container-inner'><div class='avia-image-overlay-wrap'><img decoding=\"async\" class='wp-image-19170 avia-img-lazy-loading-not-19170 avia_image' src=\"https:\/\/radiorevelacionfm.cl\/wp-content\/uploads\/2022\/07\/528b3f4d-7d9d-42c1-b20d-fc211e704a3c-1_optimized.jpg\" alt='' title='528b3f4d-7d9d-42c1-b20d-fc211e704a3c-(1)_optimized' height=\"600\" width=\"802\"  itemprop=\"thumbnailUrl\" srcset=\"https:\/\/radiorevelacionfm.cl\/wp-content\/uploads\/2022\/07\/528b3f4d-7d9d-42c1-b20d-fc211e704a3c-1_optimized.jpg 802w, https:\/\/radiorevelacionfm.cl\/wp-content\/uploads\/2022\/07\/528b3f4d-7d9d-42c1-b20d-fc211e704a3c-1_optimized-300x224.jpg 300w, https:\/\/radiorevelacionfm.cl\/wp-content\/uploads\/2022\/07\/528b3f4d-7d9d-42c1-b20d-fc211e704a3c-1_optimized-768x575.jpg 768w, https:\/\/radiorevelacionfm.cl\/wp-content\/uploads\/2022\/07\/528b3f4d-7d9d-42c1-b20d-fc211e704a3c-1_optimized-705x527.jpg 705w, https:\/\/radiorevelacionfm.cl\/wp-content\/uploads\/2022\/07\/528b3f4d-7d9d-42c1-b20d-fc211e704a3c-1_optimized-600x449.jpg 600w\" sizes=\"(max-width: 802px) 100vw, 802px\" \/><\/div><\/div><\/div><\/div><div class=\"flex_column av_one_full  flex_column_div av-zero-column-padding first  avia-builder-el-2  el_after_av_one_full  el_before_av_one_full  column-top-margin\" style='border-radius:0px; '><section class=\"av_textblock_section \"  itemscope=\"itemscope\" itemtype=\"https:\/\/schema.org\/BlogPosting\" itemprop=\"blogPost\" ><div class='avia_textblock  '   itemprop=\"text\" ><p style=\"text-align: center;\"><strong><span style=\"font-size: 18pt;\">Detienen y formalizan a dos personas por tr\u00e1fico y cultivo ilegal de cannabis, droga avaluada en m\u00e1s de 60 millones de pesos<\/span><\/strong><\/p>\n<div id=\"gtx-trans\" style=\"position: absolute; left: -50px; top: 4.31534px;\">\n<div class=\"gtx-trans-icon\"><\/div>\n<\/div>\n<\/div><\/section><\/div><div class=\"flex_column av_one_full  flex_column_div av-zero-column-padding first  avia-builder-el-4  el_after_av_one_full  el_before_av_hr  column-top-margin\" style='border-radius:0px; '><section class=\"av_textblock_section \"  itemscope=\"itemscope\" itemtype=\"https:\/\/schema.org\/BlogPosting\" itemprop=\"blogPost\" ><div class='avia_textblock  '   itemprop=\"text\" ><p class=\"v1MsoNormal\" style=\"text-align: justify;\">Diligencias conjuntas entre Carabineros de la Secci\u00f3n OS-7 Ays\u00e9n y el Ministerio P\u00fablico permitieron la detenci\u00f3n de dos personas de sexo masculino, por los delitos de tr\u00e1fico y cultivo ilegal de plantas de cannabis sativa en Coyhaique. El procedimiento permiti\u00f3 la incautaci\u00f3n de 3 kilos 800 gramos de marihuana y m\u00e1s de 70 plantas de cannabis, droga avaluada en un valor superior a los 60 millones de pesos.<\/p>\n<p class=\"v1MsoNormal\" style=\"text-align: justify;\">La investigaci\u00f3n desarrollada por el personal especializado, bajo la direcci\u00f3n de la fiscal Mar\u00eda In\u00e9s N\u00fa\u00f1ez, condujo a la Secci\u00f3n OS-7 hasta dos \u00a0inmuebles de la comuna de Coyhaique, logrando acreditar y establecer el delito de cultivo ilegal de plantas del g\u00e9nero de cannabis sativa y marihuana elaborada.<\/p>\n<p class=\"v1MsoNormal\" style=\"text-align: justify;\">Continuando con el desarrollo de las diligencias, el personal logr\u00f3 igualmente incautar la suma de 1.700.000 en dinero efectivo, dos tel\u00e9fonos celulares, dos balanzas digitales y tres sistemas de cultivo indoor.<\/p>\n<p class=\"v1MsoNormal\" style=\"text-align: justify;\"><b>PRISI\u00d3N PREVENTIVA<\/b><b><\/b><\/p>\n<p class=\"v1MsoNormal\" style=\"text-align: justify;\">El Jefe de la Secci\u00f3n OS-7 Ays\u00e9n, Capit\u00e1n Emiliano Guti\u00e9rrez, inform\u00f3 que con esta diligencia, el personal especializado logr\u00f3 el decomiso de 7.651 dosis de marihuana, en tanto que las plantas de cannabis sativa, una vez que alcanzan el m\u00e1ximo de su crecimiento, permiten obtener m\u00e1s de 21 kilos de marihuana.<\/p>\n<p class=\"v1MsoNormal\" style=\"text-align: justify;\">Ambos sujetos detenidos fueron puestos a disposici\u00f3n del Tribunal para el respectivo control de detenci\u00f3n. Al respecto, la fiscal Mar\u00eda In\u00e9s N\u00fa\u00f1ez, inform\u00f3 que las dos personas fueron \u00abformalizadas por tr\u00e1fico de drogas y cultivo ilegal de cannabis, decret\u00e1ndose -respecto de una de ellas-, la prisi\u00f3n preventiva y sobre la segunda persona, si bien el Ministerio P\u00fablico pidi\u00f3 la prisi\u00f3n preventiva, el Tribunal decret\u00f3 su arresto domiciliario total\u00bb. El plazo para el t\u00e9rmino de las diligencias, explic\u00f3 la fiscal N\u00fa\u00f1ez, fue fijado en 90 d\u00edas por el Juzgado de Garant\u00eda.<\/p>\n<p class=\"v1MsoNormal\" style=\"text-align: justify;\">En tanto, Carabineros del OS-7 reiter\u00f3 el llamado a realizar las denuncias, invitando a entregar dicha informaci\u00f3n a trav\u00e9s del fono drogas 135, tel\u00e9fono gratuito de Carabineros de Chile, el cual es atendido por agentes especializados del OS-7, quienes durante las 24 horas del d\u00eda recibir\u00e1n sus denuncias de forma absolutamente reservada y an\u00f3nima.<\/p>\n<\/div><\/section><\/div><div  style='height:50px' class='hr hr-invisible   avia-builder-el-6  el_after_av_one_full  el_before_av_social_share '><span class='hr-inner ' ><span class='hr-inner-style'><\/span><\/span><\/div><\/p>\n<div  class='av-social-sharing-box  avia-builder-el-7  el_after_av_hr  el_before_av_hr  '><div class='av-share-box'><h5 class='av-share-link-description av-no-toc '>Compartir esta noticia<\/h5><ul class='av-share-box-list noLightbox'><li class='av-share-link av-social-link-facebook' ><a target=\"_blank\" aria-label=\"Compartir en Facebook\" href='https:\/\/www.facebook.com\/sharer.php?u=https:\/\/radiorevelacionfm.cl\/?p=19169&#038;t=Detienen%20y%20formalizan%20a%20dos%20personas%20por%20tr%C3%A1fico%20y%20cultivo%20ilegal%20de%20cannabis%2C%20droga%20avaluada%20en%20m%C3%A1s%20de%2060%20millones%20de%20pesos' aria-hidden='false' data-av_icon='\ue8f3' data-av_iconfont='entypo-fontello' title='' data-avia-related-tooltip='Compartir en Facebook' rel=\"noopener\"><span class='avia_hidden_link_text'>Compartir en Facebook<\/span><\/a><\/li><li class='av-share-link av-social-link-twitter' ><a target=\"_blank\" aria-label=\"Compartir en Twitter\" href='https:\/\/twitter.com\/share?text=Detienen%20y%20formalizan%20a%20dos%20personas%20por%20tr%C3%A1fico%20y%20cultivo%20ilegal%20de%20cannabis%2C%20droga%20avaluada%20en%20m%C3%A1s%20de%2060%20millones%20de%20pesos&#038;url=https:\/\/radiorevelacionfm.cl\/?p=19169' aria-hidden='false' data-av_icon='\ue8f1' data-av_iconfont='entypo-fontello' title='' data-avia-related-tooltip='Compartir en Twitter' rel=\"noopener\"><span class='avia_hidden_link_text'>Compartir en Twitter<\/span><\/a><\/li><li class='av-share-link av-social-link-whatsapp' ><a target=\"_blank\" aria-label=\"Compartir en Whatsapp\" href='https:\/\/api.whatsapp.com\/send?text=https:\/\/radiorevelacionfm.cl\/?p=19169' aria-hidden='false' data-av_icon='\uf232' data-av_iconfont='entypo-fontello' title='' data-avia-related-tooltip='Compartir en Whatsapp' rel=\"noopener\"><span class='avia_hidden_link_text'>Compartir en Whatsapp<\/span><\/a><\/li><li class='av-share-link av-social-link-linkedin' ><a target=\"_blank\" aria-label=\"Compartir en LinkedIn\" href='https:\/\/linkedin.com\/shareArticle?mini=true&#038;title=Detienen%20y%20formalizan%20a%20dos%20personas%20por%20tr%C3%A1fico%20y%20cultivo%20ilegal%20de%20cannabis%2C%20droga%20avaluada%20en%20m%C3%A1s%20de%2060%20millones%20de%20pesos&#038;url=https:\/\/radiorevelacionfm.cl\/?p=19169' aria-hidden='false' data-av_icon='\ue8fc' data-av_iconfont='entypo-fontello' title='' data-avia-related-tooltip='Compartir en LinkedIn' rel=\"noopener\"><span class='avia_hidden_link_text'>Compartir en LinkedIn<\/span><\/a><\/li><li class='av-share-link av-social-link-mail' ><a  aria-label=\"Compartir por correo\" href='mailto:?subject=Detienen%20y%20formalizan%20a%20dos%20personas%20por%20tr%C3%A1fico%20y%20cultivo%20ilegal%20de%20cannabis%2C%20droga%20avaluada%20en%20m%C3%A1s%20de%2060%20millones%20de%20pesos&#038;body=https:\/\/radiorevelacionfm.cl\/?p=19169' aria-hidden='false' data-av_icon='\ue805' data-av_iconfont='entypo-fontello' title='' data-avia-related-tooltip='Compartir por correo'><span class='avia_hidden_link_text'>Compartir por correo<\/span><\/a><\/li><\/ul><\/div><\/div>\n<div  style='height:50px' class='hr hr-invisible   avia-builder-el-8  el_after_av_social_share  el_before_av_comments_list '><span class='hr-inner ' ><span class='hr-inner-style'><\/span><\/span><\/div>\n<div  class='av-buildercomment  av-blog-meta-html-info-disabled av-blog-meta-tag-disabled  '><\/div>\n","protected":false},"excerpt":{"rendered":"","protected":false},"author":1,"featured_media":19170,"comment_status":"open","ping_status":"open","sticky":false,"template":"","format":"standard","meta":{"footnotes":""},"categories":[36],"tags":[],"class_list":["post-19169","post","type-post","status-publish","format-standard","has-post-thumbnail","hentry","category-policial"],"jetpack_featured_media_url":"https:\/\/radiorevelacionfm.cl\/wp-content\/uploads\/2022\/07\/528b3f4d-7d9d-42c1-b20d-fc211e704a3c-1_optimized.jpg","_links":{"self":[{"href":"https:\/\/radiorevelacionfm.cl\/index.php?rest_route=\/wp\/v2\/posts\/19169","targetHints":{"allow":["GET"]}}],"collection":[{"href":"https:\/\/radiorevelacionfm.cl\/index.php?rest_route=\/wp\/v2\/posts"}],"about":[{"href":"https:\/\/radiorevelacionfm.cl\/index.php?rest_route=\/wp\/v2\/types\/post"}],"author":[{"embeddable":true,"href":"https:\/\/radiorevelacionfm.cl\/index.php?rest_route=\/wp\/v2\/users\/1"}],"replies":[{"embeddable":true,"href":"https:\/\/radiorevelacionfm.cl\/index.php?rest_route=%2Fwp%2Fv2%2Fcomments&post=19169"}],"version-history":[{"count":2,"href":"https:\/\/radiorevelacionfm.cl\/index.php?rest_route=\/wp\/v2\/posts\/19169\/revisions"}],"predecessor-version":[{"id":19172,"href":"https:\/\/radiorevelacionfm.cl\/index.php?rest_route=\/wp\/v2\/posts\/19169\/revisions\/19172"}],"wp:featuredmedia":[{"embeddable":true,"href":"https:\/\/radiorevelacionfm.cl\/index.php?rest_route=\/wp\/v2\/media\/19170"}],"wp:attachment":[{"href":"https:\/\/radiorevelacionfm.cl\/index.php?rest_route=%2Fwp%2Fv2%2Fmedia&parent=19169"}],"wp:term":[{"taxonomy":"category","embeddable":true,"href":"https:\/\/radiorevelacionfm.cl\/index.php?rest_route=%2Fwp%2Fv2%2Fcategories&post=19169"},{"taxonomy":"post_tag","embeddable":true,"href":"https:\/\/radiorevelacionfm.cl\/index.php?rest_route=%2Fwp%2Fv2%2Ftags&post=19169"}],"curies":[{"name":"wp","href":"https:\/\/api.w.org\/{rel}","templated":true}]}}