{"id":19166,"date":"2022-07-13T19:41:52","date_gmt":"2022-07-13T22:41:52","guid":{"rendered":"https:\/\/radiorevelacionfm.cl\/?p=19166"},"modified":"2022-07-13T19:41:52","modified_gmt":"2022-07-13T22:41:52","slug":"abordan-solicitud-comunitaria-para-contar-con-nuevo-espacio-deportivo-en-puerto-aysen","status":"publish","type":"post","link":"https:\/\/radiorevelacionfm.cl\/?p=19166","title":{"rendered":"Abordan solicitud comunitaria para contar con nuevo espacio deportivo en Puerto Ays\u00e9n"},"content":{"rendered":"<div class=\"flex_column av_one_full  flex_column_div av-zero-column-padding first  avia-builder-el-0  el_before_av_one_full  avia-builder-el-first  \" style='border-radius:0px; '><div  class='avia-image-container  av-styling-    avia-builder-el-1  avia-builder-el-no-sibling  avia-align-center '  itemprop=\"image\" itemscope=\"itemscope\" itemtype=\"https:\/\/schema.org\/ImageObject\"  ><div class='avia-image-container-inner'><div class='avia-image-overlay-wrap'><img decoding=\"async\" class='wp-image-19167 avia-img-lazy-loading-not-19167 avia_image' src=\"https:\/\/radiorevelacionfm.cl\/wp-content\/uploads\/2022\/07\/img-PistaA-Muniaysen3-2-1.jpeg\" alt='' title='img-PistaA-Muniaysen3 (2) (1)' height=\"600\" width=\"882\"  itemprop=\"thumbnailUrl\" srcset=\"https:\/\/radiorevelacionfm.cl\/wp-content\/uploads\/2022\/07\/img-PistaA-Muniaysen3-2-1.jpeg 882w, https:\/\/radiorevelacionfm.cl\/wp-content\/uploads\/2022\/07\/img-PistaA-Muniaysen3-2-1-300x204.jpeg 300w, https:\/\/radiorevelacionfm.cl\/wp-content\/uploads\/2022\/07\/img-PistaA-Muniaysen3-2-1-768x522.jpeg 768w, https:\/\/radiorevelacionfm.cl\/wp-content\/uploads\/2022\/07\/img-PistaA-Muniaysen3-2-1-705x480.jpeg 705w, https:\/\/radiorevelacionfm.cl\/wp-content\/uploads\/2022\/07\/img-PistaA-Muniaysen3-2-1-600x408.jpeg 600w\" sizes=\"(max-width: 882px) 100vw, 882px\" \/><\/div><\/div><\/div><\/div><div class=\"flex_column av_one_full  flex_column_div av-zero-column-padding first  avia-builder-el-2  el_after_av_one_full  el_before_av_one_full  column-top-margin\" style='border-radius:0px; '><section class=\"av_textblock_section \"  itemscope=\"itemscope\" itemtype=\"https:\/\/schema.org\/BlogPosting\" itemprop=\"blogPost\" ><div class='avia_textblock  '   itemprop=\"text\" ><p style=\"text-align: center;\"><strong><span style=\"font-size: 18pt;\">Abordan solicitud comunitaria para contar con nuevo espacio deportivo en Puerto Ays\u00e9n <\/span><\/strong><\/p>\n<div id=\"gtx-trans\" style=\"position: absolute; left: -50px; top: 4.31534px;\">\n<div class=\"gtx-trans-icon\"><\/div>\n<\/div>\n<\/div><\/section><\/div><div class=\"flex_column av_one_full  flex_column_div av-zero-column-padding first  avia-builder-el-4  el_after_av_one_full  el_before_av_hr  column-top-margin\" style='border-radius:0px; '><section class=\"av_textblock_section \"  itemscope=\"itemscope\" itemtype=\"https:\/\/schema.org\/BlogPosting\" itemprop=\"blogPost\" ><div class='avia_textblock  '   itemprop=\"text\" ><p style=\"text-align: justify;\">Con una visita en terreno hasta la zona en proyecci\u00f3n. El alcalde de Ays\u00e9n, Julio Uribe Alvarado en compa\u00f1\u00eda del personal municipal abord\u00f3 el desarrollo de la iniciativa que pretende crear una pista atl\u00e9tica en la capital de la comuna porte\u00f1a. En el encuentro, particip\u00f3 adem\u00e1s la vicepresidenta del Club Puerto Ays\u00e9n \u2013 Patagonia, organizaci\u00f3n que se encuentra trabajando con ni\u00f1os, ni\u00f1as y adolescentes para fomentar esta pr\u00e1ctica deportiva lo que ha significado importantes logros con la colaboraci\u00f3n de la Corporaci\u00f3n del Deporte y Recreaci\u00f3n.<\/p>\n<p style=\"text-align: justify;\">Ante esto, la primera autoridad comunal de Ays\u00e9n, Julio Uribe Alvarado, destac\u00f3 que para la administraci\u00f3n que lidera es importante contar con este recurso deportivo en el territorio indicando adem\u00e1s que \u201cde los 25 seleccionados a nivel regional 19 son ayseninos salidos de la escuela de formaci\u00f3n del Club Puerto Ays\u00e9n Patagonia, por lo tanto, tenemos un semillero gigante de ni\u00f1os atletas y que hay que darle los espacios para que podamos ayudarlos y que siga esta generaci\u00f3n de representantes de la Regi\u00f3n a nivel nacional e internacional.\u201d<\/p>\n<p style=\"text-align: justify;\">A\u00f1adiendo adem\u00e1s que, \u201cnuestro deber es poder colaborar y ayudar en generar los espacios para que nuestros deportistas tengan mejores condiciones para continuar sus respectivos progresos, as\u00ed es que, vamos a seguir trabajando con el Club y esperar que prontamente ya podamos finalizar el proyecto que est\u00e1 en etapa de dise\u00f1o y que contempla 6 carriles de pista atl\u00e9tica para que podamos traer competencias a nuestra comuna\u201d, explic\u00f3 el alcalde Uribe.<\/p>\n<p style=\"text-align: justify;\">Por su parte, la representante del Club, Paulina Necu\u00f1ir, abog\u00f3 por la materializaci\u00f3n de esta iniciativa, agradeciendo el respaldo obtenido desde la Corporaci\u00f3n del Deporte y Recreaci\u00f3n con la facilitaci\u00f3n de espacios del Polideportivo local tres veces por semana. Sin embargo, la dirigenta coment\u00f3 que, \u201chay veces que tambi\u00e9n el polideportivo est\u00e1 ocupado y para nosotros la construcci\u00f3n de esto ser\u00eda enormemente satisfactoria, una ayuda, los ni\u00f1os estar\u00edan sumamente motivados y hay que recordar que nuestro Club ha tenido grandes logros y medallas. Para Puerto Ays\u00e9n contar con una Pista como lo que se ve existente en Santiago, ser\u00eda grandioso\u201d, enfatiz\u00f3.<\/p>\n<p style=\"text-align: justify;\">La zona de emplazamiento primario para esta iniciativa se encuentra en marcada entre el actual estadio ANFA y el aer\u00f3dromo local cabo Juan Rom\u00e1n, por consiguiente, la casa edilicia ya se encuentra trabajando en generar las condiciones y tratativas con los organismos correspondientes para analizar los aspectos t\u00e9cnicos que permitan contar con una adecuada disposici\u00f3n a una obra de esta envergadura.<\/p>\n<\/div><\/section><\/div><div  style='height:50px' class='hr hr-invisible   avia-builder-el-6  el_after_av_one_full  el_before_av_social_share '><span class='hr-inner ' ><span class='hr-inner-style'><\/span><\/span><\/div><\/p>\n<div  class='av-social-sharing-box  avia-builder-el-7  el_after_av_hr  el_before_av_hr  '><div class='av-share-box'><h5 class='av-share-link-description av-no-toc '>Compartir esta noticia<\/h5><ul class='av-share-box-list noLightbox'><li class='av-share-link av-social-link-facebook' ><a target=\"_blank\" aria-label=\"Compartir en Facebook\" href='https:\/\/www.facebook.com\/sharer.php?u=https:\/\/radiorevelacionfm.cl\/?p=19166&#038;t=Abordan%20solicitud%20comunitaria%20para%20contar%20con%20nuevo%20espacio%20deportivo%20en%20Puerto%20Ays%C3%A9n' aria-hidden='false' data-av_icon='\ue8f3' data-av_iconfont='entypo-fontello' title='' data-avia-related-tooltip='Compartir en Facebook' rel=\"noopener\"><span class='avia_hidden_link_text'>Compartir en Facebook<\/span><\/a><\/li><li class='av-share-link av-social-link-twitter' ><a target=\"_blank\" aria-label=\"Compartir en Twitter\" href='https:\/\/twitter.com\/share?text=Abordan%20solicitud%20comunitaria%20para%20contar%20con%20nuevo%20espacio%20deportivo%20en%20Puerto%20Ays%C3%A9n&#038;url=https:\/\/radiorevelacionfm.cl\/?p=19166' aria-hidden='false' data-av_icon='\ue8f1' data-av_iconfont='entypo-fontello' title='' data-avia-related-tooltip='Compartir en Twitter' rel=\"noopener\"><span class='avia_hidden_link_text'>Compartir en Twitter<\/span><\/a><\/li><li class='av-share-link av-social-link-whatsapp' ><a target=\"_blank\" aria-label=\"Compartir en Whatsapp\" href='https:\/\/api.whatsapp.com\/send?text=https:\/\/radiorevelacionfm.cl\/?p=19166' aria-hidden='false' data-av_icon='\uf232' data-av_iconfont='entypo-fontello' title='' data-avia-related-tooltip='Compartir en Whatsapp' rel=\"noopener\"><span class='avia_hidden_link_text'>Compartir en Whatsapp<\/span><\/a><\/li><li class='av-share-link av-social-link-linkedin' ><a target=\"_blank\" aria-label=\"Compartir en LinkedIn\" href='https:\/\/linkedin.com\/shareArticle?mini=true&#038;title=Abordan%20solicitud%20comunitaria%20para%20contar%20con%20nuevo%20espacio%20deportivo%20en%20Puerto%20Ays%C3%A9n&#038;url=https:\/\/radiorevelacionfm.cl\/?p=19166' aria-hidden='false' data-av_icon='\ue8fc' data-av_iconfont='entypo-fontello' title='' data-avia-related-tooltip='Compartir en LinkedIn' rel=\"noopener\"><span class='avia_hidden_link_text'>Compartir en LinkedIn<\/span><\/a><\/li><li class='av-share-link av-social-link-mail' ><a  aria-label=\"Compartir por correo\" href='mailto:?subject=Abordan%20solicitud%20comunitaria%20para%20contar%20con%20nuevo%20espacio%20deportivo%20en%20Puerto%20Ays%C3%A9n&#038;body=https:\/\/radiorevelacionfm.cl\/?p=19166' aria-hidden='false' data-av_icon='\ue805' data-av_iconfont='entypo-fontello' title='' data-avia-related-tooltip='Compartir por correo'><span class='avia_hidden_link_text'>Compartir por correo<\/span><\/a><\/li><\/ul><\/div><\/div>\n<div  style='height:50px' class='hr hr-invisible   avia-builder-el-8  el_after_av_social_share  el_before_av_comments_list '><span class='hr-inner ' ><span class='hr-inner-style'><\/span><\/span><\/div>\n<div  class='av-buildercomment  av-blog-meta-html-info-disabled av-blog-meta-tag-disabled  '><\/div>\n","protected":false},"excerpt":{"rendered":"","protected":false},"author":1,"featured_media":19167,"comment_status":"open","ping_status":"open","sticky":false,"template":"","format":"standard","meta":{"footnotes":""},"categories":[38],"tags":[],"class_list":["post-19166","post","type-post","status-publish","format-standard","has-post-thumbnail","hentry","category-regional"],"jetpack_featured_media_url":"https:\/\/radiorevelacionfm.cl\/wp-content\/uploads\/2022\/07\/img-PistaA-Muniaysen3-2-1.jpeg","_links":{"self":[{"href":"https:\/\/radiorevelacionfm.cl\/index.php?rest_route=\/wp\/v2\/posts\/19166","targetHints":{"allow":["GET"]}}],"collection":[{"href":"https:\/\/radiorevelacionfm.cl\/index.php?rest_route=\/wp\/v2\/posts"}],"about":[{"href":"https:\/\/radiorevelacionfm.cl\/index.php?rest_route=\/wp\/v2\/types\/post"}],"author":[{"embeddable":true,"href":"https:\/\/radiorevelacionfm.cl\/index.php?rest_route=\/wp\/v2\/users\/1"}],"replies":[{"embeddable":true,"href":"https:\/\/radiorevelacionfm.cl\/index.php?rest_route=%2Fwp%2Fv2%2Fcomments&post=19166"}],"version-history":[{"count":2,"href":"https:\/\/radiorevelacionfm.cl\/index.php?rest_route=\/wp\/v2\/posts\/19166\/revisions"}],"predecessor-version":[{"id":19202,"href":"https:\/\/radiorevelacionfm.cl\/index.php?rest_route=\/wp\/v2\/posts\/19166\/revisions\/19202"}],"wp:featuredmedia":[{"embeddable":true,"href":"https:\/\/radiorevelacionfm.cl\/index.php?rest_route=\/wp\/v2\/media\/19167"}],"wp:attachment":[{"href":"https:\/\/radiorevelacionfm.cl\/index.php?rest_route=%2Fwp%2Fv2%2Fmedia&parent=19166"}],"wp:term":[{"taxonomy":"category","embeddable":true,"href":"https:\/\/radiorevelacionfm.cl\/index.php?rest_route=%2Fwp%2Fv2%2Fcategories&post=19166"},{"taxonomy":"post_tag","embeddable":true,"href":"https:\/\/radiorevelacionfm.cl\/index.php?rest_route=%2Fwp%2Fv2%2Ftags&post=19166"}],"curies":[{"name":"wp","href":"https:\/\/api.w.org\/{rel}","templated":true}]}}