{"id":19162,"date":"2022-07-13T17:52:47","date_gmt":"2022-07-13T20:52:47","guid":{"rendered":"https:\/\/radiorevelacionfm.cl\/?p=19162"},"modified":"2022-07-13T17:52:47","modified_gmt":"2022-07-13T20:52:47","slug":"barrios-en-accion-permitio-financiar-3-iniciativas-propuestas-y-priorizadas-por-vecinos-as-de-coyhaique","status":"publish","type":"post","link":"https:\/\/radiorevelacionfm.cl\/?p=19162","title":{"rendered":"Barrios en Acci\u00f3n permiti\u00f3 financiar 3 iniciativas propuestas y priorizadas por vecinos\/as de Coyhaique"},"content":{"rendered":"<div class=\"flex_column av_one_full  flex_column_div av-zero-column-padding first  avia-builder-el-0  el_before_av_one_full  avia-builder-el-first  \" style='border-radius:0px; '><div  class='avia-image-container  av-styling-    avia-builder-el-1  avia-builder-el-no-sibling  avia-align-center '  itemprop=\"image\" itemscope=\"itemscope\" itemtype=\"https:\/\/schema.org\/ImageObject\"  ><div class='avia-image-container-inner'><div class='avia-image-overlay-wrap'><img decoding=\"async\" class='wp-image-19163 avia-img-lazy-loading-not-19163 avia_image' src=\"https:\/\/radiorevelacionfm.cl\/wp-content\/uploads\/2022\/07\/cierre-barrios-en-accion-1_optimized.jpg\" alt='' title='cierre-barrios-en-acci\u00f3n-(1)_optimized' height=\"600\" width=\"1067\"  itemprop=\"thumbnailUrl\" srcset=\"https:\/\/radiorevelacionfm.cl\/wp-content\/uploads\/2022\/07\/cierre-barrios-en-accion-1_optimized.jpg 1067w, https:\/\/radiorevelacionfm.cl\/wp-content\/uploads\/2022\/07\/cierre-barrios-en-accion-1_optimized-300x169.jpg 300w, https:\/\/radiorevelacionfm.cl\/wp-content\/uploads\/2022\/07\/cierre-barrios-en-accion-1_optimized-1030x579.jpg 1030w, https:\/\/radiorevelacionfm.cl\/wp-content\/uploads\/2022\/07\/cierre-barrios-en-accion-1_optimized-768x432.jpg 768w, https:\/\/radiorevelacionfm.cl\/wp-content\/uploads\/2022\/07\/cierre-barrios-en-accion-1_optimized-705x396.jpg 705w, https:\/\/radiorevelacionfm.cl\/wp-content\/uploads\/2022\/07\/cierre-barrios-en-accion-1_optimized-600x337.jpg 600w\" sizes=\"(max-width: 1067px) 100vw, 1067px\" \/><\/div><\/div><\/div><\/div><div class=\"flex_column av_one_full  flex_column_div av-zero-column-padding first  avia-builder-el-2  el_after_av_one_full  el_before_av_one_full  column-top-margin\" style='border-radius:0px; '><section class=\"av_textblock_section \"  itemscope=\"itemscope\" itemtype=\"https:\/\/schema.org\/BlogPosting\" itemprop=\"blogPost\" ><div class='avia_textblock  '   itemprop=\"text\" ><p style=\"text-align: center;\"><span style=\"font-size: 18pt;\"><strong>Barrios en Acci\u00f3n permiti\u00f3 financiar 3 iniciativas propuestas y priorizadas por vecinos\/as de Coyhaique<\/strong><\/span><\/p>\n<div id=\"gtx-trans\" style=\"position: absolute; left: -50px; top: 4.31534px;\">\n<div class=\"gtx-trans-icon\"><\/div>\n<\/div>\n<\/div><\/section><\/div><div class=\"flex_column av_one_full  flex_column_div av-zero-column-padding first  avia-builder-el-4  el_after_av_one_full  el_before_av_hr  column-top-margin\" style='border-radius:0px; '><section class=\"av_textblock_section \"  itemscope=\"itemscope\" itemtype=\"https:\/\/schema.org\/BlogPosting\" itemprop=\"blogPost\" ><div class='avia_textblock  '   itemprop=\"text\" ><p style=\"text-align: justify;\">El programa Barrios en Acci\u00f3n, fue ejecutado en Coyhaique gracias al convenio de colaboraci\u00f3n entre el Fondo de Solidaridad e Inversi\u00f3n Social, FOSIS y la Subsecretar\u00eda de Prevenci\u00f3n del Delito (SPD), con el apoyo de la consultora Novagest.<\/p>\n<p style=\"text-align: justify;\">En la ceremonia de cierre particip\u00f3 el Delegado Presidencial Regional (S), Samuel Navarro; la Directora Regional del FOSIS, Fernanda Leiva; el Coordinador Regional de la Subsecretar\u00eda de Prevenci\u00f3n del Delito, Crist\u00f3bal Barcel\u00f3 y el Encargado de la Direcci\u00f3n de Desarrollo Comunitario de la Municipalidad de Coyhaique, Carlos Mansilla; quienes compartieron y reconocieron el trabajo realizado por dirigentes, dirigentas, vecinos y vecinas del pol\u00edgono Pablo Neruda.<\/p>\n<p style=\"text-align: justify;\">El programa Barrios en Acci\u00f3n busca mitigar los efectos del debilitamiento del capital social, a trav\u00e9s del fortalecimiento de las capacidades de gesti\u00f3n sociocomunitaria, integraci\u00f3n social de Barrios Prioritarios y el fortalecimiento de alianzas p\u00fablico-privadas. Gracias a esta instancia fue posible financiar 4 ferias comunitarias, una gran jornada deportiva en el gimnasio del Liceo Profesor Ricardo Navarrete Barr\u00eda y bares l\u00e1cteos en las distintas sedes vecinales, donde se entregaron colaciones a los ni\u00f1os y ni\u00f1as.<\/p>\n<p style=\"text-align: justify;\">En esta oportunidad fueron reconocidas por su trabajo y compromiso Jaqueline Carrasco, Presidenta de la Agrupaci\u00f3n Mirando Hacia el Futuro; Ver\u00f3nica Legue, Presidenta de la JJ.VV. Achen n\u00b04 Ampliaci\u00f3n Pablo Neruda; Luis Vera, Presidente del Comit\u00e9 de Ampliaci\u00f3n y Desarrollo Villa Bicentenario y Ramona P\u00e9rez, Presidenta de la Junta de Vecinos Villa Patagonia.<\/p>\n<p style=\"text-align: justify;\">Tambi\u00e9n fueron destacadas por su labor y aporte al desarrollo de las iniciativas financiadas por el programa Barrios en Acci\u00f3n integrantes de la Directiva de la Agrupaci\u00f3n Mirando Hacia el Futuro: Miriam C\u00e1rcamo, Marcia Maldonado e Ignacia Ulloa. Mireya Huichapai de la Junta de Vecinos El Bosque, junto a Blanca Nahuel y Mirta Alvarado de la Junta de Vecinos de Villa Patagonia.<\/p>\n<p style=\"text-align: justify;\">Fernanda Leiva, Directora Regional del FOSIS en Ays\u00e9n, despu\u00e9s de haber escuchado y compartido con los miembros del grupo motor, asegur\u00f3 que \u201cla sensaci\u00f3n es de compromiso, me voy con una satisfacci\u00f3n muy grande de conocer a las dirigentas y el dirigente de estas juntas de vecinos que dedican su tiempo y esfuerzo en el beneficio de sus comunidades, vecinas y vecinos. Escuchamos experiencias muy bonitas y estamos muy contentos porque el programa cumpli\u00f3 su objetivo. Nos vamos con la tarea de seguir apoyando y me voy muy agradecida de poder haber conocido esta experiencia exitosa del programa Barrios en Acci\u00f3n\u201d.<\/p>\n<p style=\"text-align: justify;\">La presidenta de la Agrupaci\u00f3n Mirando Hacia el Futuro y coordinadora de la JJ.VV. de la poblaci\u00f3n El Bosque, Jaqueline Carrasco, recalc\u00f3 que \u201cestamos s\u00faper agradecidos de este proyecto, ya que con eso pudimos volver a juntar a nuestros vecinos haciendo actividades entretenidas para ellos, en especial la \u00faltima actividad de jornada deportiva que tuvimos, el campeonato de f\u00fatbol que hicimos en el gimnasio del Ex Liceo Rep\u00fablica Argentina, donde las familias quedaron muy contentas. Este proyecto fue muy lindo para nosotros como dirigentes ya que pudimos reactivar lo que anteriormente hac\u00edamos, pero en este caso con las otras Juntas de Vecinos del pol\u00edgono\u201d.<\/p>\n<p style=\"text-align: justify;\">Samuel Navarro, Delegado Presidencial Regional (S) de Ays\u00e9n, por su parte, manifest\u00f3: \u201cMe voy muy contento y satisfecho de conocer esta experiencia, creo que es importante mantenerla en el tiempo. Al escuchar las experiencias que transmiten los vecinos, lo que han hecho, c\u00f3mo ha sido la participaci\u00f3n y este ejercicio de aprendizajes que han tenido, nos permite mirar con optimismo el futuro. Aqu\u00ed hay una recomposici\u00f3n del tejido social en una \u00e9poca donde nos afect\u00f3 la pandemia. Es un bonito ejemplo, ahora hay que hacer una evaluaci\u00f3n de todo lo que ha sido este programa, para ver como lo fortalecemos a futuro porque nos parece que este es el camino, donde la gente participa y hay una co-construcci\u00f3n de parte del Gobierno con los vecinos y vecinas de Coyhaique\u201d.<\/p>\n<p style=\"text-align: justify;\">El Coordinador Regional de la Subsecretar\u00eda de Prevenci\u00f3n del Delito, Crist\u00f3bal Barcel\u00f3, agreg\u00f3 que \u201cpara nosotros es muy importante relevar estos casos y estas instancias donde la comunidad se organiza y es capaz de desarrollar acciones que van directamente en la prevenci\u00f3n de los delitos, porque prevenir delitos y la seguridad p\u00fablica no s\u00f3lo tiene que ver con la construcci\u00f3n de infraestructura o instalaci\u00f3n de c\u00e1maras, si no que tiene que ver con la organizaci\u00f3n de las comunidades, con que las juntas de vecinos se conozcan o que sean capaces de ayudarse y finalmente como bien se ha mencionado, que sea una co-construcci\u00f3n en materia de autocuidado y prevenci\u00f3n de delitos\u201d.<\/p>\n<p style=\"text-align: justify;\">Gracias al convenio colaborativo entre FOSIS y la SPD, fue posible la transferencia de recursos, aunando esfuerzos para ejecutar el programa Barrios en Acci\u00f3n en Coyhaique, donde se trabaj\u00f3 principalmente en los pilares comunidad y familia.<\/p>\n<\/div><\/section><\/div><div  style='height:50px' class='hr hr-invisible   avia-builder-el-6  el_after_av_one_full  el_before_av_social_share '><span class='hr-inner ' ><span class='hr-inner-style'><\/span><\/span><\/div><\/p>\n<div  class='av-social-sharing-box  avia-builder-el-7  el_after_av_hr  el_before_av_hr  '><div class='av-share-box'><h5 class='av-share-link-description av-no-toc '>Compartir esta noticia<\/h5><ul class='av-share-box-list noLightbox'><li class='av-share-link av-social-link-facebook' ><a target=\"_blank\" aria-label=\"Compartir en Facebook\" href='https:\/\/www.facebook.com\/sharer.php?u=https:\/\/radiorevelacionfm.cl\/?p=19162&#038;t=Barrios%20en%20Acci%C3%B3n%20permiti%C3%B3%20financiar%203%20iniciativas%20propuestas%20y%20priorizadas%20por%20vecinos%2Fas%20de%20Coyhaique' aria-hidden='false' data-av_icon='\ue8f3' data-av_iconfont='entypo-fontello' title='' data-avia-related-tooltip='Compartir en Facebook' rel=\"noopener\"><span class='avia_hidden_link_text'>Compartir en Facebook<\/span><\/a><\/li><li class='av-share-link av-social-link-twitter' ><a target=\"_blank\" aria-label=\"Compartir en Twitter\" href='https:\/\/twitter.com\/share?text=Barrios%20en%20Acci%C3%B3n%20permiti%C3%B3%20financiar%203%20iniciativas%20propuestas%20y%20priorizadas%20por%20vecinos%2Fas%20de%20Coyhaique&#038;url=https:\/\/radiorevelacionfm.cl\/?p=19162' aria-hidden='false' data-av_icon='\ue8f1' data-av_iconfont='entypo-fontello' title='' data-avia-related-tooltip='Compartir en Twitter' rel=\"noopener\"><span class='avia_hidden_link_text'>Compartir en Twitter<\/span><\/a><\/li><li class='av-share-link av-social-link-whatsapp' ><a target=\"_blank\" aria-label=\"Compartir en Whatsapp\" href='https:\/\/api.whatsapp.com\/send?text=https:\/\/radiorevelacionfm.cl\/?p=19162' aria-hidden='false' data-av_icon='\uf232' data-av_iconfont='entypo-fontello' title='' data-avia-related-tooltip='Compartir en Whatsapp' rel=\"noopener\"><span class='avia_hidden_link_text'>Compartir en Whatsapp<\/span><\/a><\/li><li class='av-share-link av-social-link-linkedin' ><a target=\"_blank\" aria-label=\"Compartir en LinkedIn\" href='https:\/\/linkedin.com\/shareArticle?mini=true&#038;title=Barrios%20en%20Acci%C3%B3n%20permiti%C3%B3%20financiar%203%20iniciativas%20propuestas%20y%20priorizadas%20por%20vecinos%2Fas%20de%20Coyhaique&#038;url=https:\/\/radiorevelacionfm.cl\/?p=19162' aria-hidden='false' data-av_icon='\ue8fc' data-av_iconfont='entypo-fontello' title='' data-avia-related-tooltip='Compartir en LinkedIn' rel=\"noopener\"><span class='avia_hidden_link_text'>Compartir en LinkedIn<\/span><\/a><\/li><li class='av-share-link av-social-link-mail' ><a  aria-label=\"Compartir por correo\" href='mailto:?subject=Barrios%20en%20Acci%C3%B3n%20permiti%C3%B3%20financiar%203%20iniciativas%20propuestas%20y%20priorizadas%20por%20vecinos%2Fas%20de%20Coyhaique&#038;body=https:\/\/radiorevelacionfm.cl\/?p=19162' aria-hidden='false' data-av_icon='\ue805' data-av_iconfont='entypo-fontello' title='' data-avia-related-tooltip='Compartir por correo'><span class='avia_hidden_link_text'>Compartir por correo<\/span><\/a><\/li><\/ul><\/div><\/div>\n<div  style='height:50px' class='hr hr-invisible   avia-builder-el-8  el_after_av_social_share  el_before_av_comments_list '><span class='hr-inner ' ><span class='hr-inner-style'><\/span><\/span><\/div>\n<div  class='av-buildercomment  av-blog-meta-html-info-disabled av-blog-meta-tag-disabled  '><\/div>\n","protected":false},"excerpt":{"rendered":"","protected":false},"author":1,"featured_media":19163,"comment_status":"open","ping_status":"open","sticky":false,"template":"","format":"standard","meta":{"footnotes":""},"categories":[38],"tags":[],"class_list":["post-19162","post","type-post","status-publish","format-standard","has-post-thumbnail","hentry","category-regional"],"jetpack_featured_media_url":"https:\/\/radiorevelacionfm.cl\/wp-content\/uploads\/2022\/07\/cierre-barrios-en-accion-1_optimized.jpg","_links":{"self":[{"href":"https:\/\/radiorevelacionfm.cl\/index.php?rest_route=\/wp\/v2\/posts\/19162","targetHints":{"allow":["GET"]}}],"collection":[{"href":"https:\/\/radiorevelacionfm.cl\/index.php?rest_route=\/wp\/v2\/posts"}],"about":[{"href":"https:\/\/radiorevelacionfm.cl\/index.php?rest_route=\/wp\/v2\/types\/post"}],"author":[{"embeddable":true,"href":"https:\/\/radiorevelacionfm.cl\/index.php?rest_route=\/wp\/v2\/users\/1"}],"replies":[{"embeddable":true,"href":"https:\/\/radiorevelacionfm.cl\/index.php?rest_route=%2Fwp%2Fv2%2Fcomments&post=19162"}],"version-history":[{"count":2,"href":"https:\/\/radiorevelacionfm.cl\/index.php?rest_route=\/wp\/v2\/posts\/19162\/revisions"}],"predecessor-version":[{"id":19165,"href":"https:\/\/radiorevelacionfm.cl\/index.php?rest_route=\/wp\/v2\/posts\/19162\/revisions\/19165"}],"wp:featuredmedia":[{"embeddable":true,"href":"https:\/\/radiorevelacionfm.cl\/index.php?rest_route=\/wp\/v2\/media\/19163"}],"wp:attachment":[{"href":"https:\/\/radiorevelacionfm.cl\/index.php?rest_route=%2Fwp%2Fv2%2Fmedia&parent=19162"}],"wp:term":[{"taxonomy":"category","embeddable":true,"href":"https:\/\/radiorevelacionfm.cl\/index.php?rest_route=%2Fwp%2Fv2%2Fcategories&post=19162"},{"taxonomy":"post_tag","embeddable":true,"href":"https:\/\/radiorevelacionfm.cl\/index.php?rest_route=%2Fwp%2Fv2%2Ftags&post=19162"}],"curies":[{"name":"wp","href":"https:\/\/api.w.org\/{rel}","templated":true}]}}