{"id":1916,"date":"2021-01-19T14:11:37","date_gmt":"2021-01-19T17:11:37","guid":{"rendered":"https:\/\/radiorevelacionfm.cl\/?p=1916"},"modified":"2021-01-19T14:20:10","modified_gmt":"2021-01-19T17:20:10","slug":"juzgado-de-garantia-de-chile-chico-decreta-prision-preventiva-para-imputado-por-homicidio-frustrado","status":"publish","type":"post","link":"https:\/\/radiorevelacionfm.cl\/?p=1916","title":{"rendered":"Juzgado de Garant\u00eda de Chile Chico decreta Prisi\u00f3n Preventiva para imputado por homicidio frustrado"},"content":{"rendered":"<div class=\"flex_column av_one_full  flex_column_div av-zero-column-padding first  avia-builder-el-0  el_before_av_one_full  avia-builder-el-first  \" style='border-radius:0px; '><div  class='avia-image-container  av-styling-    avia-builder-el-1  avia-builder-el-no-sibling  avia-align-center '  itemprop=\"image\" itemscope=\"itemscope\" itemtype=\"https:\/\/schema.org\/ImageObject\"  ><div class='avia-image-container-inner'><div class='avia-image-overlay-wrap'><img decoding=\"async\" class='wp-image-0 avia-img-lazy-loading-not-0 avia_image' src=\"https:\/\/radiorevelacionfm.cl\/wp-content\/uploads\/2021\/01\/Audiencia-Chile-Chico-19-de-enero-1.jpg\" alt='' title=''   itemprop=\"thumbnailUrl\"  \/><\/div><\/div><\/div><\/div><div class=\"flex_column av_one_full  flex_column_div av-zero-column-padding first  avia-builder-el-2  el_after_av_one_full  el_before_av_one_full  column-top-margin\" style='border-radius:0px; '><section class=\"av_textblock_section \"  itemscope=\"itemscope\" itemtype=\"https:\/\/schema.org\/BlogPosting\" itemprop=\"blogPost\" ><div class='avia_textblock  '   itemprop=\"text\" ><p style=\"text-align: center;\"><span style=\"font-size: 18pt;\"><strong>Juzgado de Garant\u00eda de Chile Chico decreta Prisi\u00f3n Preventiva para imputado por homicidio frustrado<\/strong><\/span><\/p>\n<div id=\"gtx-trans\" style=\"position: absolute; left: -50px; top: 4.31534px;\">\n<div class=\"gtx-trans-icon\"><\/div>\n<\/div>\n<\/div><\/section><\/div><div class=\"flex_column av_one_full  flex_column_div av-zero-column-padding first  avia-builder-el-4  el_after_av_one_full  el_before_av_hr  column-top-margin\" style='border-radius:0px; '><section class=\"av_textblock_section \"  itemscope=\"itemscope\" itemtype=\"https:\/\/schema.org\/BlogPosting\" itemprop=\"blogPost\" ><div class='avia_textblock  '   itemprop=\"text\" ><p style=\"font-weight: 400; text-align: justify;\">El\u00a0Juzgado\u00a0de\u00a0Garant\u00eda\u00a0de Chile Chico dej\u00f3 hoy \u2013martes 19 de enero\u2013 sujeto a la medida cautelar de prisi\u00f3n preventiva a Sebasti\u00e1n Luis Barr\u00eda Villarroel, imputado por el Ministerio P\u00fablico como autor de los delitos de homicidio frustrado y por poner en peligro la salud p\u00fablica en tiempo de cat\u00e1strofe (art\u00edculo\u00a0318\u00a0del C\u00f3digo Penal). Il\u00edcitos perpetrados el s\u00e1bado reci\u00e9n pasado, en la comuna.<\/p>\n<p style=\"font-weight: 400; text-align: justify;\">En la audiencia de formalizaci\u00f3n de la investigaci\u00f3n (causa rol 16-2021), el magistrado Guillermo Frene Candia orden\u00f3 el ingreso de Barr\u00eda Villarroel al Centro de Detenci\u00f3n Penitenciario de Chile Chico, por considerar que la libertad del imputado constituye un peligro para la seguridad de la sociedad. Adem\u00e1s, fij\u00f3 en 90 d\u00edas el plazo de investigaci\u00f3n.<\/p>\n<p style=\"font-weight: 400; text-align: justify;\">Seg\u00fan el ente persecutor, aproximadamente a las seis de la tarde del s\u00e1bado 16 de enero de 2021, Barr\u00eda Villarroel concurri\u00f3 hasta un domicilio ubicado en la calle Trizano de la ciudad. Lugar donde sostuvo una fuerte discusi\u00f3n con la v\u00edctima, V\u00edctor Cumi\u00e1n Rebolledo. Ambos salieron al exterior del inmueble para pelear, momento en el cual el imputado extrajo de entre su ropa un cuchillo, tipo cocinero, de 14,5 cent\u00edmetros. Arma blanca con la que agredi\u00f3 a la v\u00edctima, propin\u00e1ndole tres pu\u00f1aladas en brazos y est\u00f3mago. Heridas que, de no mediar socorro oportuno, podr\u00edan haber provocado el fallecimiento de Cumi\u00e1n Rebolledo.<\/p>\n<p style=\"font-weight: 400; text-align: justify;\">Tras la agresi\u00f3n, el imputado huy\u00f3 del lugar, siendo detenido por funcionarios de Carabineros en el sector camino internacional a las 18.20 horas aproximadamente, sin portar salvoconducto, ni permisos para transitar por la v\u00eda p\u00fablica, infringiendo, adem\u00e1s, la restricci\u00f3n de desplazamiento impuesta en prevenci\u00f3n de la pandemia coronavirus.<\/p>\n<\/div><\/section><\/div><div  style='height:50px' class='hr hr-invisible   avia-builder-el-6  el_after_av_one_full  el_before_av_social_share '><span class='hr-inner ' ><span class='hr-inner-style'><\/span><\/span><\/div><\/p>\n<div  class='av-social-sharing-box  avia-builder-el-7  el_after_av_hr  el_before_av_hr  '><div class='av-share-box'><h5 class='av-share-link-description av-no-toc '>Compartir esta noticia<\/h5><ul class='av-share-box-list noLightbox'><li class='av-share-link av-social-link-facebook' ><a target=\"_blank\" aria-label=\"Compartir en Facebook\" href='https:\/\/www.facebook.com\/sharer.php?u=https:\/\/radiorevelacionfm.cl\/?p=1916&#038;t=Juzgado%20de%20Garant%C3%ADa%20de%20Chile%20Chico%20decreta%20Prisi%C3%B3n%20Preventiva%20para%20imputado%20por%20homicidio%20frustrado' aria-hidden='false' data-av_icon='\ue8f3' data-av_iconfont='entypo-fontello' title='' data-avia-related-tooltip='Compartir en Facebook' rel=\"noopener\"><span class='avia_hidden_link_text'>Compartir en Facebook<\/span><\/a><\/li><li class='av-share-link av-social-link-twitter' ><a target=\"_blank\" aria-label=\"Compartir en Twitter\" href='https:\/\/twitter.com\/share?text=Juzgado%20de%20Garant%C3%ADa%20de%20Chile%20Chico%20decreta%20Prisi%C3%B3n%20Preventiva%20para%20imputado%20por%20homicidio%20frustrado&#038;url=https:\/\/radiorevelacionfm.cl\/?p=1916' aria-hidden='false' data-av_icon='\ue8f1' data-av_iconfont='entypo-fontello' title='' data-avia-related-tooltip='Compartir en Twitter' rel=\"noopener\"><span class='avia_hidden_link_text'>Compartir en Twitter<\/span><\/a><\/li><li class='av-share-link av-social-link-whatsapp' ><a target=\"_blank\" aria-label=\"Compartir en Whatsapp\" href='https:\/\/api.whatsapp.com\/send?text=https:\/\/radiorevelacionfm.cl\/?p=1916' aria-hidden='false' data-av_icon='\uf232' data-av_iconfont='entypo-fontello' title='' data-avia-related-tooltip='Compartir en Whatsapp' rel=\"noopener\"><span class='avia_hidden_link_text'>Compartir en Whatsapp<\/span><\/a><\/li><li class='av-share-link av-social-link-linkedin' ><a target=\"_blank\" aria-label=\"Compartir en LinkedIn\" href='https:\/\/linkedin.com\/shareArticle?mini=true&#038;title=Juzgado%20de%20Garant%C3%ADa%20de%20Chile%20Chico%20decreta%20Prisi%C3%B3n%20Preventiva%20para%20imputado%20por%20homicidio%20frustrado&#038;url=https:\/\/radiorevelacionfm.cl\/?p=1916' aria-hidden='false' data-av_icon='\ue8fc' data-av_iconfont='entypo-fontello' title='' data-avia-related-tooltip='Compartir en LinkedIn' rel=\"noopener\"><span class='avia_hidden_link_text'>Compartir en LinkedIn<\/span><\/a><\/li><li class='av-share-link av-social-link-mail' ><a  aria-label=\"Compartir por correo\" href='mailto:?subject=Juzgado%20de%20Garant%C3%ADa%20de%20Chile%20Chico%20decreta%20Prisi%C3%B3n%20Preventiva%20para%20imputado%20por%20homicidio%20frustrado&#038;body=https:\/\/radiorevelacionfm.cl\/?p=1916' aria-hidden='false' data-av_icon='\ue805' data-av_iconfont='entypo-fontello' title='' data-avia-related-tooltip='Compartir por correo'><span class='avia_hidden_link_text'>Compartir por correo<\/span><\/a><\/li><\/ul><\/div><\/div>\n<div  style='height:50px' class='hr hr-invisible   avia-builder-el-8  el_after_av_social_share  el_before_av_comments_list '><span class='hr-inner ' ><span class='hr-inner-style'><\/span><\/span><\/div>\n<div  class='av-buildercomment  av-blog-meta-html-info-disabled av-blog-meta-tag-disabled  '><\/div>\n","protected":false},"excerpt":{"rendered":"","protected":false},"author":1,"featured_media":0,"comment_status":"open","ping_status":"open","sticky":false,"template":"","format":"standard","meta":{"footnotes":""},"categories":[55],"tags":[],"class_list":["post-1916","post","type-post","status-publish","format-standard","hentry","category-justicia"],"jetpack_featured_media_url":"","_links":{"self":[{"href":"https:\/\/radiorevelacionfm.cl\/index.php?rest_route=\/wp\/v2\/posts\/1916","targetHints":{"allow":["GET"]}}],"collection":[{"href":"https:\/\/radiorevelacionfm.cl\/index.php?rest_route=\/wp\/v2\/posts"}],"about":[{"href":"https:\/\/radiorevelacionfm.cl\/index.php?rest_route=\/wp\/v2\/types\/post"}],"author":[{"embeddable":true,"href":"https:\/\/radiorevelacionfm.cl\/index.php?rest_route=\/wp\/v2\/users\/1"}],"replies":[{"embeddable":true,"href":"https:\/\/radiorevelacionfm.cl\/index.php?rest_route=%2Fwp%2Fv2%2Fcomments&post=1916"}],"version-history":[{"count":1,"href":"https:\/\/radiorevelacionfm.cl\/index.php?rest_route=\/wp\/v2\/posts\/1916\/revisions"}],"predecessor-version":[{"id":1918,"href":"https:\/\/radiorevelacionfm.cl\/index.php?rest_route=\/wp\/v2\/posts\/1916\/revisions\/1918"}],"wp:attachment":[{"href":"https:\/\/radiorevelacionfm.cl\/index.php?rest_route=%2Fwp%2Fv2%2Fmedia&parent=1916"}],"wp:term":[{"taxonomy":"category","embeddable":true,"href":"https:\/\/radiorevelacionfm.cl\/index.php?rest_route=%2Fwp%2Fv2%2Fcategories&post=1916"},{"taxonomy":"post_tag","embeddable":true,"href":"https:\/\/radiorevelacionfm.cl\/index.php?rest_route=%2Fwp%2Fv2%2Ftags&post=1916"}],"curies":[{"name":"wp","href":"https:\/\/api.w.org\/{rel}","templated":true}]}}