{"id":19147,"date":"2022-07-14T16:02:40","date_gmt":"2022-07-14T19:02:40","guid":{"rendered":"https:\/\/radiorevelacionfm.cl\/?p=19147"},"modified":"2022-07-14T16:02:40","modified_gmt":"2022-07-14T19:02:40","slug":"ministerio-de-ciencia-abre-concursos-para-la-generacion-y-divulgacion-de-la-ciencia-y-conocimientos","status":"publish","type":"post","link":"https:\/\/radiorevelacionfm.cl\/?p=19147","title":{"rendered":"Ministerio de Ciencia abre concursos para la generaci\u00f3n y divulgaci\u00f3n de la ciencia y conocimientos"},"content":{"rendered":"<div class=\"flex_column av_one_full  flex_column_div av-zero-column-padding first  avia-builder-el-0  el_before_av_one_full  avia-builder-el-first  \" style='border-radius:0px; '><div  class='avia-image-container  av-styling-    avia-builder-el-1  avia-builder-el-no-sibling  avia-align-center '  itemprop=\"image\" itemscope=\"itemscope\" itemtype=\"https:\/\/schema.org\/ImageObject\"  ><div class='avia-image-container-inner'><div class='avia-image-overlay-wrap'><img decoding=\"async\" class='wp-image-19150 avia-img-lazy-loading-not-19150 avia_image' src=\"https:\/\/radiorevelacionfm.cl\/wp-content\/uploads\/2022\/07\/image-60-1_optimized.jpg\" alt='' title='image-(60)-(1)_optimized' height=\"600\" width=\"872\"  itemprop=\"thumbnailUrl\" srcset=\"https:\/\/radiorevelacionfm.cl\/wp-content\/uploads\/2022\/07\/image-60-1_optimized.jpg 872w, https:\/\/radiorevelacionfm.cl\/wp-content\/uploads\/2022\/07\/image-60-1_optimized-300x206.jpg 300w, https:\/\/radiorevelacionfm.cl\/wp-content\/uploads\/2022\/07\/image-60-1_optimized-768x528.jpg 768w, https:\/\/radiorevelacionfm.cl\/wp-content\/uploads\/2022\/07\/image-60-1_optimized-705x485.jpg 705w, https:\/\/radiorevelacionfm.cl\/wp-content\/uploads\/2022\/07\/image-60-1_optimized-600x413.jpg 600w\" sizes=\"(max-width: 872px) 100vw, 872px\" \/><\/div><\/div><\/div><\/div><div class=\"flex_column av_one_full  flex_column_div av-zero-column-padding first  avia-builder-el-2  el_after_av_one_full  el_before_av_one_full  column-top-margin\" style='border-radius:0px; '><section class=\"av_textblock_section \"  itemscope=\"itemscope\" itemtype=\"https:\/\/schema.org\/BlogPosting\" itemprop=\"blogPost\" ><div class='avia_textblock  '   itemprop=\"text\" ><p style=\"text-align: center;\"><strong><span style=\"font-size: 18pt;\">Ministerio de Ciencia abre concursos para la generaci\u00f3n y divulgaci\u00f3n de la ciencia y conocimientos\u00a0<\/span><\/strong><\/p>\n<div id=\"gtx-trans\" style=\"position: absolute; left: -50px; top: 4.31534px;\">\n<div class=\"gtx-trans-icon\"><\/div>\n<\/div>\n<\/div><\/section><\/div><\/p>\n<div class=\"flex_column av_one_full  flex_column_div av-zero-column-padding first  avia-builder-el-4  el_after_av_one_full  el_before_av_hr  column-top-margin\" style='border-radius:0px; '><section class=\"av_textblock_section \"  itemscope=\"itemscope\" itemtype=\"https:\/\/schema.org\/BlogPosting\" itemprop=\"blogPost\" ><div class='avia_textblock  '   itemprop=\"text\" ><p dir=\"ltr\" style=\"text-align: justify;\">El Ministerio de Ciencia, Tecnolog\u00eda, Conocimiento e Innovaci\u00f3n anunci\u00f3 el inicio de las postulaciones a los concursos \u00abCiencia P\u00fablica\u00bb 2022. La iniciativa tiene un fondo total de $1.428 millones y su objetivo es promover la generaci\u00f3n de espacios y experiencias en los que ocurra una interacci\u00f3n entre las personas y el conocimiento en distintos formatos. Para\u00a0 ello, este a\u00f1o se han impulsado 3 \u00e1reas de postulaci\u00f3n: espacios p\u00fablicos, proyectos de divulgaci\u00f3n y proyectos comunitarios.<\/p>\n<p dir=\"ltr\" style=\"text-align: justify;\">Los concursos estar\u00e1n abiertos para todas las regiones del pa\u00eds, y en caso de impulsar un proyecto asociado a espacios p\u00fablicos, se entregar\u00e1 un financiamiento mayor a aquellos provenientes de zonas extremas, como lo son las regiones de Ays\u00e9n y Magallanes y la Ant\u00e1rtica Chilena. \u00abCiencia P\u00fablica\u00bb 2022 adem\u00e1s apoyar\u00e1 iniciativas asociadas a productos de divulgaci\u00f3n, como libros, podcast, obras de teatro, y tambi\u00e9n los que se asocien por medio de organizaciones territoriales o comunitarias.<\/p>\n<p dir=\"ltr\" style=\"text-align: justify;\">Respecto a esta nueva convocatoria, la seremi de Ciencia, Ver\u00f3nica Vallejos, indic\u00f3 que \u00abcomo MinCiencia buscamos que el conocimiento se difunda a todos los territorios y que las comunidades se apropien de \u00e9l. Este es el gran objetivo de Ciencia P\u00fablica, que diferentes organizaciones y grupos sociales acerquen las ciencias y los conocimientos a trav\u00e9s de proyectos innovadores, comunitarios y asociativos, y que se produzca un di\u00e1logo entre las comunidades territoriales y las distintas disciplinas, para mejorar la calidad de vida de las personas\u00bb.<\/p>\n<p dir=\"ltr\" style=\"text-align: justify;\"><strong>Ciencia P\u00fablica en Ays\u00e9n<\/strong><\/p>\n<p dir=\"ltr\" style=\"text-align: justify;\">Dos son los proyectos que se est\u00e1n realizando en la regi\u00f3n gracias a \u00abCiencia P\u00fablica\u00bb 2021. El primero, \u00abPasareleando entre la Ciencia y la Cultura\u00bb, corresponde a la categor\u00eda Espacios P\u00fablicos, y es ejecutado por el Centro Copas Sur Austral de la Universidad de Concepci\u00f3n, en Tortel. \u00c9ste consiste en la instalaci\u00f3n de un t\u00fanel transparente que unir\u00e1 el Laboratorio de Oceanograf\u00eda con la Casa de la Cultura, y permitir\u00e1 que los transe\u00fantes y visitantes se inserten en el paisaje, teniendo por un lado la vegetaci\u00f3n de la ladera y, por el otro, el paisaje del fiordo. La estructura contar\u00e1 con infograf\u00edas y m\u00f3dulos interactivos que aportar\u00e1n informaci\u00f3n cient\u00edfica de la regi\u00f3n.<\/p>\n<p dir=\"ltr\" style=\"text-align: justify;\">En relaci\u00f3n al concurso, Mitzi Acevedo, directora ejecutiva, coment\u00f3 que la ciencia adquiere mayor valor en la medida que se comunique su trascendencia y se ponga al servicio de la sociedad para que contribuya al conocimiento, comprensi\u00f3n y conservaci\u00f3n de la vida. \u00abMuchas veces no se sabe qu\u00e9 hacemos y nosotros no sabemos cu\u00e1n valioso es o podr\u00eda ser nuestro aporte para el entorno. Hay preguntas y necesidades de la poblaci\u00f3n que podr\u00edamos resolver si existiese mayor cercan\u00eda entre estos mundos. Si somos capaces de difundir y divulgar el quehacer cient\u00edfico, que es lo que se logra con el financiamiento de Ciencia P\u00fablica, podremos mejorar esa relaci\u00f3n, y contribuir a que nuestra poblaci\u00f3n est\u00e9 mejor preparada, y empoderada para el desarrollo del pa\u00eds que queremos\u00bb.<\/p>\n<p dir=\"ltr\" style=\"text-align: justify;\">El segundo, \u00abBorde del R\u00edo del valle Simpson: Laboratorio Natural para el Rescate Patrimonial\u00bb, corresponde a la categor\u00eda Proyectos Comunitarios y es ejecutado por el Centro de Padres y Apoderados Valle Simpson. Esta iniciativa implementa el m\u00e9todo cient\u00edfico desde la mirada ciudadana, a trav\u00e9s del descubrimiento de diversos saberes sobre el impacto ambiental provocado en el ecosistema, asociado a nuevas actividades sociales y econ\u00f3micas. Asimismo, a trav\u00e9s del registro hist\u00f3rico se busca reconocer c\u00f3mo era el valle antes, reflexionando en c\u00f3mo se podr\u00eda recuperar.<\/p>\n<p dir=\"ltr\" style=\"text-align: justify;\">Su Directora, Paz Foitzich, recalc\u00f3 la importancia de que el ministerio financie este tipo de iniciativas que acercan la ciencia a la comunidad y permiten resolver problemas de la vida cotidiana. \u00abGracias a este concurso, que involucra la escuela rural Valle Simpson, los estudiantes han tenido la oportunidad de aprender distintas metodolog\u00edas para resolver problemas. El nexo que tienen con los cient\u00edficos en el proyecto hace que efectivamente puedan aplicar la metodolog\u00eda de la indagaci\u00f3n en la resoluci\u00f3n de problemas. Esperamos que el MinCiencia pueda seguir ampliando la cobertura para que m\u00e1s escuelas, centros de padres y organizaciones comunitarias puedan acceder a este tipo de financiamiento\u00bb.<\/p>\n<p dir=\"ltr\" style=\"text-align: justify;\">Los proyectos de \u00abCiencia P\u00fablica\u00bb pueden desarrollarse en diversas disciplinas, incluyendo ciencias naturales y exactas, ciencias sociales e investigaci\u00f3n en artes y humanidades. La convocatoria se mantendr\u00e1 hasta el 10 de agosto y las postulaciones son a trav\u00e9s de la p\u00e1gina web <a href=\"http:\/\/cienciapublica.cl\/concursos\/\" target=\"_blank\" rel=\"noopener noreferrer\">http:\/\/cienciapublica.cl\/concursos\/<\/a>.<\/p>\n<\/div><\/section><\/div>\n<div  style='height:50px' class='hr hr-invisible   avia-builder-el-6  el_after_av_one_full  el_before_av_social_share '><span class='hr-inner ' ><span class='hr-inner-style'><\/span><\/span><\/div>\n<div  class='av-social-sharing-box  avia-builder-el-7  el_after_av_hr  el_before_av_hr  '><div class='av-share-box'><h5 class='av-share-link-description av-no-toc '>Compartir esta noticia<\/h5><ul class='av-share-box-list noLightbox'><li class='av-share-link av-social-link-facebook' ><a target=\"_blank\" aria-label=\"Compartir en Facebook\" href='https:\/\/www.facebook.com\/sharer.php?u=https:\/\/radiorevelacionfm.cl\/?p=19147&#038;t=Ministerio%20de%20Ciencia%20abre%20concursos%20para%20la%20generaci%C3%B3n%20y%20divulgaci%C3%B3n%20de%20la%20ciencia%20y%20conocimientos' aria-hidden='false' data-av_icon='\ue8f3' data-av_iconfont='entypo-fontello' title='' data-avia-related-tooltip='Compartir en Facebook' rel=\"noopener\"><span class='avia_hidden_link_text'>Compartir en Facebook<\/span><\/a><\/li><li class='av-share-link av-social-link-twitter' ><a target=\"_blank\" aria-label=\"Compartir en Twitter\" href='https:\/\/twitter.com\/share?text=Ministerio%20de%20Ciencia%20abre%20concursos%20para%20la%20generaci%C3%B3n%20y%20divulgaci%C3%B3n%20de%20la%20ciencia%20y%20conocimientos&#038;url=https:\/\/radiorevelacionfm.cl\/?p=19147' aria-hidden='false' data-av_icon='\ue8f1' data-av_iconfont='entypo-fontello' title='' data-avia-related-tooltip='Compartir en Twitter' rel=\"noopener\"><span class='avia_hidden_link_text'>Compartir en Twitter<\/span><\/a><\/li><li class='av-share-link av-social-link-whatsapp' ><a target=\"_blank\" aria-label=\"Compartir en Whatsapp\" href='https:\/\/api.whatsapp.com\/send?text=https:\/\/radiorevelacionfm.cl\/?p=19147' aria-hidden='false' data-av_icon='\uf232' data-av_iconfont='entypo-fontello' title='' data-avia-related-tooltip='Compartir en Whatsapp' rel=\"noopener\"><span class='avia_hidden_link_text'>Compartir en Whatsapp<\/span><\/a><\/li><li class='av-share-link av-social-link-linkedin' ><a target=\"_blank\" aria-label=\"Compartir en LinkedIn\" href='https:\/\/linkedin.com\/shareArticle?mini=true&#038;title=Ministerio%20de%20Ciencia%20abre%20concursos%20para%20la%20generaci%C3%B3n%20y%20divulgaci%C3%B3n%20de%20la%20ciencia%20y%20conocimientos&#038;url=https:\/\/radiorevelacionfm.cl\/?p=19147' aria-hidden='false' data-av_icon='\ue8fc' data-av_iconfont='entypo-fontello' title='' data-avia-related-tooltip='Compartir en LinkedIn' rel=\"noopener\"><span class='avia_hidden_link_text'>Compartir en LinkedIn<\/span><\/a><\/li><li class='av-share-link av-social-link-mail' ><a  aria-label=\"Compartir por correo\" href='mailto:?subject=Ministerio%20de%20Ciencia%20abre%20concursos%20para%20la%20generaci%C3%B3n%20y%20divulgaci%C3%B3n%20de%20la%20ciencia%20y%20conocimientos&#038;body=https:\/\/radiorevelacionfm.cl\/?p=19147' aria-hidden='false' data-av_icon='\ue805' data-av_iconfont='entypo-fontello' title='' data-avia-related-tooltip='Compartir por correo'><span class='avia_hidden_link_text'>Compartir por correo<\/span><\/a><\/li><\/ul><\/div><\/div>\n<div  style='height:50px' class='hr hr-invisible   avia-builder-el-8  el_after_av_social_share  el_before_av_comments_list '><span class='hr-inner ' ><span class='hr-inner-style'><\/span><\/span><\/div>\n<div  class='av-buildercomment  av-blog-meta-html-info-disabled av-blog-meta-tag-disabled  '><\/div>\n","protected":false},"excerpt":{"rendered":"","protected":false},"author":1,"featured_media":19150,"comment_status":"open","ping_status":"open","sticky":false,"template":"","format":"standard","meta":{"footnotes":""},"categories":[53],"tags":[],"class_list":["post-19147","post","type-post","status-publish","format-standard","has-post-thumbnail","hentry","category-ciencia"],"jetpack_featured_media_url":"https:\/\/radiorevelacionfm.cl\/wp-content\/uploads\/2022\/07\/image-60-1_optimized.jpg","_links":{"self":[{"href":"https:\/\/radiorevelacionfm.cl\/index.php?rest_route=\/wp\/v2\/posts\/19147","targetHints":{"allow":["GET"]}}],"collection":[{"href":"https:\/\/radiorevelacionfm.cl\/index.php?rest_route=\/wp\/v2\/posts"}],"about":[{"href":"https:\/\/radiorevelacionfm.cl\/index.php?rest_route=\/wp\/v2\/types\/post"}],"author":[{"embeddable":true,"href":"https:\/\/radiorevelacionfm.cl\/index.php?rest_route=\/wp\/v2\/users\/1"}],"replies":[{"embeddable":true,"href":"https:\/\/radiorevelacionfm.cl\/index.php?rest_route=%2Fwp%2Fv2%2Fcomments&post=19147"}],"version-history":[{"count":3,"href":"https:\/\/radiorevelacionfm.cl\/index.php?rest_route=\/wp\/v2\/posts\/19147\/revisions"}],"predecessor-version":[{"id":19223,"href":"https:\/\/radiorevelacionfm.cl\/index.php?rest_route=\/wp\/v2\/posts\/19147\/revisions\/19223"}],"wp:featuredmedia":[{"embeddable":true,"href":"https:\/\/radiorevelacionfm.cl\/index.php?rest_route=\/wp\/v2\/media\/19150"}],"wp:attachment":[{"href":"https:\/\/radiorevelacionfm.cl\/index.php?rest_route=%2Fwp%2Fv2%2Fmedia&parent=19147"}],"wp:term":[{"taxonomy":"category","embeddable":true,"href":"https:\/\/radiorevelacionfm.cl\/index.php?rest_route=%2Fwp%2Fv2%2Fcategories&post=19147"},{"taxonomy":"post_tag","embeddable":true,"href":"https:\/\/radiorevelacionfm.cl\/index.php?rest_route=%2Fwp%2Fv2%2Ftags&post=19147"}],"curies":[{"name":"wp","href":"https:\/\/api.w.org\/{rel}","templated":true}]}}