{"id":19144,"date":"2022-07-13T18:46:54","date_gmt":"2022-07-13T21:46:54","guid":{"rendered":"https:\/\/radiorevelacionfm.cl\/?p=19144"},"modified":"2022-07-13T18:46:54","modified_gmt":"2022-07-13T21:46:54","slug":"avanza-proyecto-para-construccion-de-box-clinicos-en-juntas-de-vecinos-de-coyhaique","status":"publish","type":"post","link":"https:\/\/radiorevelacionfm.cl\/?p=19144","title":{"rendered":"Avanza proyecto para construcci\u00f3n de box cl\u00ednicos en Juntas de Vecinos de Coyhaique"},"content":{"rendered":"<div class=\"flex_column av_one_full  flex_column_div av-zero-column-padding first  avia-builder-el-0  el_before_av_one_full  avia-builder-el-first  \" style='border-radius:0px; '><div  class='avia-image-container  av-styling-    avia-builder-el-1  avia-builder-el-no-sibling  avia-align-center '  itemprop=\"image\" itemscope=\"itemscope\" itemtype=\"https:\/\/schema.org\/ImageObject\"  ><div class='avia-image-container-inner'><div class='avia-image-overlay-wrap'><img decoding=\"async\" class='wp-image-19145 avia-img-lazy-loading-not-19145 avia_image' src=\"https:\/\/radiorevelacionfm.cl\/wp-content\/uploads\/2022\/07\/reunion-intersectorial-1-1.jpeg\" alt='' title='reuni\u00f3n intersectorial (1) (1)' height=\"600\" width=\"800\"  itemprop=\"thumbnailUrl\" srcset=\"https:\/\/radiorevelacionfm.cl\/wp-content\/uploads\/2022\/07\/reunion-intersectorial-1-1.jpeg 800w, https:\/\/radiorevelacionfm.cl\/wp-content\/uploads\/2022\/07\/reunion-intersectorial-1-1-300x225.jpeg 300w, https:\/\/radiorevelacionfm.cl\/wp-content\/uploads\/2022\/07\/reunion-intersectorial-1-1-768x576.jpeg 768w, https:\/\/radiorevelacionfm.cl\/wp-content\/uploads\/2022\/07\/reunion-intersectorial-1-1-705x529.jpeg 705w, https:\/\/radiorevelacionfm.cl\/wp-content\/uploads\/2022\/07\/reunion-intersectorial-1-1-600x450.jpeg 600w\" sizes=\"(max-width: 800px) 100vw, 800px\" \/><\/div><\/div><\/div><\/div><div class=\"flex_column av_one_full  flex_column_div av-zero-column-padding first  avia-builder-el-2  el_after_av_one_full  el_before_av_one_full  column-top-margin\" style='border-radius:0px; '><section class=\"av_textblock_section \"  itemscope=\"itemscope\" itemtype=\"https:\/\/schema.org\/BlogPosting\" itemprop=\"blogPost\" ><div class='avia_textblock  '   itemprop=\"text\" ><p style=\"text-align: center;\"><strong><span style=\"font-size: 18pt;\">Avanza proyecto para construcci\u00f3n de box cl\u00ednicos en Juntas de Vecinos de Coyhaique<\/span><\/strong><\/p>\n<div id=\"gtx-trans\" style=\"position: absolute; left: -50px; top: 4.31534px;\">\n<div class=\"gtx-trans-icon\"><\/div>\n<\/div>\n<\/div><\/section><\/div><div class=\"flex_column av_one_full  flex_column_div av-zero-column-padding first  avia-builder-el-4  el_after_av_one_full  el_before_av_hr  column-top-margin\" style='border-radius:0px; '><section class=\"av_textblock_section \"  itemscope=\"itemscope\" itemtype=\"https:\/\/schema.org\/BlogPosting\" itemprop=\"blogPost\" ><div class='avia_textblock  '   itemprop=\"text\" ><p style=\"text-align: justify;\">Luego de reuniones de trabajo entre la Autoridad Sanitaria y representantes del Consejo Asesor de la Seremi de Salud, uno de los aspectos que hoy se encuentra inserto dentro del plan de trabajo sectorial es generar las instancias que permitan la materializaci\u00f3n de un proyecto que permita la atenciones de profesionales m\u00e9dicos en distintas sedes comunitarias de Coyhaique; iniciativa donde interviene adem\u00e1s la Municipalidad de Coyhaique, la Subsecretar\u00eda de Desarrollo Regional en Ays\u00e9n y el Servicio de Salud, quienes contin\u00faan trabajando en favor de este proyecto.<\/p>\n<p style=\"text-align: justify;\">En este contexto, la Subdirectora (s) Gesti\u00f3n Asistencial del Servicio de Salud, Felicinda Vel\u00e1squez, se refiri\u00f3 a la participaci\u00f3n sectorial de este servicio en este proyecto. \u201cVinimos a trabajar junto a la Subdere, la Municipalidad y la Seremi de Salud en un proyecto para la construcci\u00f3n e implementaci\u00f3n de box cl\u00ednicos de atenci\u00f3n en las juntas de vecinos.\u00a0 Desde el Servicio de Salud buscamos apoyar en las normas t\u00e9cnicas b\u00e1sicas para que la construcci\u00f3n de los dispositivos est\u00e9 acorde a las normativas vigentes y tambi\u00e9n aportar con lo relacionado a recursos humanos, porque estos dispositivos nos van a permitir acercar la atenci\u00f3n de salud a la poblaci\u00f3n en las distintas JJVV de la comuna de Coyhaique\u201d.<\/p>\n<p style=\"text-align: justify;\">Por su parte, la Seremi de Salud Ays\u00e9n, Carmen Monsalve, tambi\u00e9n destac\u00f3 los alcances de estas coordinaciones y el trabajo intersectorial.\u00a0 \u201cEstamos super contentos porque acabamos de terminar nuestra segunda reuni\u00f3n con la Subdere, la Municipalidad de Coyhaique, el Servicio de Salud Ays\u00e9n y Atenci\u00f3n Primaria, para ir formulando este proyecto que se ha levantado desde las comunidades por medio del Consejo Asesor de la Seremi de Salud, para habilitar espacios de atenci\u00f3n en las sedes comunitarias que puedan cumplir con ciertos requisitos.\u00a0 Estamos contentos porque esta es una se\u00f1al clara de nuestro Gobierno de acercar las prestaciones de salud a la comunidad, y avanzar en esta construcci\u00f3n conjunta de una atenci\u00f3n primaria que sea muchos m\u00e1s resolutiva y cercana a la comunidad,\u201d puntualiz\u00f3.<\/p>\n<p style=\"text-align: justify;\">Actualmente, por medio del trabajo intersectorial de los servicios involucrados, se est\u00e1n definiendo los sectores donde se podr\u00edan incorporar los box de atenci\u00f3n m\u00e9dica, desde el punto de vista de infraestructura y ubicaci\u00f3n territorial para la atenci\u00f3n de la poblaci\u00f3n, para posteriormente dar paso a la formulaci\u00f3n del proyecto y su posterior postulaci\u00f3n a los fondos de la Subsecretar\u00eda de Desarrollo Regional (Subsedere).<\/p>\n<\/div><\/section><\/div><div  style='height:50px' class='hr hr-invisible   avia-builder-el-6  el_after_av_one_full  el_before_av_social_share '><span class='hr-inner ' ><span class='hr-inner-style'><\/span><\/span><\/div><\/p>\n<div  class='av-social-sharing-box  avia-builder-el-7  el_after_av_hr  el_before_av_hr  '><div class='av-share-box'><h5 class='av-share-link-description av-no-toc '>Compartir esta noticia<\/h5><ul class='av-share-box-list noLightbox'><li class='av-share-link av-social-link-facebook' ><a target=\"_blank\" aria-label=\"Compartir en Facebook\" href='https:\/\/www.facebook.com\/sharer.php?u=https:\/\/radiorevelacionfm.cl\/?p=19144&#038;t=Avanza%20proyecto%20para%20construcci%C3%B3n%20de%20box%20cl%C3%ADnicos%20en%20Juntas%20de%20Vecinos%20de%20Coyhaique' aria-hidden='false' data-av_icon='\ue8f3' data-av_iconfont='entypo-fontello' title='' data-avia-related-tooltip='Compartir en Facebook' rel=\"noopener\"><span class='avia_hidden_link_text'>Compartir en Facebook<\/span><\/a><\/li><li class='av-share-link av-social-link-twitter' ><a target=\"_blank\" aria-label=\"Compartir en Twitter\" href='https:\/\/twitter.com\/share?text=Avanza%20proyecto%20para%20construcci%C3%B3n%20de%20box%20cl%C3%ADnicos%20en%20Juntas%20de%20Vecinos%20de%20Coyhaique&#038;url=https:\/\/radiorevelacionfm.cl\/?p=19144' aria-hidden='false' data-av_icon='\ue8f1' data-av_iconfont='entypo-fontello' title='' data-avia-related-tooltip='Compartir en Twitter' rel=\"noopener\"><span class='avia_hidden_link_text'>Compartir en Twitter<\/span><\/a><\/li><li class='av-share-link av-social-link-whatsapp' ><a target=\"_blank\" aria-label=\"Compartir en Whatsapp\" href='https:\/\/api.whatsapp.com\/send?text=https:\/\/radiorevelacionfm.cl\/?p=19144' aria-hidden='false' data-av_icon='\uf232' data-av_iconfont='entypo-fontello' title='' data-avia-related-tooltip='Compartir en Whatsapp' rel=\"noopener\"><span class='avia_hidden_link_text'>Compartir en Whatsapp<\/span><\/a><\/li><li class='av-share-link av-social-link-linkedin' ><a target=\"_blank\" aria-label=\"Compartir en LinkedIn\" href='https:\/\/linkedin.com\/shareArticle?mini=true&#038;title=Avanza%20proyecto%20para%20construcci%C3%B3n%20de%20box%20cl%C3%ADnicos%20en%20Juntas%20de%20Vecinos%20de%20Coyhaique&#038;url=https:\/\/radiorevelacionfm.cl\/?p=19144' aria-hidden='false' data-av_icon='\ue8fc' data-av_iconfont='entypo-fontello' title='' data-avia-related-tooltip='Compartir en LinkedIn' rel=\"noopener\"><span class='avia_hidden_link_text'>Compartir en LinkedIn<\/span><\/a><\/li><li class='av-share-link av-social-link-mail' ><a  aria-label=\"Compartir por correo\" href='mailto:?subject=Avanza%20proyecto%20para%20construcci%C3%B3n%20de%20box%20cl%C3%ADnicos%20en%20Juntas%20de%20Vecinos%20de%20Coyhaique&#038;body=https:\/\/radiorevelacionfm.cl\/?p=19144' aria-hidden='false' data-av_icon='\ue805' data-av_iconfont='entypo-fontello' title='' data-avia-related-tooltip='Compartir por correo'><span class='avia_hidden_link_text'>Compartir por correo<\/span><\/a><\/li><\/ul><\/div><\/div>\n<div  style='height:50px' class='hr hr-invisible   avia-builder-el-8  el_after_av_social_share  el_before_av_comments_list '><span class='hr-inner ' ><span class='hr-inner-style'><\/span><\/span><\/div>\n<div  class='av-buildercomment  av-blog-meta-html-info-disabled av-blog-meta-tag-disabled  '><\/div>\n","protected":false},"excerpt":{"rendered":"","protected":false},"author":1,"featured_media":19145,"comment_status":"open","ping_status":"open","sticky":false,"template":"","format":"standard","meta":{"footnotes":""},"categories":[46],"tags":[],"class_list":["post-19144","post","type-post","status-publish","format-standard","has-post-thumbnail","hentry","category-salud"],"jetpack_featured_media_url":"https:\/\/radiorevelacionfm.cl\/wp-content\/uploads\/2022\/07\/reunion-intersectorial-1-1.jpeg","_links":{"self":[{"href":"https:\/\/radiorevelacionfm.cl\/index.php?rest_route=\/wp\/v2\/posts\/19144","targetHints":{"allow":["GET"]}}],"collection":[{"href":"https:\/\/radiorevelacionfm.cl\/index.php?rest_route=\/wp\/v2\/posts"}],"about":[{"href":"https:\/\/radiorevelacionfm.cl\/index.php?rest_route=\/wp\/v2\/types\/post"}],"author":[{"embeddable":true,"href":"https:\/\/radiorevelacionfm.cl\/index.php?rest_route=\/wp\/v2\/users\/1"}],"replies":[{"embeddable":true,"href":"https:\/\/radiorevelacionfm.cl\/index.php?rest_route=%2Fwp%2Fv2%2Fcomments&post=19144"}],"version-history":[{"count":2,"href":"https:\/\/radiorevelacionfm.cl\/index.php?rest_route=\/wp\/v2\/posts\/19144\/revisions"}],"predecessor-version":[{"id":19186,"href":"https:\/\/radiorevelacionfm.cl\/index.php?rest_route=\/wp\/v2\/posts\/19144\/revisions\/19186"}],"wp:featuredmedia":[{"embeddable":true,"href":"https:\/\/radiorevelacionfm.cl\/index.php?rest_route=\/wp\/v2\/media\/19145"}],"wp:attachment":[{"href":"https:\/\/radiorevelacionfm.cl\/index.php?rest_route=%2Fwp%2Fv2%2Fmedia&parent=19144"}],"wp:term":[{"taxonomy":"category","embeddable":true,"href":"https:\/\/radiorevelacionfm.cl\/index.php?rest_route=%2Fwp%2Fv2%2Fcategories&post=19144"},{"taxonomy":"post_tag","embeddable":true,"href":"https:\/\/radiorevelacionfm.cl\/index.php?rest_route=%2Fwp%2Fv2%2Ftags&post=19144"}],"curies":[{"name":"wp","href":"https:\/\/api.w.org\/{rel}","templated":true}]}}