{"id":19139,"date":"2022-07-13T13:52:46","date_gmt":"2022-07-13T16:52:46","guid":{"rendered":"https:\/\/radiorevelacionfm.cl\/?p=19139"},"modified":"2022-07-13T14:23:08","modified_gmt":"2022-07-13T17:23:08","slug":"impresentable-situacion-y-malestar-existe-en-la-comunidad-de-ohiggins-por-desabastecimiento-de-combustible-de-barcaza-antonio-ronchi","status":"publish","type":"post","link":"https:\/\/radiorevelacionfm.cl\/?p=19139","title":{"rendered":"Impresentable situaci\u00f3n, malestar existe en la comunidad de O\u2019higgins por desabastecimiento de combustible de \u201cBarcaza Antonio Ronchi\u201d"},"content":{"rendered":"<div class=\"flex_column av_one_full  flex_column_div av-zero-column-padding first  avia-builder-el-0  el_before_av_one_full  avia-builder-el-first  \" style='border-radius:0px; '><div  class='avia-image-container  av-styling-    avia-builder-el-1  avia-builder-el-no-sibling  avia-align-center '  itemprop=\"image\" itemscope=\"itemscope\" itemtype=\"https:\/\/schema.org\/ImageObject\"  ><div class='avia-image-container-inner'><div class='avia-image-overlay-wrap'><img decoding=\"async\" class='wp-image-19140 avia-img-lazy-loading-not-19140 avia_image' src=\"https:\/\/radiorevelacionfm.cl\/wp-content\/uploads\/2022\/07\/barcaza-ronchi-1-1.jpg\" alt='' title='barcaza ronchi (1) (1)' height=\"600\" width=\"800\"  itemprop=\"thumbnailUrl\" srcset=\"https:\/\/radiorevelacionfm.cl\/wp-content\/uploads\/2022\/07\/barcaza-ronchi-1-1.jpg 800w, https:\/\/radiorevelacionfm.cl\/wp-content\/uploads\/2022\/07\/barcaza-ronchi-1-1-300x225.jpg 300w, https:\/\/radiorevelacionfm.cl\/wp-content\/uploads\/2022\/07\/barcaza-ronchi-1-1-768x576.jpg 768w, https:\/\/radiorevelacionfm.cl\/wp-content\/uploads\/2022\/07\/barcaza-ronchi-1-1-705x529.jpg 705w, https:\/\/radiorevelacionfm.cl\/wp-content\/uploads\/2022\/07\/barcaza-ronchi-1-1-600x450.jpg 600w\" sizes=\"(max-width: 800px) 100vw, 800px\" \/><\/div><\/div><\/div><\/div>\n<div class=\"flex_column av_one_full  flex_column_div av-zero-column-padding first  avia-builder-el-2  el_after_av_one_full  el_before_av_one_full  column-top-margin\" style='border-radius:0px; '><section class=\"av_textblock_section \"  itemscope=\"itemscope\" itemtype=\"https:\/\/schema.org\/BlogPosting\" itemprop=\"blogPost\" ><div class='avia_textblock  '   itemprop=\"text\" ><p style=\"text-align: center;\"><strong><span style=\"font-size: 18pt;\">Impresentable situaci\u00f3n, malestar existe en la comunidad de O\u2019higgins por desabastecimiento de combustible de \u201cBarcaza Antonio Ronchi\u201d <\/span><\/strong><\/p>\n<div id=\"gtx-trans\" style=\"position: absolute; left: -50px; top: 4.31534px;\">\n<div class=\"gtx-trans-icon\"><\/div>\n<\/div>\n<\/div><\/section><\/div><div class=\"flex_column av_one_full  flex_column_div av-zero-column-padding first  avia-builder-el-4  el_after_av_one_full  el_before_av_hr  column-top-margin\" style='border-radius:0px; '><section class=\"av_textblock_section \"  itemscope=\"itemscope\" itemtype=\"https:\/\/schema.org\/BlogPosting\" itemprop=\"blogPost\" ><div class='avia_textblock  '   itemprop=\"text\" ><p style=\"text-align: justify;\">Una situaci\u00f3n impresentable es la que afecta a la comunidad de O\u2019Higgins, esto producto de que el d\u00eda 12 de julio se informa por parte del capit\u00e1n de la barcaza del desabastecimiento de embarcaci\u00f3n Antonio Ronchi, suspendiendo su servicio entre puerto Yungay y Rio Bravo, \u00fanico medio de conectividad entre la comuna de O\u2019Higgins con el resto de la regi\u00f3n de Ays\u00e9n.<\/p>\n<p style=\"text-align: justify;\">Seg\u00fan lo informado por la tripulaci\u00f3n de la embarcaci\u00f3n y la seremi de transporte informaron sobre la suspensi\u00f3n temporal de servicios de la barcaza en el fiordo Mitchell, esto debido a que el transporte de combustible para abastecimiento de la nave se encontraba con retraso en la ruta por condiciones clim\u00e1ticas.<\/p>\n<p style=\"text-align: justify;\">Lo que llama notablemente la atenci\u00f3n es que no se haya previsto por parte de la Seremi de Transporte y Telecomunicaciones adem\u00e1s de la delegada de la Provincia Capit\u00e1n Prat que este tipo de contingencia se pudiesen dar, m\u00e1s a\u00fan con conocimiento de las condiciones clim\u00e1ticas informadas cada d\u00eda por la ONEMI, es m\u00e1s deja entrever que no existe comunicaci\u00f3n y fiscalizaci\u00f3n en la operatividad de la embarcaci\u00f3n lacustre que hoy por hoy tiene sin conectividad a la comuna mas austral de la regi\u00f3n de Ays\u00e9n.<\/p>\n<p style=\"text-align: justify;\">Tendremos que seguir presentando eventos meteorol\u00f3gicos adversos para identificar las fallas de coordinaci\u00f3n y gesti\u00f3n que afectan el ya desgastado vivir de los vecinos que utilizan este medio de transporte, ni imaginar si existiese un problema de salud delicado, donde no existen protocolos y donde vemos que la conectividad sigue siendo un dolor de cabeza para quienes no forman parte de malas decisiones como son las personas.<\/p>\n<p style=\"text-align: justify;\">Esperamos que se tomen las medidas correspondientes frente a una situaci\u00f3n que no debiese volver a repetirse, agregar la p\u00e9sima conectividad celular (tramos sin se\u00f1al) donde ya se le ha solicitado a la seremi mejorar este tipo de demanda, vemos al alcalde solicitar y gestionar, pero hasta el d\u00eda de hoy ninguna soluci\u00f3n, se nos viene una nueva temporada estival, donde este a\u00f1o 2022 observamos c\u00f3mo se vio sobrepasada la cantidad de viajes que debi\u00f3 realizar la embarcaci\u00f3n ,esto producto de una desbordante visita de extranjeros , lo cual \u00a0se acrecienta con los a\u00f1os.<\/p>\n<p style=\"text-align: justify;\">Las preguntas son varias \u00bfqu\u00e9 pasa con el combustible que supuestamente debiese estar asegurado para el constante funcionamiento de la embarcaci\u00f3n?, \u00bfqu\u00e9 sucede con las familias que deben costear su estad\u00eda en Cochrane producto de no poder viajar hacia O\u2019Higgins?, \u00bfc\u00f3mo enfrentamos el desabastecimiento en mercader\u00edas?, y muchas inc\u00f3gnitas y responsabilidades que debi\u00e9semos tener aclaradas frente a una situaci\u00f3n que aqueja a una comunidad abandonada por el estado.<\/p>\n<\/div><\/section><\/div><\/p>\n<div  style='height:50px' class='hr hr-invisible   avia-builder-el-6  el_after_av_one_full  el_before_av_social_share '><span class='hr-inner ' ><span class='hr-inner-style'><\/span><\/span><\/div>\n<div  class='av-social-sharing-box  avia-builder-el-7  el_after_av_hr  el_before_av_hr  '><div class='av-share-box'><h5 class='av-share-link-description av-no-toc '>Compartir esta noticia<\/h5><ul class='av-share-box-list noLightbox'><li class='av-share-link av-social-link-facebook' ><a target=\"_blank\" aria-label=\"Compartir en Facebook\" href='https:\/\/www.facebook.com\/sharer.php?u=https:\/\/radiorevelacionfm.cl\/?p=19139&#038;t=Impresentable%20situaci%C3%B3n%2C%20malestar%20existe%20en%20la%20comunidad%20de%20O%E2%80%99higgins%20por%20desabastecimiento%20de%20combustible%20de%20%E2%80%9CBarcaza%20Antonio%20Ronchi%E2%80%9D' aria-hidden='false' data-av_icon='\ue8f3' data-av_iconfont='entypo-fontello' title='' data-avia-related-tooltip='Compartir en Facebook' rel=\"noopener\"><span class='avia_hidden_link_text'>Compartir en Facebook<\/span><\/a><\/li><li class='av-share-link av-social-link-twitter' ><a target=\"_blank\" aria-label=\"Compartir en Twitter\" href='https:\/\/twitter.com\/share?text=Impresentable%20situaci%C3%B3n%2C%20malestar%20existe%20en%20la%20comunidad%20de%20O%E2%80%99higgins%20por%20desabastecimiento%20de%20combustible%20de%20%E2%80%9CBarcaza%20Antonio%20Ronchi%E2%80%9D&#038;url=https:\/\/radiorevelacionfm.cl\/?p=19139' aria-hidden='false' data-av_icon='\ue8f1' data-av_iconfont='entypo-fontello' title='' data-avia-related-tooltip='Compartir en Twitter' rel=\"noopener\"><span class='avia_hidden_link_text'>Compartir en Twitter<\/span><\/a><\/li><li class='av-share-link av-social-link-whatsapp' ><a target=\"_blank\" aria-label=\"Compartir en Whatsapp\" href='https:\/\/api.whatsapp.com\/send?text=https:\/\/radiorevelacionfm.cl\/?p=19139' aria-hidden='false' data-av_icon='\uf232' data-av_iconfont='entypo-fontello' title='' data-avia-related-tooltip='Compartir en Whatsapp' rel=\"noopener\"><span class='avia_hidden_link_text'>Compartir en Whatsapp<\/span><\/a><\/li><li class='av-share-link av-social-link-linkedin' ><a target=\"_blank\" aria-label=\"Compartir en LinkedIn\" href='https:\/\/linkedin.com\/shareArticle?mini=true&#038;title=Impresentable%20situaci%C3%B3n%2C%20malestar%20existe%20en%20la%20comunidad%20de%20O%E2%80%99higgins%20por%20desabastecimiento%20de%20combustible%20de%20%E2%80%9CBarcaza%20Antonio%20Ronchi%E2%80%9D&#038;url=https:\/\/radiorevelacionfm.cl\/?p=19139' aria-hidden='false' data-av_icon='\ue8fc' data-av_iconfont='entypo-fontello' title='' data-avia-related-tooltip='Compartir en LinkedIn' rel=\"noopener\"><span class='avia_hidden_link_text'>Compartir en LinkedIn<\/span><\/a><\/li><li class='av-share-link av-social-link-mail' ><a  aria-label=\"Compartir por correo\" href='mailto:?subject=Impresentable%20situaci%C3%B3n%2C%20malestar%20existe%20en%20la%20comunidad%20de%20O%E2%80%99higgins%20por%20desabastecimiento%20de%20combustible%20de%20%E2%80%9CBarcaza%20Antonio%20Ronchi%E2%80%9D&#038;body=https:\/\/radiorevelacionfm.cl\/?p=19139' aria-hidden='false' data-av_icon='\ue805' data-av_iconfont='entypo-fontello' title='' data-avia-related-tooltip='Compartir por correo'><span class='avia_hidden_link_text'>Compartir por correo<\/span><\/a><\/li><\/ul><\/div><\/div>\n<div  style='height:50px' class='hr hr-invisible   avia-builder-el-8  el_after_av_social_share  el_before_av_comments_list '><span class='hr-inner ' ><span class='hr-inner-style'><\/span><\/span><\/div>\n<div  class='av-buildercomment  av-blog-meta-html-info-disabled av-blog-meta-tag-disabled  '><\/div>\n","protected":false},"excerpt":{"rendered":"","protected":false},"author":1,"featured_media":19140,"comment_status":"open","ping_status":"open","sticky":false,"template":"","format":"standard","meta":{"footnotes":""},"categories":[38],"tags":[],"class_list":["post-19139","post","type-post","status-publish","format-standard","has-post-thumbnail","hentry","category-regional"],"jetpack_featured_media_url":"https:\/\/radiorevelacionfm.cl\/wp-content\/uploads\/2022\/07\/barcaza-ronchi-1-1.jpg","_links":{"self":[{"href":"https:\/\/radiorevelacionfm.cl\/index.php?rest_route=\/wp\/v2\/posts\/19139","targetHints":{"allow":["GET"]}}],"collection":[{"href":"https:\/\/radiorevelacionfm.cl\/index.php?rest_route=\/wp\/v2\/posts"}],"about":[{"href":"https:\/\/radiorevelacionfm.cl\/index.php?rest_route=\/wp\/v2\/types\/post"}],"author":[{"embeddable":true,"href":"https:\/\/radiorevelacionfm.cl\/index.php?rest_route=\/wp\/v2\/users\/1"}],"replies":[{"embeddable":true,"href":"https:\/\/radiorevelacionfm.cl\/index.php?rest_route=%2Fwp%2Fv2%2Fcomments&post=19139"}],"version-history":[{"count":3,"href":"https:\/\/radiorevelacionfm.cl\/index.php?rest_route=\/wp\/v2\/posts\/19139\/revisions"}],"predecessor-version":[{"id":19142,"href":"https:\/\/radiorevelacionfm.cl\/index.php?rest_route=\/wp\/v2\/posts\/19139\/revisions\/19142"}],"wp:featuredmedia":[{"embeddable":true,"href":"https:\/\/radiorevelacionfm.cl\/index.php?rest_route=\/wp\/v2\/media\/19140"}],"wp:attachment":[{"href":"https:\/\/radiorevelacionfm.cl\/index.php?rest_route=%2Fwp%2Fv2%2Fmedia&parent=19139"}],"wp:term":[{"taxonomy":"category","embeddable":true,"href":"https:\/\/radiorevelacionfm.cl\/index.php?rest_route=%2Fwp%2Fv2%2Fcategories&post=19139"},{"taxonomy":"post_tag","embeddable":true,"href":"https:\/\/radiorevelacionfm.cl\/index.php?rest_route=%2Fwp%2Fv2%2Ftags&post=19139"}],"curies":[{"name":"wp","href":"https:\/\/api.w.org\/{rel}","templated":true}]}}