{"id":19131,"date":"2022-07-13T15:07:03","date_gmt":"2022-07-13T18:07:03","guid":{"rendered":"https:\/\/radiorevelacionfm.cl\/?p=19131"},"modified":"2022-07-13T15:07:03","modified_gmt":"2022-07-13T18:07:03","slug":"participantes-avanzan-en-su-proceso-de-formacion-en-la-escuela-mujer-emprende-de-sernameg","status":"publish","type":"post","link":"https:\/\/radiorevelacionfm.cl\/?p=19131","title":{"rendered":"Participantes avanzan en su proceso de formaci\u00f3n en la Escuela Mujer Emprende de SernamEG"},"content":{"rendered":"<div class=\"flex_column av_one_full  flex_column_div av-zero-column-padding first  avia-builder-el-0  el_before_av_one_full  avia-builder-el-first  \" style='border-radius:0px; '><div  class='avia-image-container  av-styling-    avia-builder-el-1  avia-builder-el-no-sibling  avia-align-center '  itemprop=\"image\" itemscope=\"itemscope\" itemtype=\"https:\/\/schema.org\/ImageObject\"  ><div class='avia-image-container-inner'><div class='avia-image-overlay-wrap'><img decoding=\"async\" class='wp-image-19132 avia-img-lazy-loading-not-19132 avia_image' src=\"https:\/\/radiorevelacionfm.cl\/wp-content\/uploads\/2022\/07\/avance-escuela-me-13-1_optimized.jpg\" alt='' title='avance-escuela-me-(13)-(1)_optimized' height=\"600\" width=\"1067\"  itemprop=\"thumbnailUrl\" srcset=\"https:\/\/radiorevelacionfm.cl\/wp-content\/uploads\/2022\/07\/avance-escuela-me-13-1_optimized.jpg 1067w, https:\/\/radiorevelacionfm.cl\/wp-content\/uploads\/2022\/07\/avance-escuela-me-13-1_optimized-300x169.jpg 300w, https:\/\/radiorevelacionfm.cl\/wp-content\/uploads\/2022\/07\/avance-escuela-me-13-1_optimized-1030x579.jpg 1030w, https:\/\/radiorevelacionfm.cl\/wp-content\/uploads\/2022\/07\/avance-escuela-me-13-1_optimized-768x432.jpg 768w, https:\/\/radiorevelacionfm.cl\/wp-content\/uploads\/2022\/07\/avance-escuela-me-13-1_optimized-705x396.jpg 705w, https:\/\/radiorevelacionfm.cl\/wp-content\/uploads\/2022\/07\/avance-escuela-me-13-1_optimized-600x337.jpg 600w\" sizes=\"(max-width: 1067px) 100vw, 1067px\" \/><\/div><\/div><\/div><\/div><div class=\"flex_column av_one_full  flex_column_div av-zero-column-padding first  avia-builder-el-2  el_after_av_one_full  el_before_av_one_full  column-top-margin\" style='border-radius:0px; '><section class=\"av_textblock_section \"  itemscope=\"itemscope\" itemtype=\"https:\/\/schema.org\/BlogPosting\" itemprop=\"blogPost\" ><div class='avia_textblock  '   itemprop=\"text\" ><p style=\"text-align: center;\"><strong><span style=\"font-size: 18pt;\">Participantes avanzan en su proceso de formaci\u00f3n en la Escuela Mujer Emprende de SernamEG<\/span><\/strong><\/p>\n<div id=\"gtx-trans\" style=\"position: absolute; left: -50px; top: 4.31534px;\">\n<div class=\"gtx-trans-icon\"><\/div>\n<\/div>\n<\/div><\/section><\/div><div class=\"flex_column av_one_full  flex_column_div av-zero-column-padding first  avia-builder-el-4  el_after_av_one_full  el_before_av_hr  column-top-margin\" style='border-radius:0px; '><section class=\"av_textblock_section \"  itemscope=\"itemscope\" itemtype=\"https:\/\/schema.org\/BlogPosting\" itemprop=\"blogPost\" ><div class='avia_textblock  '   itemprop=\"text\" ><p style=\"text-align: justify;\">El manejo de la pandemia por el COVID \u2013 19, ha tenido una serie de consecuencias en el \u00e1mbito del emprendimiento, que ha afectado en especial a las mujeres, teniendo en cuenta la multiplicidad de roles que asumen; las que se adicionan a las otras barreras para quienes se deciden por asumir este desaf\u00edo. Teniendo presente esta realidad, contin\u00faa la Escuela Mujer Emprende del Servicio Nacional de la Mujer y la Equidad de G\u00e9nero, SernamEG; especialmente dise\u00f1ada para compatibilizar un proceso de formaci\u00f3n con las responsabilidades asociadas al hogar, el cuidado de personas y el desarrollo de un negocio.<\/p>\n<p style=\"text-align: justify;\">La Directora Regional (S) de SernamEG, Carla Arriagada Malague\u00f1o, se refiri\u00f3 a los resultados del estudio \u201cEmprendimiento femenino en tiempos de pandemia\u201d elaborado por la CADEM &#8211; para los ministerios de la Mujer y la Equidad de G\u00e9nero y de Econom\u00eda, Fomento y Turismo- publicado en noviembre del a\u00f1o 2021. \u201cEs relevante mencionar que una de las conclusiones es que el manejo de esta enfermedad ha favorecido el inter\u00e9s de las mujeres por emprender, un 60% de las entrevistadas se declara interesada o muy interesada en emprender en este momento, lo que es muy superior a lo que se\u00f1alaron el a\u00f1o 2020 donde alcanzaba un 42%. Esto demuestra que iniciativas como la Escuela Mujer Emprende siguen vigentes y es por ello que continuaremos desarroll\u00e1ndola, porque como Servicio consideramos que es una de nuestras apuestas m\u00e1s relevantes para que las participantes puedan alcanzar y\/o mantener su autonom\u00eda econ\u00f3mica\u201d, afirm\u00f3.<\/p>\n<p style=\"text-align: justify;\">En el tr\u00e1nsito hacia una modalidad presencial completa, actualmente la Escuela Mujer Emprende contempla talleres presenciales y virtuales, cada sesi\u00f3n considera material visual de trabajo y contenido descargable. Al respecto, la Directora Ejecutiva de la Corporaci\u00f3n Sim\u00f3n de Cirene, Alejandra Canessa Botteselle, precis\u00f3: \u201ceste Programa nos conecta profundamente con nuestro sentido y esencia, ya que nuestra misi\u00f3n consiste justamente en acompa\u00f1ar a personas a cumplir sus prop\u00f3sitos. El Programa cuenta con un acompa\u00f1amiento profesional y cercano, con la capacitaci\u00f3n de personas expertas en emprendimiento, y con el seguimiento personalizado de tutoras. Actualmente, las emprendedoras de la regi\u00f3n de Ays\u00e9n ya terminaron el primer m\u00f3dulo asincr\u00f3nico con su taller respectivo, en donde pudieron profundizar y desarrollar su propuesta de valor y estamos comenzando el segundo m\u00f3dulo, donde las emprendedoras ver\u00e1n temas propios de su regi\u00f3n, como lo son la identidad local para su propuesta de valor y formas de autogesti\u00f3n y evaluaci\u00f3n de cara a trabajar colaborativamente\u00bb.<\/p>\n<p style=\"text-align: justify;\">Una de las emprendedoras que actualmente se encuentra en la Escuela Mujer Emprende, Karina Espa\u00f1a Oyarz\u00fan, sostuvo que \u201cmi experiencia con SernamEG ha sido fabulosa, he recibido mucha ayuda ya que me est\u00e1n dando una tremenda oportunidad para sacar adelante mi emprendimiento. He aprendido bastante, porque me han ense\u00f1ado varias formas para innovar, por ejemplo, las necesidades de mi clientela y a ver las ventajas competitivas que tengo respecto a mi competencia, entre otros conocimientos\u201d.\u00a0 Por su parte, Edith Vergara Igor, resalt\u00f3 la labor de las tutoras, \u201csiempre est\u00e1n pendientes de los conceptos que no entendemos y he podido aprender c\u00f3mo poder vender y llegar a m\u00e1s gente. Hace unos d\u00edas, estuve en un taller presencial donde pude conocer a las otras personas que est\u00e1n participando y son emprendedoras muy sacrificadas\u201d.<\/p>\n<p style=\"text-align: justify;\">La Escuela Mujer Emprende de SernamEG comprende una serie de m\u00f3dulos, uno de ellos es el relativo a \u201cG\u00e9nero\u201d, el que apunta a generar competencias para reconocer la identidad de las emprendedoras y el v\u00ednculo de \u00e9stas con el desarrollo, as\u00ed como la sostenibilidad de sus emprendimientos.\u00a0 En tanto, \u201cConstruyendo mi Negocio\u201d incorpora la perspectiva territorial, cultural, identidad y fortalecimiento de las redes presentes en el lugar donde las mujeres despliegan su emprendimiento. En una siguiente etapa, se revisan los elementos de la herramienta de gesti\u00f3n estrat\u00e9gica denominada Canvas de Negocio, que incluye segmento de su clientela, canales de distribuci\u00f3n, comunicaci\u00f3n y ventas, estructura de costos, entre otros.<\/p>\n<\/div><\/section><\/div><div  style='height:50px' class='hr hr-invisible   avia-builder-el-6  el_after_av_one_full  el_before_av_social_share '><span class='hr-inner ' ><span class='hr-inner-style'><\/span><\/span><\/div><\/p>\n<div  class='av-social-sharing-box  avia-builder-el-7  el_after_av_hr  el_before_av_hr  '><div class='av-share-box'><h5 class='av-share-link-description av-no-toc '>Compartir esta noticia<\/h5><ul class='av-share-box-list noLightbox'><li class='av-share-link av-social-link-facebook' ><a target=\"_blank\" aria-label=\"Compartir en Facebook\" href='https:\/\/www.facebook.com\/sharer.php?u=https:\/\/radiorevelacionfm.cl\/?p=19131&#038;t=Participantes%20avanzan%20en%20su%20proceso%20de%20formaci%C3%B3n%20en%20la%20Escuela%20Mujer%20Emprende%20de%20SernamEG' aria-hidden='false' data-av_icon='\ue8f3' data-av_iconfont='entypo-fontello' title='' data-avia-related-tooltip='Compartir en Facebook' rel=\"noopener\"><span class='avia_hidden_link_text'>Compartir en Facebook<\/span><\/a><\/li><li class='av-share-link av-social-link-twitter' ><a target=\"_blank\" aria-label=\"Compartir en Twitter\" href='https:\/\/twitter.com\/share?text=Participantes%20avanzan%20en%20su%20proceso%20de%20formaci%C3%B3n%20en%20la%20Escuela%20Mujer%20Emprende%20de%20SernamEG&#038;url=https:\/\/radiorevelacionfm.cl\/?p=19131' aria-hidden='false' data-av_icon='\ue8f1' data-av_iconfont='entypo-fontello' title='' data-avia-related-tooltip='Compartir en Twitter' rel=\"noopener\"><span class='avia_hidden_link_text'>Compartir en Twitter<\/span><\/a><\/li><li class='av-share-link av-social-link-whatsapp' ><a target=\"_blank\" aria-label=\"Compartir en Whatsapp\" href='https:\/\/api.whatsapp.com\/send?text=https:\/\/radiorevelacionfm.cl\/?p=19131' aria-hidden='false' data-av_icon='\uf232' data-av_iconfont='entypo-fontello' title='' data-avia-related-tooltip='Compartir en Whatsapp' rel=\"noopener\"><span class='avia_hidden_link_text'>Compartir en Whatsapp<\/span><\/a><\/li><li class='av-share-link av-social-link-linkedin' ><a target=\"_blank\" aria-label=\"Compartir en LinkedIn\" href='https:\/\/linkedin.com\/shareArticle?mini=true&#038;title=Participantes%20avanzan%20en%20su%20proceso%20de%20formaci%C3%B3n%20en%20la%20Escuela%20Mujer%20Emprende%20de%20SernamEG&#038;url=https:\/\/radiorevelacionfm.cl\/?p=19131' aria-hidden='false' data-av_icon='\ue8fc' data-av_iconfont='entypo-fontello' title='' data-avia-related-tooltip='Compartir en LinkedIn' rel=\"noopener\"><span class='avia_hidden_link_text'>Compartir en LinkedIn<\/span><\/a><\/li><li class='av-share-link av-social-link-mail' ><a  aria-label=\"Compartir por correo\" href='mailto:?subject=Participantes%20avanzan%20en%20su%20proceso%20de%20formaci%C3%B3n%20en%20la%20Escuela%20Mujer%20Emprende%20de%20SernamEG&#038;body=https:\/\/radiorevelacionfm.cl\/?p=19131' aria-hidden='false' data-av_icon='\ue805' data-av_iconfont='entypo-fontello' title='' data-avia-related-tooltip='Compartir por correo'><span class='avia_hidden_link_text'>Compartir por correo<\/span><\/a><\/li><\/ul><\/div><\/div>\n<div  style='height:50px' class='hr hr-invisible   avia-builder-el-8  el_after_av_social_share  el_before_av_comments_list '><span class='hr-inner ' ><span class='hr-inner-style'><\/span><\/span><\/div>\n<div  class='av-buildercomment  av-blog-meta-html-info-disabled av-blog-meta-tag-disabled  '><\/div>\n","protected":false},"excerpt":{"rendered":"","protected":false},"author":1,"featured_media":19132,"comment_status":"open","ping_status":"open","sticky":false,"template":"","format":"standard","meta":{"footnotes":""},"categories":[38],"tags":[],"class_list":["post-19131","post","type-post","status-publish","format-standard","has-post-thumbnail","hentry","category-regional"],"jetpack_featured_media_url":"https:\/\/radiorevelacionfm.cl\/wp-content\/uploads\/2022\/07\/avance-escuela-me-13-1_optimized.jpg","_links":{"self":[{"href":"https:\/\/radiorevelacionfm.cl\/index.php?rest_route=\/wp\/v2\/posts\/19131","targetHints":{"allow":["GET"]}}],"collection":[{"href":"https:\/\/radiorevelacionfm.cl\/index.php?rest_route=\/wp\/v2\/posts"}],"about":[{"href":"https:\/\/radiorevelacionfm.cl\/index.php?rest_route=\/wp\/v2\/types\/post"}],"author":[{"embeddable":true,"href":"https:\/\/radiorevelacionfm.cl\/index.php?rest_route=\/wp\/v2\/users\/1"}],"replies":[{"embeddable":true,"href":"https:\/\/radiorevelacionfm.cl\/index.php?rest_route=%2Fwp%2Fv2%2Fcomments&post=19131"}],"version-history":[{"count":2,"href":"https:\/\/radiorevelacionfm.cl\/index.php?rest_route=\/wp\/v2\/posts\/19131\/revisions"}],"predecessor-version":[{"id":19155,"href":"https:\/\/radiorevelacionfm.cl\/index.php?rest_route=\/wp\/v2\/posts\/19131\/revisions\/19155"}],"wp:featuredmedia":[{"embeddable":true,"href":"https:\/\/radiorevelacionfm.cl\/index.php?rest_route=\/wp\/v2\/media\/19132"}],"wp:attachment":[{"href":"https:\/\/radiorevelacionfm.cl\/index.php?rest_route=%2Fwp%2Fv2%2Fmedia&parent=19131"}],"wp:term":[{"taxonomy":"category","embeddable":true,"href":"https:\/\/radiorevelacionfm.cl\/index.php?rest_route=%2Fwp%2Fv2%2Fcategories&post=19131"},{"taxonomy":"post_tag","embeddable":true,"href":"https:\/\/radiorevelacionfm.cl\/index.php?rest_route=%2Fwp%2Fv2%2Ftags&post=19131"}],"curies":[{"name":"wp","href":"https:\/\/api.w.org\/{rel}","templated":true}]}}