{"id":19125,"date":"2022-07-13T11:12:20","date_gmt":"2022-07-13T14:12:20","guid":{"rendered":"https:\/\/radiorevelacionfm.cl\/?p=19125"},"modified":"2022-07-13T11:12:20","modified_gmt":"2022-07-13T14:12:20","slug":"destacado-trabajo-en-limpieza-de-playas-realiza-gala-tour-austral-en-la-region-de-aysen","status":"publish","type":"post","link":"https:\/\/radiorevelacionfm.cl\/?p=19125","title":{"rendered":"Destacado trabajo en limpieza de playas realiza Gala Tour Austral en la regi\u00f3n de Ays\u00e9n"},"content":{"rendered":"<div class=\"flex_column av_one_full  flex_column_div av-zero-column-padding first  avia-builder-el-0  el_before_av_one_full  avia-builder-el-first  \" style='border-radius:0px; '><div  class='avia-image-container  av-styling-    avia-builder-el-1  avia-builder-el-no-sibling  avia-align-center '  itemprop=\"image\" itemscope=\"itemscope\" itemtype=\"https:\/\/schema.org\/ImageObject\"  ><div class='avia-image-container-inner'><div class='avia-image-overlay-wrap'><img decoding=\"async\" class='wp-image-19126 avia-img-lazy-loading-not-19126 avia_image' src=\"https:\/\/radiorevelacionfm.cl\/wp-content\/uploads\/2022\/07\/Gala-Tour-1-1.jpg\" alt='' title='Gala Tour (1) (1)' height=\"600\" width=\"899\"  itemprop=\"thumbnailUrl\" srcset=\"https:\/\/radiorevelacionfm.cl\/wp-content\/uploads\/2022\/07\/Gala-Tour-1-1.jpg 899w, https:\/\/radiorevelacionfm.cl\/wp-content\/uploads\/2022\/07\/Gala-Tour-1-1-300x200.jpg 300w, https:\/\/radiorevelacionfm.cl\/wp-content\/uploads\/2022\/07\/Gala-Tour-1-1-768x513.jpg 768w, https:\/\/radiorevelacionfm.cl\/wp-content\/uploads\/2022\/07\/Gala-Tour-1-1-705x471.jpg 705w, https:\/\/radiorevelacionfm.cl\/wp-content\/uploads\/2022\/07\/Gala-Tour-1-1-600x400.jpg 600w\" sizes=\"(max-width: 899px) 100vw, 899px\" \/><\/div><\/div><\/div><\/div><div class=\"flex_column av_one_full  flex_column_div av-zero-column-padding first  avia-builder-el-2  el_after_av_one_full  el_before_av_one_full  column-top-margin\" style='border-radius:0px; '><section class=\"av_textblock_section \"  itemscope=\"itemscope\" itemtype=\"https:\/\/schema.org\/BlogPosting\" itemprop=\"blogPost\" ><div class='avia_textblock  '   itemprop=\"text\" ><p style=\"text-align: center;\"><strong><span style=\"font-size: 18pt;\">Destacado trabajo en limpieza de playas realiza Gala Tour Austral en la regi\u00f3n de Ays\u00e9n<\/span><\/strong><\/p>\n<div id=\"gtx-trans\" style=\"position: absolute; left: -50px; top: 4.31534px;\">\n<div class=\"gtx-trans-icon\"><\/div>\n<\/div>\n<\/div><\/section><\/div><div class=\"flex_column av_one_full  flex_column_div av-zero-column-padding first  avia-builder-el-4  el_after_av_one_full  el_before_av_hr  column-top-margin\" style='border-radius:0px; '><section class=\"av_textblock_section \"  itemscope=\"itemscope\" itemtype=\"https:\/\/schema.org\/BlogPosting\" itemprop=\"blogPost\" ><div class='avia_textblock  '   itemprop=\"text\" ><p style=\"text-align: justify;\">\u201cEs lo majestuoso de la naturaleza lo que nos recuerda, lo fundamental que es, mantener el ecosistema en el que trabajamos; libre de residuos de todo tipo\u201d, enfatiza el fundador de la empresa.<\/p>\n<p style=\"text-align: justify;\">En el punto de encuentro del canal Jacaf con el canal Moraleda, al norte de la Isla Magdalena, en la comuna de Cisnes, regi\u00f3n de Ays\u00e9n, se encuentra Puerto Gala. Una comunidad de pescadoras y pescadores, que fue establecida en la d\u00e9cada de los 80 tras la llamada \u201cfiebre del loco\u201d y posteriormente como consecuencia del auge de la merluza. La colonizaci\u00f3n definitiva y estabilizaci\u00f3n de este poblado se debe mucho en buena medida al padre Antonio Ronchi, misionero italiano, que impuls\u00f3 las primeras infraestructuras que empujaron al desarrollo de esta comunidad.<\/p>\n<p style=\"text-align: justify;\">Es en ese lugar, tambi\u00e9n denominado simplemente como \u201cGala\u201d, y que est\u00e1 compuesto por las Islas Toto, Chita, Antonio Ronchi y Sin Nombre, y que adem\u00e1s est\u00e1 ubicado entre dos parques nacionales (Magdalena y Melimoyu), es el lugar privilegiado, en d\u00f3nde se cre\u00f3 la empresa; Gala Tour Austral.<\/p>\n<p style=\"text-align: justify;\">\u201cNuestro objetivo es aportar al desarrollo econ\u00f3mico de la localidad, cuidar nuestro ecosistema y realizar turismo sostenible\u201d, dice de entrada su fundador, Patricio Maldonado. Sus palabras se sostienen en que, durante el a\u00f1o 2021, Gala Tour Austral; fue contratada por la Asociaci\u00f3n de la Industria del Salm\u00f3n de Chile A.G. (SalmonChile) para efectuar la labor de limpieza de playas en zonas del litoral norte de la regi\u00f3n de Ays\u00e9n.<\/p>\n<p style=\"text-align: justify;\"><strong>Econom\u00eda circular<\/strong><\/p>\n<p style=\"text-align: justify;\">El trabajo de recolecci\u00f3n de residuos solicitado por el gremio salmonicultor, se inici\u00f3 con la coordinaci\u00f3n de Gala Tour Austral. El fundador tom\u00f3 esta labor como un desaf\u00edo de desarrollo para Puerto Gala y fue as\u00ed como, mediante una cuadrilla de cuatro trabajadores (pescadores artesanales) m\u00e1s dos embarcaciones menores y una mayor \u2013todas provenientes de la localidad, se dirig\u00edan a playas ubicadas en las cercan\u00edas, para realizar la recolecci\u00f3n de residuos pl\u00e1sticos provenientes de la industria salmonicultora y tambi\u00e9n domiciliarios.<\/p>\n<p style=\"text-align: justify;\">Una vez separados por su composici\u00f3n (EPS, HDP y cabos), eran trasladados con destino a Puerto Chacabuco y recibidos por la empresa Transportes Sixto, y posteriormente dirigidos a la planta Martino Reciclaje Ays\u00e9n, qui\u00e9nes se quedaban con al menos el 70% de la basura recogida y el 30% restante se dirig\u00eda al vertedero de Ays\u00e9n.<\/p>\n<p style=\"text-align: justify;\">\u201cHoy, podemos decir que contamos con toda la experiencia que nos brind\u00f3 nuestro trabajo efectuado durante el a\u00f1o pasado y en la actualidad buscamos la continuidad de nuestra labor y generar nuevas alianzas con otras empresas de la industria u otras que est\u00e9n interesadas, en apoyar lo que hacemos, puesto que de esta manera, dispondremos de nuevos empleos para la localidad de Puerto Gala y estaremos aportando al cuidado del medioambiente y en espec\u00edfico de nuestras playas. Adem\u00e1s, el reto de cuidar nuestro ecosistema y su biodiversidad es constante y enorme; los niveles de contaminaci\u00f3n del borde costero son alarmantes y se volvieron m\u00e1s que evidentes, durante la puesta en marcha de nuestras faenas\u201d, subraya Patricio Maldonado, quien tambi\u00e9n es pescador artesanal y emprendedor tur\u00edstico.<\/p>\n<p style=\"text-align: justify;\">En la l\u00ednea del turismo, Gala Tour Austral, desde el a\u00f1o 2021, ofrece un mundo de experiencias que solo pueden ser disfrutadas a trav\u00e9s del mar, como avistaje de ballenas; trekking a Isla Toto; pescador por un d\u00eda; pesca nocturna; buceo y degustaci\u00f3n in situ de productos marinos; y deportes n\u00e1uticos como velerismo, windsurf y kayak, para quienes desean recorrer, conocer y no dejar de admirarse con la belleza de la Patagonia.<\/p>\n<p style=\"text-align: justify;\">\u00abEs lo majestuoso de la naturaleza lo que nos recuerda, lo fundamental que es, mantener el ecosistema en el que trabajamos; libre de residuos de todo tipo\u201d, concluye el timonel de la empresa que hoy, adem\u00e1s de la pesca y el turismo, se dedica a la limpieza de playas en \u00e1reas donde opera la industria del salm\u00f3n.<\/p>\n<p style=\"text-align: justify;\">Para m\u00e1s informaci\u00f3n visite el sitio web <a href=\"http:\/\/www.galatouraustral.cl\/?fbclid=IwAR3o11qUb9i7xT2_DHzpgPj6njWvybDNhkGXwn4iIhhOUdZ4jvKEnuDtLtc\">www.galatouraustral.cl<\/a>, escriba al correo electr\u00f3nico contacto@galatouraustral.cl y\/o llame al n\u00famero de tel\u00e9fono +56959909136.<\/p>\n<\/div><\/section><\/div><div  style='height:50px' class='hr hr-invisible   avia-builder-el-6  el_after_av_one_full  el_before_av_social_share '><span class='hr-inner ' ><span class='hr-inner-style'><\/span><\/span><\/div><\/p>\n<div  class='av-social-sharing-box  avia-builder-el-7  el_after_av_hr  el_before_av_hr  '><div class='av-share-box'><h5 class='av-share-link-description av-no-toc '>Compartir esta noticia<\/h5><ul class='av-share-box-list noLightbox'><li class='av-share-link av-social-link-facebook' ><a target=\"_blank\" aria-label=\"Compartir en Facebook\" href='https:\/\/www.facebook.com\/sharer.php?u=https:\/\/radiorevelacionfm.cl\/?p=19125&#038;t=Destacado%20trabajo%20en%20limpieza%20de%20playas%20realiza%20Gala%20Tour%20Austral%20en%20la%20regi%C3%B3n%20de%20Ays%C3%A9n' aria-hidden='false' data-av_icon='\ue8f3' data-av_iconfont='entypo-fontello' title='' data-avia-related-tooltip='Compartir en Facebook' rel=\"noopener\"><span class='avia_hidden_link_text'>Compartir en Facebook<\/span><\/a><\/li><li class='av-share-link av-social-link-twitter' ><a target=\"_blank\" aria-label=\"Compartir en Twitter\" href='https:\/\/twitter.com\/share?text=Destacado%20trabajo%20en%20limpieza%20de%20playas%20realiza%20Gala%20Tour%20Austral%20en%20la%20regi%C3%B3n%20de%20Ays%C3%A9n&#038;url=https:\/\/radiorevelacionfm.cl\/?p=19125' aria-hidden='false' data-av_icon='\ue8f1' data-av_iconfont='entypo-fontello' title='' data-avia-related-tooltip='Compartir en Twitter' rel=\"noopener\"><span class='avia_hidden_link_text'>Compartir en Twitter<\/span><\/a><\/li><li class='av-share-link av-social-link-whatsapp' ><a target=\"_blank\" aria-label=\"Compartir en Whatsapp\" href='https:\/\/api.whatsapp.com\/send?text=https:\/\/radiorevelacionfm.cl\/?p=19125' aria-hidden='false' data-av_icon='\uf232' data-av_iconfont='entypo-fontello' title='' data-avia-related-tooltip='Compartir en Whatsapp' rel=\"noopener\"><span class='avia_hidden_link_text'>Compartir en Whatsapp<\/span><\/a><\/li><li class='av-share-link av-social-link-linkedin' ><a target=\"_blank\" aria-label=\"Compartir en LinkedIn\" href='https:\/\/linkedin.com\/shareArticle?mini=true&#038;title=Destacado%20trabajo%20en%20limpieza%20de%20playas%20realiza%20Gala%20Tour%20Austral%20en%20la%20regi%C3%B3n%20de%20Ays%C3%A9n&#038;url=https:\/\/radiorevelacionfm.cl\/?p=19125' aria-hidden='false' data-av_icon='\ue8fc' data-av_iconfont='entypo-fontello' title='' data-avia-related-tooltip='Compartir en LinkedIn' rel=\"noopener\"><span class='avia_hidden_link_text'>Compartir en LinkedIn<\/span><\/a><\/li><li class='av-share-link av-social-link-mail' ><a  aria-label=\"Compartir por correo\" href='mailto:?subject=Destacado%20trabajo%20en%20limpieza%20de%20playas%20realiza%20Gala%20Tour%20Austral%20en%20la%20regi%C3%B3n%20de%20Ays%C3%A9n&#038;body=https:\/\/radiorevelacionfm.cl\/?p=19125' aria-hidden='false' data-av_icon='\ue805' data-av_iconfont='entypo-fontello' title='' data-avia-related-tooltip='Compartir por correo'><span class='avia_hidden_link_text'>Compartir por correo<\/span><\/a><\/li><\/ul><\/div><\/div>\n<div  style='height:50px' class='hr hr-invisible   avia-builder-el-8  el_after_av_social_share  el_before_av_comments_list '><span class='hr-inner ' ><span class='hr-inner-style'><\/span><\/span><\/div>\n<div  class='av-buildercomment  av-blog-meta-html-info-disabled av-blog-meta-tag-disabled  '><\/div>\n","protected":false},"excerpt":{"rendered":"","protected":false},"author":1,"featured_media":19126,"comment_status":"open","ping_status":"open","sticky":false,"template":"","format":"standard","meta":{"footnotes":""},"categories":[38],"tags":[],"class_list":["post-19125","post","type-post","status-publish","format-standard","has-post-thumbnail","hentry","category-regional"],"jetpack_featured_media_url":"https:\/\/radiorevelacionfm.cl\/wp-content\/uploads\/2022\/07\/Gala-Tour-1-1.jpg","_links":{"self":[{"href":"https:\/\/radiorevelacionfm.cl\/index.php?rest_route=\/wp\/v2\/posts\/19125","targetHints":{"allow":["GET"]}}],"collection":[{"href":"https:\/\/radiorevelacionfm.cl\/index.php?rest_route=\/wp\/v2\/posts"}],"about":[{"href":"https:\/\/radiorevelacionfm.cl\/index.php?rest_route=\/wp\/v2\/types\/post"}],"author":[{"embeddable":true,"href":"https:\/\/radiorevelacionfm.cl\/index.php?rest_route=\/wp\/v2\/users\/1"}],"replies":[{"embeddable":true,"href":"https:\/\/radiorevelacionfm.cl\/index.php?rest_route=%2Fwp%2Fv2%2Fcomments&post=19125"}],"version-history":[{"count":2,"href":"https:\/\/radiorevelacionfm.cl\/index.php?rest_route=\/wp\/v2\/posts\/19125\/revisions"}],"predecessor-version":[{"id":19129,"href":"https:\/\/radiorevelacionfm.cl\/index.php?rest_route=\/wp\/v2\/posts\/19125\/revisions\/19129"}],"wp:featuredmedia":[{"embeddable":true,"href":"https:\/\/radiorevelacionfm.cl\/index.php?rest_route=\/wp\/v2\/media\/19126"}],"wp:attachment":[{"href":"https:\/\/radiorevelacionfm.cl\/index.php?rest_route=%2Fwp%2Fv2%2Fmedia&parent=19125"}],"wp:term":[{"taxonomy":"category","embeddable":true,"href":"https:\/\/radiorevelacionfm.cl\/index.php?rest_route=%2Fwp%2Fv2%2Fcategories&post=19125"},{"taxonomy":"post_tag","embeddable":true,"href":"https:\/\/radiorevelacionfm.cl\/index.php?rest_route=%2Fwp%2Fv2%2Ftags&post=19125"}],"curies":[{"name":"wp","href":"https:\/\/api.w.org\/{rel}","templated":true}]}}