{"id":19121,"date":"2022-07-13T10:29:56","date_gmt":"2022-07-13T13:29:56","guid":{"rendered":"https:\/\/radiorevelacionfm.cl\/?p=19121"},"modified":"2022-07-13T10:29:56","modified_gmt":"2022-07-13T13:29:56","slug":"alcalde-de-aysen-sostuvo-jornadas-sociales-con-dirigentes-y-vecinos-por-el-desarrollo-de-islas-huichas","status":"publish","type":"post","link":"https:\/\/radiorevelacionfm.cl\/?p=19121","title":{"rendered":"Alcalde de Ays\u00e9n sostuvo jornadas sociales con dirigentes y vecinos por el desarrollo de Islas Huichas"},"content":{"rendered":"<div class=\"flex_column av_one_full  flex_column_div av-zero-column-padding first  avia-builder-el-0  el_before_av_one_full  avia-builder-el-first  \" style='border-radius:0px; '><div  class='avia-image-container  av-styling-    avia-builder-el-1  avia-builder-el-no-sibling  avia-align-center '  itemprop=\"image\" itemscope=\"itemscope\" itemtype=\"https:\/\/schema.org\/ImageObject\"  ><div class='avia-image-container-inner'><div class='avia-image-overlay-wrap'><img decoding=\"async\" class='wp-image-19122 avia-img-lazy-loading-not-19122 avia_image' src=\"https:\/\/radiorevelacionfm.cl\/wp-content\/uploads\/2022\/07\/img-ih-muniaysen2-1_optimized.jpeg\" alt='' title='img-ih-muniaysen2-(1)_optimized' height=\"600\" width=\"800\"  itemprop=\"thumbnailUrl\" srcset=\"https:\/\/radiorevelacionfm.cl\/wp-content\/uploads\/2022\/07\/img-ih-muniaysen2-1_optimized.jpeg 800w, https:\/\/radiorevelacionfm.cl\/wp-content\/uploads\/2022\/07\/img-ih-muniaysen2-1_optimized-300x225.jpeg 300w, https:\/\/radiorevelacionfm.cl\/wp-content\/uploads\/2022\/07\/img-ih-muniaysen2-1_optimized-768x576.jpeg 768w, https:\/\/radiorevelacionfm.cl\/wp-content\/uploads\/2022\/07\/img-ih-muniaysen2-1_optimized-705x529.jpeg 705w, https:\/\/radiorevelacionfm.cl\/wp-content\/uploads\/2022\/07\/img-ih-muniaysen2-1_optimized-600x450.jpeg 600w\" sizes=\"(max-width: 800px) 100vw, 800px\" \/><\/div><\/div><\/div><\/div><div class=\"flex_column av_one_full  flex_column_div av-zero-column-padding first  avia-builder-el-2  el_after_av_one_full  el_before_av_one_full  column-top-margin\" style='border-radius:0px; '><section class=\"av_textblock_section \"  itemscope=\"itemscope\" itemtype=\"https:\/\/schema.org\/BlogPosting\" itemprop=\"blogPost\" ><div class='avia_textblock  '   itemprop=\"text\" ><p style=\"text-align: center;\"><strong><span style=\"font-size: 18pt;\">Alcalde de Ays\u00e9n sostuvo jornadas sociales con dirigentes y vecinos por el desarrollo de Islas Huichas<\/span><\/strong><\/p>\n<div id=\"gtx-trans\" style=\"position: absolute; left: -50px; top: 4.31534px;\">\n<div class=\"gtx-trans-icon\"><\/div>\n<\/div>\n<\/div><\/section><\/div><div class=\"flex_column av_one_full  flex_column_div av-zero-column-padding first  avia-builder-el-4  el_after_av_one_full  el_before_av_hr  column-top-margin\" style='border-radius:0px; '><section class=\"av_textblock_section \"  itemscope=\"itemscope\" itemtype=\"https:\/\/schema.org\/BlogPosting\" itemprop=\"blogPost\" ><div class='avia_textblock  '   itemprop=\"text\" ><p style=\"text-align: justify;\">Dotado de una nutrida agenda social, el alcalde de Ays\u00e9n, Julio Uribe Alvarado realiz\u00f3 un positivo balance de su reciente visita al territorio insular de la comuna porte\u00f1a. Instancia que estuvo marcada por la recepci\u00f3n comunitaria sobre los avances y desaf\u00edos que hoy lidera la Ilustre Municipalidad de Ays\u00e9n para mejorar la calidad de vida en zona. Educaci\u00f3n, deporte, cultura lideraron los espacios de di\u00e1logo, as\u00ed como tambi\u00e9n, la integraci\u00f3n territorial que se encuentra efectuando la Oficina del Campesino y la Campesina por apoyar a quienes buscan generar huertos comunitarios y\/o autoconsumo de productos vegetales.<\/p>\n<p style=\"text-align: justify;\">Tras acontecidos los hechos, la primera autoridad comunal de Ays\u00e9n, Julio Uribe Alvarado, destac\u00f3 la ronda conversaciones efectuadas con los vecinos y las organizaciones sociales \u201cme han tratado maravillosamente y eso realmente indica que estamos haciendo las cosas bien, as\u00ed es que, prontamente volveremos ya con m\u00e1s proyectos, con m\u00e1s cosas, pero realmente me voy muy conforme y la gente se ha portado de maravilla. Esperar seguir avanzando de esta forma para mejorar la calidad de vida de nuestros vecinos\u201d.<\/p>\n<p style=\"text-align: justify;\">Al ser consultado sobre lo abordado con la comunidad, el alcalde Uribe detall\u00f3 que en el \u00e1mbito deportivo la conversaci\u00f3n estuvo centrada en el proyecto de Estadio que se encuentra en desarrollo para la localidad. Un anhelo de los isle\u00f1os que la actual administraci\u00f3n municipal busca materializar, inclusive la autoridad puntualiz\u00f3 el hecho de la contrataci\u00f3n de un profesional especial para trabajar en la iniciativa. En otras materias, el alcalde coment\u00f3 la necesidad expresada por el Cuerpo de Bomberos para contar con un cuartel en Caleta Andrade para albergar las pr\u00f3ximas maquinas de trabajo que llegar\u00edan a la zona.<\/p>\n<p style=\"text-align: justify;\">A rengl\u00f3n seguido, el l\u00edder comunal expuso la reuni\u00f3n sostenida en dependencias de la Escuela Pedro Aguirre Cerda junto a padres y apoderados a fin de revisar las materias que conlleva el proyecto de Liceo y las consultas propias a ra\u00edz de este proceso. Continuando con el desarrollo comunitario, la autoridad aysenina pormenoriz\u00f3 el trabajo que se encuentra efectuando con las personas mayores y los Clubes que los agrupan como \u201cPedro Aguirre Cerda\u201d, \u201cLas Rosas\u201d e incorporando recientemente a \u201cLos Robles\u201d.<\/p>\n<p style=\"text-align: justify;\">Otro de los puntos repasados con la comunidad fue el trabajo realizado con el financiamiento del Gobierno Regional de Ays\u00e9n y su Consejo por medio del Fondo Regional de Iniciativa Local (FRIL). Espacio desde el cual se espera tambi\u00e9n responder a nuevas solicitudes de la comunidad como la defensa de algunas zonas que poseen riesgo de derrumbe. Acu\u00f1ando, adem\u00e1s, \u201cah\u00ed vamos a tener que poner harto empe\u00f1o y tambi\u00e9n podernos comunicar con los diferentes vecinos, sobretodo los que trabajan la tierra y los que est\u00e1n haciendo siembras, ellos tambi\u00e9n necesitan capacitaci\u00f3n, trabajaremos firmemente en esto con nuestra Oficina del campesino y la campesina, as\u00ed es que, son muchas materias, nos vamos muy contentos por la labor realizada\u201d, expres\u00f3 el alcalde Uribe.<\/p>\n<p style=\"text-align: justify;\">Finalmente, cabe destacar que este viaje se da d\u00edas antes a la realizaci\u00f3n del reprogramado aniversario de Islas Huichas contemplado desde el 25 al 30 de julio y el cual durante el verano por la situaci\u00f3n que atraves\u00f3 la comuna con el aumento de casos positivos para covid-19 debi\u00f3 suspenderse en su calendarizaci\u00f3n tradicional.<\/p>\n<\/div><\/section><\/div><div  style='height:50px' class='hr hr-invisible   avia-builder-el-6  el_after_av_one_full  el_before_av_social_share '><span class='hr-inner ' ><span class='hr-inner-style'><\/span><\/span><\/div><\/p>\n<div  class='av-social-sharing-box  avia-builder-el-7  el_after_av_hr  el_before_av_hr  '><div class='av-share-box'><h5 class='av-share-link-description av-no-toc '>Compartir esta noticia<\/h5><ul class='av-share-box-list noLightbox'><li class='av-share-link av-social-link-facebook' ><a target=\"_blank\" aria-label=\"Compartir en Facebook\" href='https:\/\/www.facebook.com\/sharer.php?u=https:\/\/radiorevelacionfm.cl\/?p=19121&#038;t=Alcalde%20de%20Ays%C3%A9n%20sostuvo%20jornadas%20sociales%20con%20dirigentes%20y%20vecinos%20por%20el%20desarrollo%20de%20Islas%20Huichas' aria-hidden='false' data-av_icon='\ue8f3' data-av_iconfont='entypo-fontello' title='' data-avia-related-tooltip='Compartir en Facebook' rel=\"noopener\"><span class='avia_hidden_link_text'>Compartir en Facebook<\/span><\/a><\/li><li class='av-share-link av-social-link-twitter' ><a target=\"_blank\" aria-label=\"Compartir en Twitter\" href='https:\/\/twitter.com\/share?text=Alcalde%20de%20Ays%C3%A9n%20sostuvo%20jornadas%20sociales%20con%20dirigentes%20y%20vecinos%20por%20el%20desarrollo%20de%20Islas%20Huichas&#038;url=https:\/\/radiorevelacionfm.cl\/?p=19121' aria-hidden='false' data-av_icon='\ue8f1' data-av_iconfont='entypo-fontello' title='' data-avia-related-tooltip='Compartir en Twitter' rel=\"noopener\"><span class='avia_hidden_link_text'>Compartir en Twitter<\/span><\/a><\/li><li class='av-share-link av-social-link-whatsapp' ><a target=\"_blank\" aria-label=\"Compartir en Whatsapp\" href='https:\/\/api.whatsapp.com\/send?text=https:\/\/radiorevelacionfm.cl\/?p=19121' aria-hidden='false' data-av_icon='\uf232' data-av_iconfont='entypo-fontello' title='' data-avia-related-tooltip='Compartir en Whatsapp' rel=\"noopener\"><span class='avia_hidden_link_text'>Compartir en Whatsapp<\/span><\/a><\/li><li class='av-share-link av-social-link-linkedin' ><a target=\"_blank\" aria-label=\"Compartir en LinkedIn\" href='https:\/\/linkedin.com\/shareArticle?mini=true&#038;title=Alcalde%20de%20Ays%C3%A9n%20sostuvo%20jornadas%20sociales%20con%20dirigentes%20y%20vecinos%20por%20el%20desarrollo%20de%20Islas%20Huichas&#038;url=https:\/\/radiorevelacionfm.cl\/?p=19121' aria-hidden='false' data-av_icon='\ue8fc' data-av_iconfont='entypo-fontello' title='' data-avia-related-tooltip='Compartir en LinkedIn' rel=\"noopener\"><span class='avia_hidden_link_text'>Compartir en LinkedIn<\/span><\/a><\/li><li class='av-share-link av-social-link-mail' ><a  aria-label=\"Compartir por correo\" href='mailto:?subject=Alcalde%20de%20Ays%C3%A9n%20sostuvo%20jornadas%20sociales%20con%20dirigentes%20y%20vecinos%20por%20el%20desarrollo%20de%20Islas%20Huichas&#038;body=https:\/\/radiorevelacionfm.cl\/?p=19121' aria-hidden='false' data-av_icon='\ue805' data-av_iconfont='entypo-fontello' title='' data-avia-related-tooltip='Compartir por correo'><span class='avia_hidden_link_text'>Compartir por correo<\/span><\/a><\/li><\/ul><\/div><\/div>\n<div  style='height:50px' class='hr hr-invisible   avia-builder-el-8  el_after_av_social_share  el_before_av_comments_list '><span class='hr-inner ' ><span class='hr-inner-style'><\/span><\/span><\/div>\n<div  class='av-buildercomment  av-blog-meta-html-info-disabled av-blog-meta-tag-disabled  '><\/div>\n","protected":false},"excerpt":{"rendered":"","protected":false},"author":1,"featured_media":19122,"comment_status":"open","ping_status":"open","sticky":false,"template":"","format":"standard","meta":{"footnotes":""},"categories":[38],"tags":[],"class_list":["post-19121","post","type-post","status-publish","format-standard","has-post-thumbnail","hentry","category-regional"],"jetpack_featured_media_url":"https:\/\/radiorevelacionfm.cl\/wp-content\/uploads\/2022\/07\/img-ih-muniaysen2-1_optimized.jpeg","_links":{"self":[{"href":"https:\/\/radiorevelacionfm.cl\/index.php?rest_route=\/wp\/v2\/posts\/19121","targetHints":{"allow":["GET"]}}],"collection":[{"href":"https:\/\/radiorevelacionfm.cl\/index.php?rest_route=\/wp\/v2\/posts"}],"about":[{"href":"https:\/\/radiorevelacionfm.cl\/index.php?rest_route=\/wp\/v2\/types\/post"}],"author":[{"embeddable":true,"href":"https:\/\/radiorevelacionfm.cl\/index.php?rest_route=\/wp\/v2\/users\/1"}],"replies":[{"embeddable":true,"href":"https:\/\/radiorevelacionfm.cl\/index.php?rest_route=%2Fwp%2Fv2%2Fcomments&post=19121"}],"version-history":[{"count":2,"href":"https:\/\/radiorevelacionfm.cl\/index.php?rest_route=\/wp\/v2\/posts\/19121\/revisions"}],"predecessor-version":[{"id":19124,"href":"https:\/\/radiorevelacionfm.cl\/index.php?rest_route=\/wp\/v2\/posts\/19121\/revisions\/19124"}],"wp:featuredmedia":[{"embeddable":true,"href":"https:\/\/radiorevelacionfm.cl\/index.php?rest_route=\/wp\/v2\/media\/19122"}],"wp:attachment":[{"href":"https:\/\/radiorevelacionfm.cl\/index.php?rest_route=%2Fwp%2Fv2%2Fmedia&parent=19121"}],"wp:term":[{"taxonomy":"category","embeddable":true,"href":"https:\/\/radiorevelacionfm.cl\/index.php?rest_route=%2Fwp%2Fv2%2Fcategories&post=19121"},{"taxonomy":"post_tag","embeddable":true,"href":"https:\/\/radiorevelacionfm.cl\/index.php?rest_route=%2Fwp%2Fv2%2Ftags&post=19121"}],"curies":[{"name":"wp","href":"https:\/\/api.w.org\/{rel}","templated":true}]}}