{"id":19114,"date":"2022-07-13T10:17:36","date_gmt":"2022-07-13T13:17:36","guid":{"rendered":"https:\/\/radiorevelacionfm.cl\/?p=19114"},"modified":"2022-07-13T10:17:36","modified_gmt":"2022-07-13T13:17:36","slug":"diputado-calisto-presenta-proyecto-de-ley-que-va-en-ayuda-a-las-pymes-al-suspender-cobros-y-juicios-ejecutivos","status":"publish","type":"post","link":"https:\/\/radiorevelacionfm.cl\/?p=19114","title":{"rendered":"Diputado Calisto presenta proyecto de ley que va en ayuda a las Pymes al suspender cobros y juicios ejecutivos"},"content":{"rendered":"<div class=\"flex_column av_one_full  flex_column_div av-zero-column-padding first  avia-builder-el-0  el_before_av_one_full  avia-builder-el-first  \" style='border-radius:0px; '><div  class='avia-image-container  av-styling-    avia-builder-el-1  avia-builder-el-no-sibling  avia-align-center '  itemprop=\"image\" itemscope=\"itemscope\" itemtype=\"https:\/\/schema.org\/ImageObject\"  ><div class='avia-image-container-inner'><div class='avia-image-overlay-wrap'><img decoding=\"async\" class='wp-image-16618 avia-img-lazy-loading-not-16618 avia_image' src=\"https:\/\/radiorevelacionfm.cl\/wp-content\/uploads\/2022\/05\/CALISTO-COMISION-3-1-1.jpg\" alt='' title='CALISTO COMISI\u00d3N (3) (1) (1)' height=\"600\" width=\"900\"  itemprop=\"thumbnailUrl\" srcset=\"https:\/\/radiorevelacionfm.cl\/wp-content\/uploads\/2022\/05\/CALISTO-COMISION-3-1-1.jpg 900w, https:\/\/radiorevelacionfm.cl\/wp-content\/uploads\/2022\/05\/CALISTO-COMISION-3-1-1-300x200.jpg 300w, https:\/\/radiorevelacionfm.cl\/wp-content\/uploads\/2022\/05\/CALISTO-COMISION-3-1-1-768x512.jpg 768w, https:\/\/radiorevelacionfm.cl\/wp-content\/uploads\/2022\/05\/CALISTO-COMISION-3-1-1-705x470.jpg 705w, https:\/\/radiorevelacionfm.cl\/wp-content\/uploads\/2022\/05\/CALISTO-COMISION-3-1-1-600x400.jpg 600w\" sizes=\"(max-width: 900px) 100vw, 900px\" \/><\/div><\/div><\/div><\/div><div class=\"flex_column av_one_full  flex_column_div av-zero-column-padding first  avia-builder-el-2  el_after_av_one_full  el_before_av_one_full  column-top-margin\" style='border-radius:0px; '><section class=\"av_textblock_section \"  itemscope=\"itemscope\" itemtype=\"https:\/\/schema.org\/BlogPosting\" itemprop=\"blogPost\" ><div class='avia_textblock  '   itemprop=\"text\" ><p style=\"text-align: center;\"><span style=\"font-size: 18pt;\"><b><span lang=\"ES\">Diputado Calisto presenta proyecto de ley que va en ayuda a las Pymes al suspender cobros y juicios ejecutivos<\/span><\/b><\/span><\/p>\n<div id=\"gtx-trans\" style=\"position: absolute; left: -50px; top: 4.31534px;\">\n<div class=\"gtx-trans-icon\"><\/div>\n<\/div>\n<\/div><\/section><\/div><div class=\"flex_column av_one_full  flex_column_div av-zero-column-padding first  avia-builder-el-4  el_after_av_one_full  el_before_av_hr  column-top-margin\" style='border-radius:0px; '><section class=\"av_textblock_section \"  itemscope=\"itemscope\" itemtype=\"https:\/\/schema.org\/BlogPosting\" itemprop=\"blogPost\" ><div class='avia_textblock  '   itemprop=\"text\" ><p style=\"font-weight: 400; text-align: justify;\">Consciente de la grave crisis econ\u00f3mica que afecta al pa\u00eds, el diputado Miguel \u00c1ngel Calisto junto a un grupo transversal de parlamentarios, present\u00f3 un proyecto de ley que va en ayuda de las Pymes y que consistente en la suspensi\u00f3n de los cobros ejecutivos, procedimientos ejecutivos administrativos, y juicios ejecutivos por el plazo de un a\u00f1o.<\/p>\n<p style=\"font-weight: 400; text-align: justify;\">El proyecto, que adem\u00e1s fue firmado por el diputado Daniel Manouchehri y otros parlamentarios miembros de la Comisi\u00f3n de Econom\u00eda,\u00a0 es un art\u00edculo \u00fanico que establece que se suspendan por el periodo de doce meses, a contar de la promulgaci\u00f3n de la presente ley, en favor de las microempresas y peque\u00f1as empresas definidas en la Ley 20.416, que as\u00ed lo soliciten; el cobro ejecutivo y procedimiento ejecutivos administrativos, por concepto de deudas contra\u00eddas con La Tesorer\u00eda General de la Rep\u00fablica; el cobro ejecutivo y juicios ejecutivos; derivados de deudas contra\u00eddas con instituciones financieras y bancarias.<\/p>\n<p style=\"font-weight: 400; text-align: justify;\">Seg\u00fan el diputado Calisto \u201cde manera transversal estamos presentando un proyecto de ley para ir en rescate de las micro, peque\u00f1as y medianas empresas, se trata de una gran cantidad de chilenos que son emprendedores y que se han visto profundamente afectados por la crisis desatada pro le covid 19, que todav\u00eda genera consecuencias en nuestro pa\u00eds\u201d.<\/p>\n<p style=\"font-weight: 400; text-align: justify;\">\u201cLas Pymes generan el 53% del empleo en Chile, son el motor de la empleabilidad, y tambi\u00e9n representan cerca del 20% del producto interno bruto, por esto es tan importante rescatar y entregar incentivos por parte del Estado\u201d, indic\u00f3.<\/p>\n<p style=\"font-weight: 400; text-align: justify;\">El legislador se\u00f1al\u00f3 que \u201ccon este proyecto estamos postergando los procedimientos ejecutivos administrativos que han afectado a las empresas. Queremos que se posterguen los embargos, porque la situaci\u00f3n es cr\u00edtica y muchas veces las microempresas, las Pymes, no tienen acceso a cr\u00e9dito, a apoyo por parte de la banca, y estos procedimientos judiciales lo \u00fanico que hacen es hundir m\u00e1s a las Pymes y microempresas familiares\u201d.<\/p>\n<p style=\"font-weight: 400; text-align: justify;\">Finalmente, el legislador declar\u00f3 que \u201cqueremos contribuir con las medidas que ya est\u00e1 tomando el Gobierno y vamos a apoyar. Por su puesto que desde nuestro papel parlamentario vamos a apoyar tambi\u00e9n con todas las herramientas que tengamos a las Pymes y microempresas de nuestro pa\u00eds\u201d.<\/p>\n<\/div><\/section><\/div><div  style='height:50px' class='hr hr-invisible   avia-builder-el-6  el_after_av_one_full  el_before_av_social_share '><span class='hr-inner ' ><span class='hr-inner-style'><\/span><\/span><\/div><\/p>\n<div  class='av-social-sharing-box  avia-builder-el-7  el_after_av_hr  el_before_av_hr  '><div class='av-share-box'><h5 class='av-share-link-description av-no-toc '>Compartir esta noticia<\/h5><ul class='av-share-box-list noLightbox'><li class='av-share-link av-social-link-facebook' ><a target=\"_blank\" aria-label=\"Compartir en Facebook\" href='https:\/\/www.facebook.com\/sharer.php?u=https:\/\/radiorevelacionfm.cl\/?p=19114&#038;t=Diputado%20Calisto%20presenta%20proyecto%20de%20ley%20que%20va%20en%20ayuda%20a%20las%20Pymes%20al%20suspender%20cobros%20y%20juicios%20ejecutivos' aria-hidden='false' data-av_icon='\ue8f3' data-av_iconfont='entypo-fontello' title='' data-avia-related-tooltip='Compartir en Facebook' rel=\"noopener\"><span class='avia_hidden_link_text'>Compartir en Facebook<\/span><\/a><\/li><li class='av-share-link av-social-link-twitter' ><a target=\"_blank\" aria-label=\"Compartir en Twitter\" href='https:\/\/twitter.com\/share?text=Diputado%20Calisto%20presenta%20proyecto%20de%20ley%20que%20va%20en%20ayuda%20a%20las%20Pymes%20al%20suspender%20cobros%20y%20juicios%20ejecutivos&#038;url=https:\/\/radiorevelacionfm.cl\/?p=19114' aria-hidden='false' data-av_icon='\ue8f1' data-av_iconfont='entypo-fontello' title='' data-avia-related-tooltip='Compartir en Twitter' rel=\"noopener\"><span class='avia_hidden_link_text'>Compartir en Twitter<\/span><\/a><\/li><li class='av-share-link av-social-link-whatsapp' ><a target=\"_blank\" aria-label=\"Compartir en Whatsapp\" href='https:\/\/api.whatsapp.com\/send?text=https:\/\/radiorevelacionfm.cl\/?p=19114' aria-hidden='false' data-av_icon='\uf232' data-av_iconfont='entypo-fontello' title='' data-avia-related-tooltip='Compartir en Whatsapp' rel=\"noopener\"><span class='avia_hidden_link_text'>Compartir en Whatsapp<\/span><\/a><\/li><li class='av-share-link av-social-link-linkedin' ><a target=\"_blank\" aria-label=\"Compartir en LinkedIn\" href='https:\/\/linkedin.com\/shareArticle?mini=true&#038;title=Diputado%20Calisto%20presenta%20proyecto%20de%20ley%20que%20va%20en%20ayuda%20a%20las%20Pymes%20al%20suspender%20cobros%20y%20juicios%20ejecutivos&#038;url=https:\/\/radiorevelacionfm.cl\/?p=19114' aria-hidden='false' data-av_icon='\ue8fc' data-av_iconfont='entypo-fontello' title='' data-avia-related-tooltip='Compartir en LinkedIn' rel=\"noopener\"><span class='avia_hidden_link_text'>Compartir en LinkedIn<\/span><\/a><\/li><li class='av-share-link av-social-link-mail' ><a  aria-label=\"Compartir por correo\" href='mailto:?subject=Diputado%20Calisto%20presenta%20proyecto%20de%20ley%20que%20va%20en%20ayuda%20a%20las%20Pymes%20al%20suspender%20cobros%20y%20juicios%20ejecutivos&#038;body=https:\/\/radiorevelacionfm.cl\/?p=19114' aria-hidden='false' data-av_icon='\ue805' data-av_iconfont='entypo-fontello' title='' data-avia-related-tooltip='Compartir por correo'><span class='avia_hidden_link_text'>Compartir por correo<\/span><\/a><\/li><\/ul><\/div><\/div>\n<div  style='height:50px' class='hr hr-invisible   avia-builder-el-8  el_after_av_social_share  el_before_av_comments_list '><span class='hr-inner ' ><span class='hr-inner-style'><\/span><\/span><\/div>\n<div  class='av-buildercomment  av-blog-meta-html-info-disabled av-blog-meta-tag-disabled  '><\/div>\n","protected":false},"excerpt":{"rendered":"","protected":false},"author":1,"featured_media":16618,"comment_status":"open","ping_status":"open","sticky":false,"template":"","format":"standard","meta":{"footnotes":""},"categories":[35],"tags":[],"class_list":["post-19114","post","type-post","status-publish","format-standard","has-post-thumbnail","hentry","category-politica"],"jetpack_featured_media_url":"https:\/\/radiorevelacionfm.cl\/wp-content\/uploads\/2022\/05\/CALISTO-COMISION-3-1-1.jpg","_links":{"self":[{"href":"https:\/\/radiorevelacionfm.cl\/index.php?rest_route=\/wp\/v2\/posts\/19114","targetHints":{"allow":["GET"]}}],"collection":[{"href":"https:\/\/radiorevelacionfm.cl\/index.php?rest_route=\/wp\/v2\/posts"}],"about":[{"href":"https:\/\/radiorevelacionfm.cl\/index.php?rest_route=\/wp\/v2\/types\/post"}],"author":[{"embeddable":true,"href":"https:\/\/radiorevelacionfm.cl\/index.php?rest_route=\/wp\/v2\/users\/1"}],"replies":[{"embeddable":true,"href":"https:\/\/radiorevelacionfm.cl\/index.php?rest_route=%2Fwp%2Fv2%2Fcomments&post=19114"}],"version-history":[{"count":2,"href":"https:\/\/radiorevelacionfm.cl\/index.php?rest_route=\/wp\/v2\/posts\/19114\/revisions"}],"predecessor-version":[{"id":19120,"href":"https:\/\/radiorevelacionfm.cl\/index.php?rest_route=\/wp\/v2\/posts\/19114\/revisions\/19120"}],"wp:featuredmedia":[{"embeddable":true,"href":"https:\/\/radiorevelacionfm.cl\/index.php?rest_route=\/wp\/v2\/media\/16618"}],"wp:attachment":[{"href":"https:\/\/radiorevelacionfm.cl\/index.php?rest_route=%2Fwp%2Fv2%2Fmedia&parent=19114"}],"wp:term":[{"taxonomy":"category","embeddable":true,"href":"https:\/\/radiorevelacionfm.cl\/index.php?rest_route=%2Fwp%2Fv2%2Fcategories&post=19114"},{"taxonomy":"post_tag","embeddable":true,"href":"https:\/\/radiorevelacionfm.cl\/index.php?rest_route=%2Fwp%2Fv2%2Ftags&post=19114"}],"curies":[{"name":"wp","href":"https:\/\/api.w.org\/{rel}","templated":true}]}}