{"id":19110,"date":"2022-07-12T19:59:12","date_gmt":"2022-07-12T22:59:12","guid":{"rendered":"https:\/\/radiorevelacionfm.cl\/?p=19110"},"modified":"2022-07-12T19:59:12","modified_gmt":"2022-07-12T22:59:12","slug":"diputada-raphael-insiste-en-suspender-el-impuesto-especifico-a-los-combustibles-y-tambien-el-iva-en-los-productos-de-la-canasta-basica","status":"publish","type":"post","link":"https:\/\/radiorevelacionfm.cl\/?p=19110","title":{"rendered":"Diputada Raphael insiste en suspender el impuesto espec\u00edfico a los combustibles y tambi\u00e9n el IVA en los productos de la canasta b\u00e1sica"},"content":{"rendered":"<div class=\"flex_column av_one_full  flex_column_div av-zero-column-padding first  avia-builder-el-0  el_before_av_one_full  avia-builder-el-first  \" style='border-radius:0px; '><div  class='avia-image-container  av-styling-    avia-builder-el-1  avia-builder-el-no-sibling  avia-align-center '  itemprop=\"image\" itemscope=\"itemscope\" itemtype=\"https:\/\/schema.org\/ImageObject\"  ><div class='avia-image-container-inner'><div class='avia-image-overlay-wrap'><img decoding=\"async\" class='wp-image-19111 avia-img-lazy-loading-not-19111 avia_image' src=\"https:\/\/radiorevelacionfm.cl\/wp-content\/uploads\/2022\/07\/DIPCONGRESO-1-1.jpg\" alt='' title='DIPCONGRESO (1) (1)' height=\"600\" width=\"900\"  itemprop=\"thumbnailUrl\" srcset=\"https:\/\/radiorevelacionfm.cl\/wp-content\/uploads\/2022\/07\/DIPCONGRESO-1-1.jpg 900w, https:\/\/radiorevelacionfm.cl\/wp-content\/uploads\/2022\/07\/DIPCONGRESO-1-1-300x200.jpg 300w, https:\/\/radiorevelacionfm.cl\/wp-content\/uploads\/2022\/07\/DIPCONGRESO-1-1-768x512.jpg 768w, https:\/\/radiorevelacionfm.cl\/wp-content\/uploads\/2022\/07\/DIPCONGRESO-1-1-705x470.jpg 705w, https:\/\/radiorevelacionfm.cl\/wp-content\/uploads\/2022\/07\/DIPCONGRESO-1-1-600x400.jpg 600w\" sizes=\"(max-width: 900px) 100vw, 900px\" \/><\/div><\/div><\/div><\/div><div class=\"flex_column av_one_full  flex_column_div av-zero-column-padding first  avia-builder-el-2  el_after_av_one_full  el_before_av_one_full  column-top-margin\" style='border-radius:0px; '><section class=\"av_textblock_section \"  itemscope=\"itemscope\" itemtype=\"https:\/\/schema.org\/BlogPosting\" itemprop=\"blogPost\" ><div class='avia_textblock  '   itemprop=\"text\" ><p style=\"text-align: center;\"><strong><span style=\"font-size: 18pt;\">Diputada Raphael insiste en suspender el impuesto espec\u00edfico a los combustibles y tambi\u00e9n el IVA en los productos de la canasta b\u00e1sica<\/span><\/strong><\/p>\n<div id=\"gtx-trans\" style=\"position: absolute; left: -50px; top: 4.31534px;\">\n<div class=\"gtx-trans-icon\"><\/div>\n<\/div>\n<\/div><\/section><\/div><div class=\"flex_column av_one_full  flex_column_div av-zero-column-padding first  avia-builder-el-4  el_after_av_one_full  el_before_av_hr  column-top-margin\" style='border-radius:0px; '><section class=\"av_textblock_section \"  itemscope=\"itemscope\" itemtype=\"https:\/\/schema.org\/BlogPosting\" itemprop=\"blogPost\" ><div class='avia_textblock  '   itemprop=\"text\" ><p style=\"text-align: justify;\">A una semana del impacto del alza en 20 pesos de los combustibles en el pa\u00eds, la Diputada Raphael junto a la bancada de Diputados de Renovaci\u00f3n Nacional insistieron en la necesidad de suspender el impuesto espec\u00edfico a los combustibles, tal como lo solicitaron al Ejecutivo hace meses, y fueron m\u00e1s all\u00e1 con la suspensi\u00f3n tambi\u00e9n del IVA a los productos de la canasta b\u00e1sica.<\/p>\n<p style=\"text-align: justify;\">En este sentido, la Diputada mencion\u00f3 que: \u201ccomo bancada y sobre todo como diputada de uno de los distritos de las zonas extremas del pa\u00eds, hace varios meses venimos insistiendo en rebajar o derechamente eliminar el impuesto especifico de los combustibles pero seguimos a la espera de una respuesta por parte del Gobierno. Se anunci\u00f3 un bono invierno de 120 mil pesos que no son suficiente frente al elevado costo de vida en la regi\u00f3n de Ays\u00e9n. Hoy las familias necesitan un alivio ante las constantes alzas en la mayor\u00eda de los insumos, sobre todo de los combustibles, los que en la regi\u00f3n suben a\u00fan m\u00e1s que en el resto del pa\u00eds, pues localidades como Villa O\u2019Higgins este ya supera los mil cuatrocientos pesos para el caso de la bencina y sobre los mil doscientos pesos para el di\u00e9sel, o sea estamos hablando de cifras demasiado elevadas y el gobierno debe actuar cuanto antes\u201d.<\/p>\n<p style=\"text-align: justify;\">Junto con la solicitud de la suspensi\u00f3n o eliminaci\u00f3n del impuesto especifico, la bancada de Renovaci\u00f3n Nacional quiso ir m\u00e1s all\u00e1 y frente a la importante inflaci\u00f3n que enfrenta el pa\u00eds, propuso solicitarle al gobierno la rebaja o eliminaci\u00f3n del IVA a la canasta b\u00e1sica. Insumos que los chilenos utilizan d\u00eda a d\u00eda puedan tener una rebaja, esto tras considerar insuficiente el beneficio que entregar\u00e1 el bono invierno del presidente Gabriel Boric, el que est\u00e1 contemplado llegar a un m\u00e1ximo de cuatro millones de familias, cifras muy por debajo a lo que fue la entrega del ingreso familiar de emergencia que lleg\u00f3 a un total de siete millones de familias durante el gobierno de Sebasti\u00e1n Pi\u00f1era.<\/p>\n<p style=\"text-align: justify;\">De acuerdo con ello la legisladora destac\u00f3 \u201clos alimentos que se consumen a diario est\u00e1n cada vez m\u00e1s caros y eso afecta en gran medida a los adultos mayores y las familias que reciben el sueldo m\u00ednimo. Frente a la inminente alza del d\u00f3lar nuestro peso cada vez toma menos valor y es a raz\u00f3n de ello que vemos con gran preocupaci\u00f3n las pocas acciones por parte del gobierno. Es ahora cuando debiese acoger nuestra solicitud y entregar apoyo a las familias vulnerables y clase media de Chile\u201d.<\/p>\n<\/div><\/section><\/div><div  style='height:50px' class='hr hr-invisible   avia-builder-el-6  el_after_av_one_full  el_before_av_social_share '><span class='hr-inner ' ><span class='hr-inner-style'><\/span><\/span><\/div><\/p>\n<div  class='av-social-sharing-box  avia-builder-el-7  el_after_av_hr  el_before_av_hr  '><div class='av-share-box'><h5 class='av-share-link-description av-no-toc '>Compartir esta noticia<\/h5><ul class='av-share-box-list noLightbox'><li class='av-share-link av-social-link-facebook' ><a target=\"_blank\" aria-label=\"Compartir en Facebook\" href='https:\/\/www.facebook.com\/sharer.php?u=https:\/\/radiorevelacionfm.cl\/?p=19110&#038;t=Diputada%20Raphael%20insiste%20en%20suspender%20el%20impuesto%20espec%C3%ADfico%20a%20los%20combustibles%20y%20tambi%C3%A9n%20el%20IVA%20en%20los%20productos%20de%20la%20canasta%20b%C3%A1sica' aria-hidden='false' data-av_icon='\ue8f3' data-av_iconfont='entypo-fontello' title='' data-avia-related-tooltip='Compartir en Facebook' rel=\"noopener\"><span class='avia_hidden_link_text'>Compartir en Facebook<\/span><\/a><\/li><li class='av-share-link av-social-link-twitter' ><a target=\"_blank\" aria-label=\"Compartir en Twitter\" href='https:\/\/twitter.com\/share?text=Diputada%20Raphael%20insiste%20en%20suspender%20el%20impuesto%20espec%C3%ADfico%20a%20los%20combustibles%20y%20tambi%C3%A9n%20el%20IVA%20en%20los%20productos%20de%20la%20canasta%20b%C3%A1sica&#038;url=https:\/\/radiorevelacionfm.cl\/?p=19110' aria-hidden='false' data-av_icon='\ue8f1' data-av_iconfont='entypo-fontello' title='' data-avia-related-tooltip='Compartir en Twitter' rel=\"noopener\"><span class='avia_hidden_link_text'>Compartir en Twitter<\/span><\/a><\/li><li class='av-share-link av-social-link-whatsapp' ><a target=\"_blank\" aria-label=\"Compartir en Whatsapp\" href='https:\/\/api.whatsapp.com\/send?text=https:\/\/radiorevelacionfm.cl\/?p=19110' aria-hidden='false' data-av_icon='\uf232' data-av_iconfont='entypo-fontello' title='' data-avia-related-tooltip='Compartir en Whatsapp' rel=\"noopener\"><span class='avia_hidden_link_text'>Compartir en Whatsapp<\/span><\/a><\/li><li class='av-share-link av-social-link-linkedin' ><a target=\"_blank\" aria-label=\"Compartir en LinkedIn\" href='https:\/\/linkedin.com\/shareArticle?mini=true&#038;title=Diputada%20Raphael%20insiste%20en%20suspender%20el%20impuesto%20espec%C3%ADfico%20a%20los%20combustibles%20y%20tambi%C3%A9n%20el%20IVA%20en%20los%20productos%20de%20la%20canasta%20b%C3%A1sica&#038;url=https:\/\/radiorevelacionfm.cl\/?p=19110' aria-hidden='false' data-av_icon='\ue8fc' data-av_iconfont='entypo-fontello' title='' data-avia-related-tooltip='Compartir en LinkedIn' rel=\"noopener\"><span class='avia_hidden_link_text'>Compartir en LinkedIn<\/span><\/a><\/li><li class='av-share-link av-social-link-mail' ><a  aria-label=\"Compartir por correo\" href='mailto:?subject=Diputada%20Raphael%20insiste%20en%20suspender%20el%20impuesto%20espec%C3%ADfico%20a%20los%20combustibles%20y%20tambi%C3%A9n%20el%20IVA%20en%20los%20productos%20de%20la%20canasta%20b%C3%A1sica&#038;body=https:\/\/radiorevelacionfm.cl\/?p=19110' aria-hidden='false' data-av_icon='\ue805' data-av_iconfont='entypo-fontello' title='' data-avia-related-tooltip='Compartir por correo'><span class='avia_hidden_link_text'>Compartir por correo<\/span><\/a><\/li><\/ul><\/div><\/div>\n<div  style='height:50px' class='hr hr-invisible   avia-builder-el-8  el_after_av_social_share  el_before_av_comments_list '><span class='hr-inner ' ><span class='hr-inner-style'><\/span><\/span><\/div>\n<div  class='av-buildercomment  av-blog-meta-html-info-disabled av-blog-meta-tag-disabled  '><\/div>\n","protected":false},"excerpt":{"rendered":"","protected":false},"author":1,"featured_media":19111,"comment_status":"open","ping_status":"open","sticky":false,"template":"","format":"standard","meta":{"footnotes":""},"categories":[35],"tags":[],"class_list":["post-19110","post","type-post","status-publish","format-standard","has-post-thumbnail","hentry","category-politica"],"jetpack_featured_media_url":"https:\/\/radiorevelacionfm.cl\/wp-content\/uploads\/2022\/07\/DIPCONGRESO-1-1.jpg","_links":{"self":[{"href":"https:\/\/radiorevelacionfm.cl\/index.php?rest_route=\/wp\/v2\/posts\/19110","targetHints":{"allow":["GET"]}}],"collection":[{"href":"https:\/\/radiorevelacionfm.cl\/index.php?rest_route=\/wp\/v2\/posts"}],"about":[{"href":"https:\/\/radiorevelacionfm.cl\/index.php?rest_route=\/wp\/v2\/types\/post"}],"author":[{"embeddable":true,"href":"https:\/\/radiorevelacionfm.cl\/index.php?rest_route=\/wp\/v2\/users\/1"}],"replies":[{"embeddable":true,"href":"https:\/\/radiorevelacionfm.cl\/index.php?rest_route=%2Fwp%2Fv2%2Fcomments&post=19110"}],"version-history":[{"count":2,"href":"https:\/\/radiorevelacionfm.cl\/index.php?rest_route=\/wp\/v2\/posts\/19110\/revisions"}],"predecessor-version":[{"id":19113,"href":"https:\/\/radiorevelacionfm.cl\/index.php?rest_route=\/wp\/v2\/posts\/19110\/revisions\/19113"}],"wp:featuredmedia":[{"embeddable":true,"href":"https:\/\/radiorevelacionfm.cl\/index.php?rest_route=\/wp\/v2\/media\/19111"}],"wp:attachment":[{"href":"https:\/\/radiorevelacionfm.cl\/index.php?rest_route=%2Fwp%2Fv2%2Fmedia&parent=19110"}],"wp:term":[{"taxonomy":"category","embeddable":true,"href":"https:\/\/radiorevelacionfm.cl\/index.php?rest_route=%2Fwp%2Fv2%2Fcategories&post=19110"},{"taxonomy":"post_tag","embeddable":true,"href":"https:\/\/radiorevelacionfm.cl\/index.php?rest_route=%2Fwp%2Fv2%2Ftags&post=19110"}],"curies":[{"name":"wp","href":"https:\/\/api.w.org\/{rel}","templated":true}]}}