{"id":19101,"date":"2022-07-13T12:26:34","date_gmt":"2022-07-13T15:26:34","guid":{"rendered":"https:\/\/radiorevelacionfm.cl\/?p=19101"},"modified":"2022-07-13T12:26:34","modified_gmt":"2022-07-13T15:26:34","slug":"el-conejo-europeo-una-amenaza-en-los-bosques-patagonicos","status":"publish","type":"post","link":"https:\/\/radiorevelacionfm.cl\/?p=19101","title":{"rendered":"El Conejo Europeo, una amenaza en los bosques patag\u00f3nicos"},"content":{"rendered":"<div class=\"flex_column av_one_full  flex_column_div av-zero-column-padding first  avia-builder-el-0  el_before_av_one_full  avia-builder-el-first  \" style='border-radius:0px; '><div  class='avia-image-container  av-styling-    avia-builder-el-1  avia-builder-el-no-sibling  avia-align-center '  itemprop=\"image\" itemscope=\"itemscope\" itemtype=\"https:\/\/schema.org\/ImageObject\"  ><div class='avia-image-container-inner'><div class='avia-image-overlay-wrap'><img decoding=\"async\" class='wp-image-19104 avia-img-lazy-loading-not-19104 avia_image' src=\"https:\/\/radiorevelacionfm.cl\/wp-content\/uploads\/2022\/07\/conejo-europeo-1_optimized.jpeg\" alt='' title='conejo-europeo-(1)_optimized' height=\"600\" width=\"800\"  itemprop=\"thumbnailUrl\" srcset=\"https:\/\/radiorevelacionfm.cl\/wp-content\/uploads\/2022\/07\/conejo-europeo-1_optimized.jpeg 800w, https:\/\/radiorevelacionfm.cl\/wp-content\/uploads\/2022\/07\/conejo-europeo-1_optimized-300x225.jpeg 300w, https:\/\/radiorevelacionfm.cl\/wp-content\/uploads\/2022\/07\/conejo-europeo-1_optimized-768x576.jpeg 768w, https:\/\/radiorevelacionfm.cl\/wp-content\/uploads\/2022\/07\/conejo-europeo-1_optimized-705x529.jpeg 705w, https:\/\/radiorevelacionfm.cl\/wp-content\/uploads\/2022\/07\/conejo-europeo-1_optimized-600x450.jpeg 600w\" sizes=\"(max-width: 800px) 100vw, 800px\" \/><\/div><\/div><\/div><\/div><div class=\"flex_column av_one_full  flex_column_div av-zero-column-padding first  avia-builder-el-2  el_after_av_one_full  el_before_av_one_full  column-top-margin\" style='border-radius:0px; '><section class=\"av_textblock_section \"  itemscope=\"itemscope\" itemtype=\"https:\/\/schema.org\/BlogPosting\" itemprop=\"blogPost\" ><div class='avia_textblock  '   itemprop=\"text\" ><p style=\"text-align: center;\"><span style=\"font-size: 18pt;\"><b>El Conejo Europeo, una amenaza en los bosques patag\u00f3nicos<\/b><b>\u00a0<\/b><\/span><\/p>\n<div id=\"gtx-trans\" style=\"position: absolute; left: -50px; top: 4.31534px;\">\n<div class=\"gtx-trans-icon\"><\/div>\n<\/div>\n<\/div><\/section><\/div><\/p>\n<div class=\"flex_column av_one_full  flex_column_div av-zero-column-padding first  avia-builder-el-4  el_after_av_one_full  el_before_av_hr  column-top-margin\" style='border-radius:0px; '><section class=\"av_textblock_section \"  itemscope=\"itemscope\" itemtype=\"https:\/\/schema.org\/BlogPosting\" itemprop=\"blogPost\" ><div class='avia_textblock  '   itemprop=\"text\" ><p class=\"v1MsoNormal\" align=\"justify\">Una de las especies ex\u00f3ticas que m\u00e1s llama la atenci\u00f3n es el conejo europeo (Oryctolagus cuniculus\u00a0L. 1758). El conejo es una especie nativa de la parte sudoccidental de Europa y septentrional de \u00c1frica y ha sido introducida en distintas regiones del mundo tales como Australia, Nueva Zelanda y Sudam\u00e9rica, al igual que en Chile y Argentina. Este carism\u00e1tico animalito se parece mucho a la liebre europea, pero son dos especies distintas. En general, el conejo es de menor tama\u00f1o que la liebre (tiene orejas y patas m\u00e1s peque\u00f1as), es m\u00e1s sociable, de familias numerosas y construye muchas madrigueras para refugiarse. En cambio, la liebre es m\u00e1s bien solitaria y suele estar escondida cerca de un matorral o mont\u00edculo. \u00a1Eso s\u00ed! las liebres y los conejos son voraces herb\u00edvoros, por lo que suelen comer muchas plantas (algunas de ellas de inter\u00e9s productivo o de conservaci\u00f3n ecol\u00f3gica).<\/p>\n<p class=\"v1MsoNormal\" align=\"justify\">Para comprender el rol que juegan en la naturaleza este tipo de herb\u00edvoros, como el conejo europeo y generar pautas objetivas de manejo, es recomendable estudiar\u00a0in situ\u00a0su forma de vivir con el entorno. En un reciente estudio titulado \u00abForage offering and seasonal intake comparisons to evaluate European rabbit threat in\u00a0Nothofagus\u00a0forests of southern Patagonia\u00bb (en espa\u00f1ol\u00a0Comparaci\u00f3n de la oferta de forraje y consumo estacional para evaluar la amenaza del conejo europeo en los bosques de Nothofagus de la Patagonia austral), los ec\u00f3logos forestales del Centro de Investigaci\u00f3n en Ecosistemas de la Patagonia (CIEP), Alejandro Huertas Herrera y M\u00f3nica Toro Manr\u00edquez, junto a Laura Borrelli (investigadora de INTA, Argentina), Mar\u00eda Vanessa Lencinas y Guillermo Mart\u00ednez Pastur (investigadores del CADIC-CONICET, Argentina), estudiaron la relaci\u00f3n entre la oferta y el consumo de forraje vegetal en las cuatro estaciones del a\u00f1o por parte del conejo en bosques y ambientes de arbustos y pastizales del sur de la Patagonia. Los cuestionamientos que surgieron fueron: \u00bfCu\u00e1l es la oferta forrajera en cada tipo de vegetaci\u00f3n (bosque, arbustal y pastizal)? \u00bfCu\u00e1l es el consumo de forraje del conejo y c\u00f3mo var\u00eda a trav\u00e9s de las estaciones a lo largo del a\u00f1o? y \u00bfQu\u00e9 tipos de vegetaci\u00f3n y formas de vida vegetal fueron m\u00e1s utilizadas de acuerdo con los consumos de forraje del conejo? Para responder estas preguntas, las y los investigadores caracterizaron la oferta de alimentos disponibles y determinaron las ingestas en cada estaci\u00f3n del a\u00f1o utilizando an\u00e1lisis microhistol\u00f3gicos de las heces del conejo.\u00a0O sea que, a trav\u00e9s de las heces del conejo, pudieron realizar un estudio ecol\u00f3gico de este animal sin tener que acudir a capturas u otro tipo de t\u00e9cnicas directas (ej. sacrificio).<\/p>\n<p class=\"v1MsoNormal\" align=\"justify\">Los resultados muestran que, aunque muchas especies de plantas juegan un papel importante en las redes de consumo de forraje de los conejos, los v\u00ednculos de consumo m\u00e1s fuertes se encontraron con los pastos ex\u00f3ticos (ej.,\u00a0Poa pratensis\u00a0y\u00a0Festuca\u00a0spp.), plantas hemipar\u00e1sitas nativas (ej., el farolito,\u00a0Misodendrum\u00a0spp.), arbustos nativos (ej., murtilla,\u00a0Empetrum rubrum) y los \u00e1rboles nativos (ej.,\u00a0Nothofagus\u00a0spp.). Las temporadas de verano y oto\u00f1o presentaron mayor consumo en comparaci\u00f3n con las temporadas de invierno y primavera. Adem\u00e1s, la ingesta de plantas hemipar\u00e1sitas sugiere que los conejos utilizan diferentes fuentes de forraje seg\u00fan los tipos de vegetaci\u00f3n.<\/p>\n<p class=\"v1MsoNormal\" align=\"justify\">En este estudio las y los investigadores de la zona austral del continente concluyeron que\u00a0los conejos habitan regularmente el bosque, aunque no es su tipo de vegetaci\u00f3n preferida para vivir. Algunas especies de plantas ex\u00f3ticas ayudan m\u00e1s que otras al conejo a sobrevivir durante todo el a\u00f1o (ej. el pasto ex\u00f3tico\u00a0Poa pratensis). As\u00ed pues, los conejos desarrollan nuevas interacciones ecol\u00f3gicas con plantas ex\u00f3ticas, lo que puede ayudar a su propagaci\u00f3n y potencial invasi\u00f3n.\u00a0Por otra parte, el conejo puede afectar a numerosas especies nativas ic\u00f3nicas o emblem\u00e1ticas (ej., orqu\u00eddeas). Por ello, es imprescindible conocer el uso que los conejos hacen de los diferentes recursos vegetales para evaluar el posible impacto sobre la flora nativa. Esto ayudar\u00eda a la sustentabilidad y conservaci\u00f3n de la biodiversidad de nuestros ecosistemas naturales, como, por ejemplo, si el conejo consume una especie de planta que escasea o poco com\u00fan de encontrar (ej., orqu\u00eddeas), podr\u00edan amenazar la supervivencia de esa especie de plantas y afectar su conservaci\u00f3n.<\/p>\n<\/div><\/section><\/div>\n<div  style='height:50px' class='hr hr-invisible   avia-builder-el-6  el_after_av_one_full  el_before_av_social_share '><span class='hr-inner ' ><span class='hr-inner-style'><\/span><\/span><\/div>\n<div  class='av-social-sharing-box  avia-builder-el-7  el_after_av_hr  el_before_av_hr  '><div class='av-share-box'><h5 class='av-share-link-description av-no-toc '>Compartir esta noticia<\/h5><ul class='av-share-box-list noLightbox'><li class='av-share-link av-social-link-facebook' ><a target=\"_blank\" aria-label=\"Compartir en Facebook\" href='https:\/\/www.facebook.com\/sharer.php?u=https:\/\/radiorevelacionfm.cl\/?p=19101&#038;t=El%20Conejo%20Europeo%2C%20una%20amenaza%20en%20los%20bosques%20patag%C3%B3nicos' aria-hidden='false' data-av_icon='\ue8f3' data-av_iconfont='entypo-fontello' title='' data-avia-related-tooltip='Compartir en Facebook' rel=\"noopener\"><span class='avia_hidden_link_text'>Compartir en Facebook<\/span><\/a><\/li><li class='av-share-link av-social-link-twitter' ><a target=\"_blank\" aria-label=\"Compartir en Twitter\" href='https:\/\/twitter.com\/share?text=El%20Conejo%20Europeo%2C%20una%20amenaza%20en%20los%20bosques%20patag%C3%B3nicos&#038;url=https:\/\/radiorevelacionfm.cl\/?p=19101' aria-hidden='false' data-av_icon='\ue8f1' data-av_iconfont='entypo-fontello' title='' data-avia-related-tooltip='Compartir en Twitter' rel=\"noopener\"><span class='avia_hidden_link_text'>Compartir en Twitter<\/span><\/a><\/li><li class='av-share-link av-social-link-whatsapp' ><a target=\"_blank\" aria-label=\"Compartir en Whatsapp\" href='https:\/\/api.whatsapp.com\/send?text=https:\/\/radiorevelacionfm.cl\/?p=19101' aria-hidden='false' data-av_icon='\uf232' data-av_iconfont='entypo-fontello' title='' data-avia-related-tooltip='Compartir en Whatsapp' rel=\"noopener\"><span class='avia_hidden_link_text'>Compartir en Whatsapp<\/span><\/a><\/li><li class='av-share-link av-social-link-linkedin' ><a target=\"_blank\" aria-label=\"Compartir en LinkedIn\" href='https:\/\/linkedin.com\/shareArticle?mini=true&#038;title=El%20Conejo%20Europeo%2C%20una%20amenaza%20en%20los%20bosques%20patag%C3%B3nicos&#038;url=https:\/\/radiorevelacionfm.cl\/?p=19101' aria-hidden='false' data-av_icon='\ue8fc' data-av_iconfont='entypo-fontello' title='' data-avia-related-tooltip='Compartir en LinkedIn' rel=\"noopener\"><span class='avia_hidden_link_text'>Compartir en LinkedIn<\/span><\/a><\/li><li class='av-share-link av-social-link-mail' ><a  aria-label=\"Compartir por correo\" href='mailto:?subject=El%20Conejo%20Europeo%2C%20una%20amenaza%20en%20los%20bosques%20patag%C3%B3nicos&#038;body=https:\/\/radiorevelacionfm.cl\/?p=19101' aria-hidden='false' data-av_icon='\ue805' data-av_iconfont='entypo-fontello' title='' data-avia-related-tooltip='Compartir por correo'><span class='avia_hidden_link_text'>Compartir por correo<\/span><\/a><\/li><\/ul><\/div><\/div>\n<div  style='height:50px' class='hr hr-invisible   avia-builder-el-8  el_after_av_social_share  el_before_av_comments_list '><span class='hr-inner ' ><span class='hr-inner-style'><\/span><\/span><\/div>\n<div  class='av-buildercomment  av-blog-meta-html-info-disabled av-blog-meta-tag-disabled  '><\/div>\n","protected":false},"excerpt":{"rendered":"","protected":false},"author":1,"featured_media":19104,"comment_status":"open","ping_status":"open","sticky":false,"template":"","format":"standard","meta":{"footnotes":""},"categories":[39],"tags":[],"class_list":["post-19101","post","type-post","status-publish","format-standard","has-post-thumbnail","hentry","category-medio-ambiente"],"jetpack_featured_media_url":"https:\/\/radiorevelacionfm.cl\/wp-content\/uploads\/2022\/07\/conejo-europeo-1_optimized.jpeg","_links":{"self":[{"href":"https:\/\/radiorevelacionfm.cl\/index.php?rest_route=\/wp\/v2\/posts\/19101","targetHints":{"allow":["GET"]}}],"collection":[{"href":"https:\/\/radiorevelacionfm.cl\/index.php?rest_route=\/wp\/v2\/posts"}],"about":[{"href":"https:\/\/radiorevelacionfm.cl\/index.php?rest_route=\/wp\/v2\/types\/post"}],"author":[{"embeddable":true,"href":"https:\/\/radiorevelacionfm.cl\/index.php?rest_route=\/wp\/v2\/users\/1"}],"replies":[{"embeddable":true,"href":"https:\/\/radiorevelacionfm.cl\/index.php?rest_route=%2Fwp%2Fv2%2Fcomments&post=19101"}],"version-history":[{"count":3,"href":"https:\/\/radiorevelacionfm.cl\/index.php?rest_route=\/wp\/v2\/posts\/19101\/revisions"}],"predecessor-version":[{"id":19130,"href":"https:\/\/radiorevelacionfm.cl\/index.php?rest_route=\/wp\/v2\/posts\/19101\/revisions\/19130"}],"wp:featuredmedia":[{"embeddable":true,"href":"https:\/\/radiorevelacionfm.cl\/index.php?rest_route=\/wp\/v2\/media\/19104"}],"wp:attachment":[{"href":"https:\/\/radiorevelacionfm.cl\/index.php?rest_route=%2Fwp%2Fv2%2Fmedia&parent=19101"}],"wp:term":[{"taxonomy":"category","embeddable":true,"href":"https:\/\/radiorevelacionfm.cl\/index.php?rest_route=%2Fwp%2Fv2%2Fcategories&post=19101"},{"taxonomy":"post_tag","embeddable":true,"href":"https:\/\/radiorevelacionfm.cl\/index.php?rest_route=%2Fwp%2Fv2%2Ftags&post=19101"}],"curies":[{"name":"wp","href":"https:\/\/api.w.org\/{rel}","templated":true}]}}