{"id":19097,"date":"2022-07-12T21:05:46","date_gmt":"2022-07-13T00:05:46","guid":{"rendered":"https:\/\/radiorevelacionfm.cl\/?p=19097"},"modified":"2022-07-12T21:05:46","modified_gmt":"2022-07-13T00:05:46","slug":"continua-el-trabajo-del-ssa-en-alianza-con-organizaciones-sociales-para-lograr-una-mejor-salud-publica","status":"publish","type":"post","link":"https:\/\/radiorevelacionfm.cl\/?p=19097","title":{"rendered":"Contin\u00faa el trabajo del SSA en alianza con organizaciones sociales para lograr una mejor Salud P\u00fablica"},"content":{"rendered":"<div class=\"flex_column av_one_full  flex_column_div av-zero-column-padding first  avia-builder-el-0  el_before_av_one_full  avia-builder-el-first  \" style='border-radius:0px; '><div  class='avia-image-container  av-styling-    avia-builder-el-1  avia-builder-el-no-sibling  avia-align-center '  itemprop=\"image\" itemscope=\"itemscope\" itemtype=\"https:\/\/schema.org\/ImageObject\"  ><div class='avia-image-container-inner'><div class='avia-image-overlay-wrap'><img decoding=\"async\" class='wp-image-19098 avia-img-lazy-loading-not-19098 avia_image' src=\"https:\/\/radiorevelacionfm.cl\/wp-content\/uploads\/2022\/07\/fija002-1-1.jpg\" alt='' title='fija002 (1) (1)' height=\"600\" width=\"1067\"  itemprop=\"thumbnailUrl\" srcset=\"https:\/\/radiorevelacionfm.cl\/wp-content\/uploads\/2022\/07\/fija002-1-1.jpg 1067w, https:\/\/radiorevelacionfm.cl\/wp-content\/uploads\/2022\/07\/fija002-1-1-300x169.jpg 300w, https:\/\/radiorevelacionfm.cl\/wp-content\/uploads\/2022\/07\/fija002-1-1-1030x579.jpg 1030w, https:\/\/radiorevelacionfm.cl\/wp-content\/uploads\/2022\/07\/fija002-1-1-768x432.jpg 768w, https:\/\/radiorevelacionfm.cl\/wp-content\/uploads\/2022\/07\/fija002-1-1-705x396.jpg 705w, https:\/\/radiorevelacionfm.cl\/wp-content\/uploads\/2022\/07\/fija002-1-1-600x337.jpg 600w\" sizes=\"(max-width: 1067px) 100vw, 1067px\" \/><\/div><\/div><\/div><\/div><div class=\"flex_column av_one_full  flex_column_div av-zero-column-padding first  avia-builder-el-2  el_after_av_one_full  el_before_av_one_full  column-top-margin\" style='border-radius:0px; '><section class=\"av_textblock_section \"  itemscope=\"itemscope\" itemtype=\"https:\/\/schema.org\/BlogPosting\" itemprop=\"blogPost\" ><div class='avia_textblock  '   itemprop=\"text\" ><p style=\"text-align: center;\"><span style=\"font-size: 18pt;\"><b>Contin\u00faa el trabajo del SSA en alianza con organizaciones sociales para lograr una mejor Salud P\u00fablica<\/b><\/span><\/p>\n<div id=\"gtx-trans\" style=\"position: absolute; left: -50px; top: 4.31534px;\">\n<div class=\"gtx-trans-icon\"><\/div>\n<\/div>\n<\/div><\/section><\/div><div class=\"flex_column av_one_full  flex_column_div av-zero-column-padding first  avia-builder-el-4  el_after_av_one_full  el_before_av_hr  column-top-margin\" style='border-radius:0px; '><section class=\"av_textblock_section \"  itemscope=\"itemscope\" itemtype=\"https:\/\/schema.org\/BlogPosting\" itemprop=\"blogPost\" ><div class='avia_textblock  '   itemprop=\"text\" ><p style=\"font-weight: 400; text-align: justify;\">Cumpliendo con el mandato de acercar la administraci\u00f3n p\u00fablica a las comunidades, escuchar las necesidades y anhelos de ellas y trabajar en conjunto por las soluciones que permitan mejorar las atenciones, durante los \u00faltimos meses se han desarrollado reuniones con vecinos y vecinas de distintas localidades<\/p>\n<p style=\"font-weight: 400; text-align: justify;\">Este s\u00e1bado se realiz\u00f3 la \u00faltima de ellas en la principal puerta de entrada a la regi\u00f3n de Ays\u00e9n, Balmaceda, donde una decena de dirigentes expuso las principales necesidades detectadas por la comunidad en materia de Salud.<\/p>\n<p style=\"font-weight: 400; text-align: justify;\">\u201cTuvimos una muy buena recepci\u00f3n del Director, su Jefe de Gabinete y de la Se\u00f1ora Lorena Guerrero (directora (S) de Atenci\u00f3n Primaria). Esperamos que todo lo que se plante\u00f3 se cumpla, nosotros vamos a estar con ellos, entre todos nos vamos a apoyar\u201d, se\u00f1al\u00f3 la Presidenta de la Fundaci\u00f3n de Balmaceda, Amanda Sep\u00falveda.<\/p>\n<p style=\"font-weight: 400; text-align: justify;\">Con una minuta perfectamente organizada y priorizada por los propios vecinos, se convers\u00f3 en la Casa de la Comunidad, sobre las principales necesidades en materia de Salud detectadas por esta comunidad que durante los \u00faltimos a\u00f1os ha vivido un aumento sostenido del n\u00famero de habitantes por los proyectos de viviendas desarrollados en la localidad.<\/p>\n<p style=\"font-weight: 400; text-align: justify;\">\u201cBalmaceda va creciendo y no en forma equitativa con los servicios disponibles. Es por esto por lo que se cre\u00f3 el Consejo de Desarrollo y esperamos seguir para ser una sola voz, las decisiones las tomamos en conjunto y claramente las autoridades nos deber\u00edan escuchar con mayor raz\u00f3n\u201d, agreg\u00f3 Ang\u00e9lica Cifuentes, Presidenta de la JJVV N\u00b0 13 de Balmaceda.<\/p>\n<p style=\"font-weight: 400; text-align: justify;\">En la reuni\u00f3n, desarrollada con respeto y cordialidad, se plantearon tres puntos principales: el estado actual de la Posta de Salud Rural, la necesidad de contar con mayor n\u00famero de profesionales de la Salud.<\/p>\n<p style=\"font-weight: 400; text-align: justify;\">\u201cEs una comunidad muy bien organizada, ten\u00edan un temario que a nosotros nos facilita llegar con claridad con algunas respuestas que podamos dar. Vimos futuros proyectos como agregar una bodega a la posta y pensar a futuro en esta posta que se est\u00e1 haciendo peque\u00f1a y claramente necesita un cambio, as\u00ed que vamos a proponer un estudio para avanzar en un nuevo recinto, el primer paso es tener un terreno, para levantar los estudios correspondientes\u201d, se\u00f1al\u00f3 el Director del Servicio de Salud Ays\u00e9n, Gabriel Burgos Salas.<\/p>\n<p style=\"font-weight: 400; text-align: justify;\">Otro de los puntos planteados por la comunidad es la necesidad de contar con una ambulancia con asiento en la localidad.<\/p>\n<p style=\"font-weight: 400; text-align: justify;\">\u201cDado el crecimiento de Balmaceda y su cercan\u00eda con el Aeropuerto, vamos a hacer la solicitud formal de una ambulancia para la localidad y tendremos que esperar la respuesta de la Subsecretar\u00eda. No es solo la compra del veh\u00edculo, esto implica contratar recursos humanos, conductores, etc.\u00a0 Por lo tanto, es una solicitud m\u00e1s grande, que no podemos resolver ac\u00e1, por eso tenemos que pedir un aumento de cupo de la dotaci\u00f3n que hoy tenemos como Servicio\u201d, explic\u00f3 Gabriel Brugos Salas.<\/p>\n<p style=\"font-weight: 400; text-align: justify;\">Entre las soluciones a corto plazo se comprometi\u00f3 mayor presencia de m\u00e9dicos, aumento de las visitas de profesionales a trav\u00e9s de las rondas, apoyo de un TENS adicional dos semanas al mes e iniciar el proyecto de construcci\u00f3n de una bodega para la actual Posta de Salud Rural.<\/p>\n<p style=\"font-weight: 400; text-align: justify;\">\u201cEsperamos que salgan cosas buenas, ya nos trajeron algunas soluciones sin pensarlo nosotros, magn\u00edfico que nos hayan tra\u00eddo respuestas a la puerta\u201d, agreg\u00f3 Amanda Sep\u00falveda, Presidenta de la Fundaci\u00f3n Balmaceda de Desarrollo Local.<\/p>\n<p style=\"font-weight: 400; text-align: justify;\">En la reuni\u00f3n participaron tambi\u00e9n de la directora(s) de Atenci\u00f3n Primaria de Salud, Lorena Guerrero; y el Jefe de Gabinete, Juan Catal\u00e1n, y cont\u00f3 con la presencia de los profesionales de Servicio Pa\u00eds quienes han realizado un exitoso trabajo de coordinaci\u00f3n entre las diversas agrupaciones sociales y comunitarias de la localidad de Balmaceda.<\/p>\n<\/div><\/section><\/div><div  style='height:50px' class='hr hr-invisible   avia-builder-el-6  el_after_av_one_full  el_before_av_social_share '><span class='hr-inner ' ><span class='hr-inner-style'><\/span><\/span><\/div><\/p>\n<div  class='av-social-sharing-box  avia-builder-el-7  el_after_av_hr  el_before_av_hr  '><div class='av-share-box'><h5 class='av-share-link-description av-no-toc '>Compartir esta noticia<\/h5><ul class='av-share-box-list noLightbox'><li class='av-share-link av-social-link-facebook' ><a target=\"_blank\" aria-label=\"Compartir en Facebook\" href='https:\/\/www.facebook.com\/sharer.php?u=https:\/\/radiorevelacionfm.cl\/?p=19097&#038;t=Contin%C3%BAa%20el%20trabajo%20del%20SSA%20en%20alianza%20con%20organizaciones%20sociales%20para%20lograr%20una%20mejor%20Salud%20P%C3%BAblica' aria-hidden='false' data-av_icon='\ue8f3' data-av_iconfont='entypo-fontello' title='' data-avia-related-tooltip='Compartir en Facebook' rel=\"noopener\"><span class='avia_hidden_link_text'>Compartir en Facebook<\/span><\/a><\/li><li class='av-share-link av-social-link-twitter' ><a target=\"_blank\" aria-label=\"Compartir en Twitter\" href='https:\/\/twitter.com\/share?text=Contin%C3%BAa%20el%20trabajo%20del%20SSA%20en%20alianza%20con%20organizaciones%20sociales%20para%20lograr%20una%20mejor%20Salud%20P%C3%BAblica&#038;url=https:\/\/radiorevelacionfm.cl\/?p=19097' aria-hidden='false' data-av_icon='\ue8f1' data-av_iconfont='entypo-fontello' title='' data-avia-related-tooltip='Compartir en Twitter' rel=\"noopener\"><span class='avia_hidden_link_text'>Compartir en Twitter<\/span><\/a><\/li><li class='av-share-link av-social-link-whatsapp' ><a target=\"_blank\" aria-label=\"Compartir en Whatsapp\" href='https:\/\/api.whatsapp.com\/send?text=https:\/\/radiorevelacionfm.cl\/?p=19097' aria-hidden='false' data-av_icon='\uf232' data-av_iconfont='entypo-fontello' title='' data-avia-related-tooltip='Compartir en Whatsapp' rel=\"noopener\"><span class='avia_hidden_link_text'>Compartir en Whatsapp<\/span><\/a><\/li><li class='av-share-link av-social-link-linkedin' ><a target=\"_blank\" aria-label=\"Compartir en LinkedIn\" href='https:\/\/linkedin.com\/shareArticle?mini=true&#038;title=Contin%C3%BAa%20el%20trabajo%20del%20SSA%20en%20alianza%20con%20organizaciones%20sociales%20para%20lograr%20una%20mejor%20Salud%20P%C3%BAblica&#038;url=https:\/\/radiorevelacionfm.cl\/?p=19097' aria-hidden='false' data-av_icon='\ue8fc' data-av_iconfont='entypo-fontello' title='' data-avia-related-tooltip='Compartir en LinkedIn' rel=\"noopener\"><span class='avia_hidden_link_text'>Compartir en LinkedIn<\/span><\/a><\/li><li class='av-share-link av-social-link-mail' ><a  aria-label=\"Compartir por correo\" href='mailto:?subject=Contin%C3%BAa%20el%20trabajo%20del%20SSA%20en%20alianza%20con%20organizaciones%20sociales%20para%20lograr%20una%20mejor%20Salud%20P%C3%BAblica&#038;body=https:\/\/radiorevelacionfm.cl\/?p=19097' aria-hidden='false' data-av_icon='\ue805' data-av_iconfont='entypo-fontello' title='' data-avia-related-tooltip='Compartir por correo'><span class='avia_hidden_link_text'>Compartir por correo<\/span><\/a><\/li><\/ul><\/div><\/div>\n<div  style='height:50px' class='hr hr-invisible   avia-builder-el-8  el_after_av_social_share  el_before_av_comments_list '><span class='hr-inner ' ><span class='hr-inner-style'><\/span><\/span><\/div>\n<div  class='av-buildercomment  av-blog-meta-html-info-disabled av-blog-meta-tag-disabled  '><\/div>\n","protected":false},"excerpt":{"rendered":"","protected":false},"author":1,"featured_media":19098,"comment_status":"open","ping_status":"open","sticky":false,"template":"","format":"standard","meta":{"footnotes":""},"categories":[46],"tags":[],"class_list":["post-19097","post","type-post","status-publish","format-standard","has-post-thumbnail","hentry","category-salud"],"jetpack_featured_media_url":"https:\/\/radiorevelacionfm.cl\/wp-content\/uploads\/2022\/07\/fija002-1-1.jpg","_links":{"self":[{"href":"https:\/\/radiorevelacionfm.cl\/index.php?rest_route=\/wp\/v2\/posts\/19097","targetHints":{"allow":["GET"]}}],"collection":[{"href":"https:\/\/radiorevelacionfm.cl\/index.php?rest_route=\/wp\/v2\/posts"}],"about":[{"href":"https:\/\/radiorevelacionfm.cl\/index.php?rest_route=\/wp\/v2\/types\/post"}],"author":[{"embeddable":true,"href":"https:\/\/radiorevelacionfm.cl\/index.php?rest_route=\/wp\/v2\/users\/1"}],"replies":[{"embeddable":true,"href":"https:\/\/radiorevelacionfm.cl\/index.php?rest_route=%2Fwp%2Fv2%2Fcomments&post=19097"}],"version-history":[{"count":2,"href":"https:\/\/radiorevelacionfm.cl\/index.php?rest_route=\/wp\/v2\/posts\/19097\/revisions"}],"predecessor-version":[{"id":19119,"href":"https:\/\/radiorevelacionfm.cl\/index.php?rest_route=\/wp\/v2\/posts\/19097\/revisions\/19119"}],"wp:featuredmedia":[{"embeddable":true,"href":"https:\/\/radiorevelacionfm.cl\/index.php?rest_route=\/wp\/v2\/media\/19098"}],"wp:attachment":[{"href":"https:\/\/radiorevelacionfm.cl\/index.php?rest_route=%2Fwp%2Fv2%2Fmedia&parent=19097"}],"wp:term":[{"taxonomy":"category","embeddable":true,"href":"https:\/\/radiorevelacionfm.cl\/index.php?rest_route=%2Fwp%2Fv2%2Fcategories&post=19097"},{"taxonomy":"post_tag","embeddable":true,"href":"https:\/\/radiorevelacionfm.cl\/index.php?rest_route=%2Fwp%2Fv2%2Ftags&post=19097"}],"curies":[{"name":"wp","href":"https:\/\/api.w.org\/{rel}","templated":true}]}}