{"id":19093,"date":"2022-07-12T18:55:53","date_gmt":"2022-07-12T21:55:53","guid":{"rendered":"https:\/\/radiorevelacionfm.cl\/?p=19093"},"modified":"2022-07-12T18:55:53","modified_gmt":"2022-07-12T21:55:53","slug":"gobierno-afianza-coordinacion-para-politica-nacional-de-zonas-extremas","status":"publish","type":"post","link":"https:\/\/radiorevelacionfm.cl\/?p=19093","title":{"rendered":"Gobierno afianza coordinaci\u00f3n para Pol\u00edtica Nacional de Zonas Extremas"},"content":{"rendered":"<div class=\"flex_column av_one_full  flex_column_div av-zero-column-padding first  avia-builder-el-0  el_before_av_one_full  avia-builder-el-first  \" style='border-radius:0px; '><div  class='avia-image-container  av-styling-    avia-builder-el-1  avia-builder-el-no-sibling  avia-align-center '  itemprop=\"image\" itemscope=\"itemscope\" itemtype=\"https:\/\/schema.org\/ImageObject\"  ><div class='avia-image-container-inner'><div class='avia-image-overlay-wrap'><img decoding=\"async\" class='wp-image-19094 avia-img-lazy-loading-not-19094 avia_image' src=\"https:\/\/radiorevelacionfm.cl\/wp-content\/uploads\/2022\/07\/20220712_120418-1-1.jpg\" alt='' title='20220712_120418 (1) (1)' height=\"600\" width=\"939\"  itemprop=\"thumbnailUrl\" srcset=\"https:\/\/radiorevelacionfm.cl\/wp-content\/uploads\/2022\/07\/20220712_120418-1-1.jpg 939w, https:\/\/radiorevelacionfm.cl\/wp-content\/uploads\/2022\/07\/20220712_120418-1-1-300x192.jpg 300w, https:\/\/radiorevelacionfm.cl\/wp-content\/uploads\/2022\/07\/20220712_120418-1-1-768x491.jpg 768w, https:\/\/radiorevelacionfm.cl\/wp-content\/uploads\/2022\/07\/20220712_120418-1-1-705x450.jpg 705w, https:\/\/radiorevelacionfm.cl\/wp-content\/uploads\/2022\/07\/20220712_120418-1-1-600x383.jpg 600w\" sizes=\"(max-width: 939px) 100vw, 939px\" \/><\/div><\/div><\/div><\/div><div class=\"flex_column av_one_full  flex_column_div av-zero-column-padding first  avia-builder-el-2  el_after_av_one_full  el_before_av_one_full  column-top-margin\" style='border-radius:0px; '><section class=\"av_textblock_section \"  itemscope=\"itemscope\" itemtype=\"https:\/\/schema.org\/BlogPosting\" itemprop=\"blogPost\" ><div class='avia_textblock  '   itemprop=\"text\" ><p style=\"text-align: center;\"><strong><span style=\"font-size: 18pt;\">Gobierno afianza coordinaci\u00f3n para Pol\u00edtica Nacional de Zonas Extremas<\/span><\/strong><\/p>\n<div id=\"gtx-trans\" style=\"position: absolute; left: -50px; top: 4.31534px;\">\n<div class=\"gtx-trans-icon\"><\/div>\n<\/div>\n<\/div><\/section><\/div><div class=\"flex_column av_one_full  flex_column_div av-zero-column-padding first  avia-builder-el-4  el_after_av_one_full  el_before_av_hr  column-top-margin\" style='border-radius:0px; '><section class=\"av_textblock_section \"  itemscope=\"itemscope\" itemtype=\"https:\/\/schema.org\/BlogPosting\" itemprop=\"blogPost\" ><div class='avia_textblock  '   itemprop=\"text\" ><p style=\"font-weight: 400; text-align: justify;\">Una reuni\u00f3n de trabajo en dependencias de la Subsecretar\u00eda de Desarrollo Regional y Administrativo (Subdere), se realiz\u00f3 este martes en el marco del proceso de dise\u00f1o de la Pol\u00edtica Nacional de Desarrollo de Zonas Extremas, con participaci\u00f3n presencial y digital de los delegados presidenciales regionales de Arica, Los Lagos, Ays\u00e9n y Magallanes.<\/p>\n<p style=\"font-weight: 400; text-align: justify;\">El Delegado Presidencial Regional, Rodrigo Araya Morales, particip\u00f3 presencialmente, reafirmando la importancia de esta normativa que considerar\u00e1\u00a0criterios de ingreso y egreso, metodolog\u00edas de evaluaci\u00f3n social especiales, l\u00edneas de acci\u00f3n de los planes y mecanismos de financiamiento y evaluaci\u00f3n.<\/p>\n<p style=\"font-weight: 400; text-align: justify;\">\u201cAnalizamos c\u00f3mo viene el desarrollo participativo de la Pol\u00edtica de Zonas Extremas, b\u00e1sicamente, en torno al rol de los delegados y de los seremis de nuestra regi\u00f3n en este proceso, que va a ser tan importante para definir cu\u00e1les van a ser los lineamientos principales que van a marcar esta nueva pol\u00edtica. Ser\u00e1 una pol\u00edtica permanente para nuestra regi\u00f3n y que nos va a permitir avanzar en proyectos importantes, con una metodolog\u00eda especial, que va a permitir tener mayor desarrollo en cada uno de los territorios de nuestra querida Regi\u00f3n de Ays\u00e9n\u201d, destac\u00f3.<\/p>\n<p style=\"font-weight: 400; text-align: justify;\">Agreg\u00f3 que\u00a0la construcci\u00f3n de esta nueva pol\u00edtica considera participaci\u00f3n de los actores locales, en el marco de un proceso que se consolida durante el segundo semestre de este a\u00f1o, y que implicar\u00e1 una cartera de proyectos regionales en sectores priorizados de acuerdo a las caracter\u00edsticas y necesidades regionales.<\/p>\n<p style=\"font-weight: 400; text-align: justify;\">Las instancias de coordinaci\u00f3n se han realizado ya con los gobiernos regionales y proseguir\u00e1n\u00a0buscando facilitar la participaci\u00f3n activa de las comunidades locales.<\/p>\n<p style=\"font-weight: 400; text-align: justify;\">La Pol\u00edtica Nacional de Desarrollo de Zonas Extremas fue anunciada en mayo pasado por el Presidente Gabriel Boric para fortalecer el trabajo en sectores rezagados mediante la creaci\u00f3n de una nueva pol\u00edtica nacional que d\u00e9 pie para proyectar, potenciar y consolidar la acci\u00f3n del Estado en estos territorios.<\/p>\n<\/div><\/section><\/div><div  style='height:50px' class='hr hr-invisible   avia-builder-el-6  el_after_av_one_full  el_before_av_social_share '><span class='hr-inner ' ><span class='hr-inner-style'><\/span><\/span><\/div><\/p>\n<div  class='av-social-sharing-box  avia-builder-el-7  el_after_av_hr  el_before_av_hr  '><div class='av-share-box'><h5 class='av-share-link-description av-no-toc '>Compartir esta noticia<\/h5><ul class='av-share-box-list noLightbox'><li class='av-share-link av-social-link-facebook' ><a target=\"_blank\" aria-label=\"Compartir en Facebook\" href='https:\/\/www.facebook.com\/sharer.php?u=https:\/\/radiorevelacionfm.cl\/?p=19093&#038;t=Gobierno%20afianza%20coordinaci%C3%B3n%20para%20Pol%C3%ADtica%20Nacional%20de%20Zonas%20Extremas' aria-hidden='false' data-av_icon='\ue8f3' data-av_iconfont='entypo-fontello' title='' data-avia-related-tooltip='Compartir en Facebook' rel=\"noopener\"><span class='avia_hidden_link_text'>Compartir en Facebook<\/span><\/a><\/li><li class='av-share-link av-social-link-twitter' ><a target=\"_blank\" aria-label=\"Compartir en Twitter\" href='https:\/\/twitter.com\/share?text=Gobierno%20afianza%20coordinaci%C3%B3n%20para%20Pol%C3%ADtica%20Nacional%20de%20Zonas%20Extremas&#038;url=https:\/\/radiorevelacionfm.cl\/?p=19093' aria-hidden='false' data-av_icon='\ue8f1' data-av_iconfont='entypo-fontello' title='' data-avia-related-tooltip='Compartir en Twitter' rel=\"noopener\"><span class='avia_hidden_link_text'>Compartir en Twitter<\/span><\/a><\/li><li class='av-share-link av-social-link-whatsapp' ><a target=\"_blank\" aria-label=\"Compartir en Whatsapp\" href='https:\/\/api.whatsapp.com\/send?text=https:\/\/radiorevelacionfm.cl\/?p=19093' aria-hidden='false' data-av_icon='\uf232' data-av_iconfont='entypo-fontello' title='' data-avia-related-tooltip='Compartir en Whatsapp' rel=\"noopener\"><span class='avia_hidden_link_text'>Compartir en Whatsapp<\/span><\/a><\/li><li class='av-share-link av-social-link-linkedin' ><a target=\"_blank\" aria-label=\"Compartir en LinkedIn\" href='https:\/\/linkedin.com\/shareArticle?mini=true&#038;title=Gobierno%20afianza%20coordinaci%C3%B3n%20para%20Pol%C3%ADtica%20Nacional%20de%20Zonas%20Extremas&#038;url=https:\/\/radiorevelacionfm.cl\/?p=19093' aria-hidden='false' data-av_icon='\ue8fc' data-av_iconfont='entypo-fontello' title='' data-avia-related-tooltip='Compartir en LinkedIn' rel=\"noopener\"><span class='avia_hidden_link_text'>Compartir en LinkedIn<\/span><\/a><\/li><li class='av-share-link av-social-link-mail' ><a  aria-label=\"Compartir por correo\" href='mailto:?subject=Gobierno%20afianza%20coordinaci%C3%B3n%20para%20Pol%C3%ADtica%20Nacional%20de%20Zonas%20Extremas&#038;body=https:\/\/radiorevelacionfm.cl\/?p=19093' aria-hidden='false' data-av_icon='\ue805' data-av_iconfont='entypo-fontello' title='' data-avia-related-tooltip='Compartir por correo'><span class='avia_hidden_link_text'>Compartir por correo<\/span><\/a><\/li><\/ul><\/div><\/div>\n<div  style='height:50px' class='hr hr-invisible   avia-builder-el-8  el_after_av_social_share  el_before_av_comments_list '><span class='hr-inner ' ><span class='hr-inner-style'><\/span><\/span><\/div>\n<div  class='av-buildercomment  av-blog-meta-html-info-disabled av-blog-meta-tag-disabled  '><\/div>\n","protected":false},"excerpt":{"rendered":"","protected":false},"author":1,"featured_media":19094,"comment_status":"open","ping_status":"open","sticky":false,"template":"","format":"standard","meta":{"footnotes":""},"categories":[38],"tags":[],"class_list":["post-19093","post","type-post","status-publish","format-standard","has-post-thumbnail","hentry","category-regional"],"jetpack_featured_media_url":"https:\/\/radiorevelacionfm.cl\/wp-content\/uploads\/2022\/07\/20220712_120418-1-1.jpg","_links":{"self":[{"href":"https:\/\/radiorevelacionfm.cl\/index.php?rest_route=\/wp\/v2\/posts\/19093","targetHints":{"allow":["GET"]}}],"collection":[{"href":"https:\/\/radiorevelacionfm.cl\/index.php?rest_route=\/wp\/v2\/posts"}],"about":[{"href":"https:\/\/radiorevelacionfm.cl\/index.php?rest_route=\/wp\/v2\/types\/post"}],"author":[{"embeddable":true,"href":"https:\/\/radiorevelacionfm.cl\/index.php?rest_route=\/wp\/v2\/users\/1"}],"replies":[{"embeddable":true,"href":"https:\/\/radiorevelacionfm.cl\/index.php?rest_route=%2Fwp%2Fv2%2Fcomments&post=19093"}],"version-history":[{"count":2,"href":"https:\/\/radiorevelacionfm.cl\/index.php?rest_route=\/wp\/v2\/posts\/19093\/revisions"}],"predecessor-version":[{"id":19100,"href":"https:\/\/radiorevelacionfm.cl\/index.php?rest_route=\/wp\/v2\/posts\/19093\/revisions\/19100"}],"wp:featuredmedia":[{"embeddable":true,"href":"https:\/\/radiorevelacionfm.cl\/index.php?rest_route=\/wp\/v2\/media\/19094"}],"wp:attachment":[{"href":"https:\/\/radiorevelacionfm.cl\/index.php?rest_route=%2Fwp%2Fv2%2Fmedia&parent=19093"}],"wp:term":[{"taxonomy":"category","embeddable":true,"href":"https:\/\/radiorevelacionfm.cl\/index.php?rest_route=%2Fwp%2Fv2%2Fcategories&post=19093"},{"taxonomy":"post_tag","embeddable":true,"href":"https:\/\/radiorevelacionfm.cl\/index.php?rest_route=%2Fwp%2Fv2%2Ftags&post=19093"}],"curies":[{"name":"wp","href":"https:\/\/api.w.org\/{rel}","templated":true}]}}