{"id":19089,"date":"2022-07-12T18:43:51","date_gmt":"2022-07-12T21:43:51","guid":{"rendered":"https:\/\/radiorevelacionfm.cl\/?p=19089"},"modified":"2022-07-12T18:43:51","modified_gmt":"2022-07-12T21:43:51","slug":"seremi-de-energia-explica-situacion-del-pellet-en-la-region-de-aysen","status":"publish","type":"post","link":"https:\/\/radiorevelacionfm.cl\/?p=19089","title":{"rendered":"Seremi de Energ\u00eda explica situaci\u00f3n del pellet en la regi\u00f3n de Ays\u00e9n"},"content":{"rendered":"<div class=\"flex_column av_one_full  flex_column_div av-zero-column-padding first  avia-builder-el-0  el_before_av_one_full  avia-builder-el-first  \" style='border-radius:0px; '><div  class='avia-image-container  av-styling-    avia-builder-el-1  avia-builder-el-no-sibling  avia-align-center '  itemprop=\"image\" itemscope=\"itemscope\" itemtype=\"https:\/\/schema.org\/ImageObject\"  ><div class='avia-image-container-inner'><div class='avia-image-overlay-wrap'><img decoding=\"async\" class='wp-image-19090 avia-img-lazy-loading-not-19090 avia_image' src=\"https:\/\/radiorevelacionfm.cl\/wp-content\/uploads\/2022\/07\/foto-1-pellet-2_optimized.jpeg\" alt='' title='foto-1-pellet-(2)_optimized' height=\"600\" width=\"831\"  itemprop=\"thumbnailUrl\" srcset=\"https:\/\/radiorevelacionfm.cl\/wp-content\/uploads\/2022\/07\/foto-1-pellet-2_optimized.jpeg 831w, https:\/\/radiorevelacionfm.cl\/wp-content\/uploads\/2022\/07\/foto-1-pellet-2_optimized-300x217.jpeg 300w, https:\/\/radiorevelacionfm.cl\/wp-content\/uploads\/2022\/07\/foto-1-pellet-2_optimized-768x555.jpeg 768w, https:\/\/radiorevelacionfm.cl\/wp-content\/uploads\/2022\/07\/foto-1-pellet-2_optimized-705x509.jpeg 705w, https:\/\/radiorevelacionfm.cl\/wp-content\/uploads\/2022\/07\/foto-1-pellet-2_optimized-600x433.jpeg 600w\" sizes=\"(max-width: 831px) 100vw, 831px\" \/><\/div><\/div><\/div><\/div><div class=\"flex_column av_one_full  flex_column_div av-zero-column-padding first  avia-builder-el-2  el_after_av_one_full  el_before_av_one_full  column-top-margin\" style='border-radius:0px; '><section class=\"av_textblock_section \"  itemscope=\"itemscope\" itemtype=\"https:\/\/schema.org\/BlogPosting\" itemprop=\"blogPost\" ><div class='avia_textblock  '   itemprop=\"text\" ><p style=\"text-align: center;\"><strong><span style=\"font-size: 18pt;\">Seremi de Energ\u00eda explica situaci\u00f3n del pellet en la regi\u00f3n de Ays\u00e9n<\/span><\/strong><\/p>\n<div id=\"gtx-trans\" style=\"position: absolute; left: -50px; top: 4.31534px;\">\n<div class=\"gtx-trans-icon\"><\/div>\n<\/div>\n<\/div><\/section><\/div><div class=\"flex_column av_one_full  flex_column_div av-zero-column-padding first  avia-builder-el-4  el_after_av_one_full  el_before_av_hr  column-top-margin\" style='border-radius:0px; '><section class=\"av_textblock_section \"  itemscope=\"itemscope\" itemtype=\"https:\/\/schema.org\/BlogPosting\" itemprop=\"blogPost\" ><div class='avia_textblock  '   itemprop=\"text\" ><p style=\"text-align: justify;\">El Seremi de Energ\u00eda de Ays\u00e9n, Carlos D\u00edaz, inform\u00f3 a la comunidad que la Seremi de Energ\u00eda se encuentra ejecutando un plan de Contingencia desde la semana pasada para apoyar la log\u00edstica de distribuci\u00f3n del pellet, debido a la baja en la producci\u00f3n que se ha presentado a nivel nacional.<\/p>\n<p style=\"text-align: justify;\">Al respecto, el Seremi D\u00edaz indic\u00f3 que \u201cefectivamente disminuy\u00f3 a nivel nacional la producci\u00f3n de pellet, debido principalmente a tres factores: escasez de materia prima (biomasa) para la producci\u00f3n, la situaci\u00f3n de macrozona sur donde se han disminuido los turnos de trabajo en los aserraderos, y una mayor demanda de generaci\u00f3n el\u00e9ctrica, lo que ha presionado la generaci\u00f3n con un subproducto de la industria celulosa\u201d.<\/p>\n<p style=\"text-align: justify;\">Adem\u00e1s, la autoridad regional de Energ\u00eda destac\u00f3 que \u201cdesde la semana pasada hemos activado un plan de contingencia que contempla un monitoreo diario del stock de pellet regional, coordinaciones para facilitar el transporte de este energ\u00e9tico a la regi\u00f3n, y contacto permanente con ACHBION (Asociaci\u00f3n Chilena de Biomasa), Ecomas, Ecoindef y comercializadores regionales para velar porque este energ\u00e9tico llegue a las familias de la regi\u00f3n de Ays\u00e9n\u201d.<\/p>\n<p style=\"text-align: justify;\">Cabe se\u00f1alar, que hoy los biocombustibles como la le\u00f1a y el pellet no se encuentran regulados, por la cual ni el Ministerio de Energ\u00eda ni la Superintendencia de Electricidad y Combustibles (SEC) tiene la facultad para fiscalizar. Por ello, lo que busca precisamente el proyecto de Ley de Biocombustibles S\u00f3lidos, que se encuentra en estos momentos en tramitaci\u00f3n y que se espera sea aprobado prontamente, permitir\u00e1 regular los est\u00e1ndares de calidad, y va a permitir que la SEC tenga un registro de las empresas productoras de pellets y pueda fiscalizarlas, a trav\u00e9s de un seguimiento y monitoreo, y, adem\u00e1s, se podr\u00e1n exigir planes de emergencia anuales.<\/p>\n<p style=\"text-align: justify;\">Finalmente, el Seremi D\u00edaz recalc\u00f3 que \u201cme gustar\u00eda hacer un llamado a las familias que se calefaccionan con pellet a comprar con responsabilidad y no acaparar. Desde la Seremi de Energ\u00eda estamos realizando un trabajo multisectorial para poder llevar a buen puerto esta contingencia. Adem\u00e1s, hoy Ecomas una de las principales productoras de pellet a nivel nacional, nos ha confirmado que aumentaron su producci\u00f3n desde un 30% de su capacidad a un 80%, por lo debi\u00e9semos esperar que de a poco se pueda normalizar la situaci\u00f3n de contingencia nacional actual\u201d.<\/p>\n<\/div><\/section><\/div><div  style='height:50px' class='hr hr-invisible   avia-builder-el-6  el_after_av_one_full  el_before_av_social_share '><span class='hr-inner ' ><span class='hr-inner-style'><\/span><\/span><\/div><\/p>\n<div  class='av-social-sharing-box  avia-builder-el-7  el_after_av_hr  el_before_av_hr  '><div class='av-share-box'><h5 class='av-share-link-description av-no-toc '>Compartir esta noticia<\/h5><ul class='av-share-box-list noLightbox'><li class='av-share-link av-social-link-facebook' ><a target=\"_blank\" aria-label=\"Compartir en Facebook\" href='https:\/\/www.facebook.com\/sharer.php?u=https:\/\/radiorevelacionfm.cl\/?p=19089&#038;t=Seremi%20de%20Energ%C3%ADa%20explica%20situaci%C3%B3n%20del%20pellet%20en%20la%20regi%C3%B3n%20de%20Ays%C3%A9n' aria-hidden='false' data-av_icon='\ue8f3' data-av_iconfont='entypo-fontello' title='' data-avia-related-tooltip='Compartir en Facebook' rel=\"noopener\"><span class='avia_hidden_link_text'>Compartir en Facebook<\/span><\/a><\/li><li class='av-share-link av-social-link-twitter' ><a target=\"_blank\" aria-label=\"Compartir en Twitter\" href='https:\/\/twitter.com\/share?text=Seremi%20de%20Energ%C3%ADa%20explica%20situaci%C3%B3n%20del%20pellet%20en%20la%20regi%C3%B3n%20de%20Ays%C3%A9n&#038;url=https:\/\/radiorevelacionfm.cl\/?p=19089' aria-hidden='false' data-av_icon='\ue8f1' data-av_iconfont='entypo-fontello' title='' data-avia-related-tooltip='Compartir en Twitter' rel=\"noopener\"><span class='avia_hidden_link_text'>Compartir en Twitter<\/span><\/a><\/li><li class='av-share-link av-social-link-whatsapp' ><a target=\"_blank\" aria-label=\"Compartir en Whatsapp\" href='https:\/\/api.whatsapp.com\/send?text=https:\/\/radiorevelacionfm.cl\/?p=19089' aria-hidden='false' data-av_icon='\uf232' data-av_iconfont='entypo-fontello' title='' data-avia-related-tooltip='Compartir en Whatsapp' rel=\"noopener\"><span class='avia_hidden_link_text'>Compartir en Whatsapp<\/span><\/a><\/li><li class='av-share-link av-social-link-linkedin' ><a target=\"_blank\" aria-label=\"Compartir en LinkedIn\" href='https:\/\/linkedin.com\/shareArticle?mini=true&#038;title=Seremi%20de%20Energ%C3%ADa%20explica%20situaci%C3%B3n%20del%20pellet%20en%20la%20regi%C3%B3n%20de%20Ays%C3%A9n&#038;url=https:\/\/radiorevelacionfm.cl\/?p=19089' aria-hidden='false' data-av_icon='\ue8fc' data-av_iconfont='entypo-fontello' title='' data-avia-related-tooltip='Compartir en LinkedIn' rel=\"noopener\"><span class='avia_hidden_link_text'>Compartir en LinkedIn<\/span><\/a><\/li><li class='av-share-link av-social-link-mail' ><a  aria-label=\"Compartir por correo\" href='mailto:?subject=Seremi%20de%20Energ%C3%ADa%20explica%20situaci%C3%B3n%20del%20pellet%20en%20la%20regi%C3%B3n%20de%20Ays%C3%A9n&#038;body=https:\/\/radiorevelacionfm.cl\/?p=19089' aria-hidden='false' data-av_icon='\ue805' data-av_iconfont='entypo-fontello' title='' data-avia-related-tooltip='Compartir por correo'><span class='avia_hidden_link_text'>Compartir por correo<\/span><\/a><\/li><\/ul><\/div><\/div>\n<div  style='height:50px' class='hr hr-invisible   avia-builder-el-8  el_after_av_social_share  el_before_av_comments_list '><span class='hr-inner ' ><span class='hr-inner-style'><\/span><\/span><\/div>\n<div  class='av-buildercomment  av-blog-meta-html-info-disabled av-blog-meta-tag-disabled  '><\/div>\n","protected":false},"excerpt":{"rendered":"","protected":false},"author":1,"featured_media":19090,"comment_status":"open","ping_status":"open","sticky":false,"template":"","format":"standard","meta":{"footnotes":""},"categories":[38],"tags":[],"class_list":["post-19089","post","type-post","status-publish","format-standard","has-post-thumbnail","hentry","category-regional"],"jetpack_featured_media_url":"https:\/\/radiorevelacionfm.cl\/wp-content\/uploads\/2022\/07\/foto-1-pellet-2_optimized.jpeg","_links":{"self":[{"href":"https:\/\/radiorevelacionfm.cl\/index.php?rest_route=\/wp\/v2\/posts\/19089","targetHints":{"allow":["GET"]}}],"collection":[{"href":"https:\/\/radiorevelacionfm.cl\/index.php?rest_route=\/wp\/v2\/posts"}],"about":[{"href":"https:\/\/radiorevelacionfm.cl\/index.php?rest_route=\/wp\/v2\/types\/post"}],"author":[{"embeddable":true,"href":"https:\/\/radiorevelacionfm.cl\/index.php?rest_route=\/wp\/v2\/users\/1"}],"replies":[{"embeddable":true,"href":"https:\/\/radiorevelacionfm.cl\/index.php?rest_route=%2Fwp%2Fv2%2Fcomments&post=19089"}],"version-history":[{"count":2,"href":"https:\/\/radiorevelacionfm.cl\/index.php?rest_route=\/wp\/v2\/posts\/19089\/revisions"}],"predecessor-version":[{"id":19092,"href":"https:\/\/radiorevelacionfm.cl\/index.php?rest_route=\/wp\/v2\/posts\/19089\/revisions\/19092"}],"wp:featuredmedia":[{"embeddable":true,"href":"https:\/\/radiorevelacionfm.cl\/index.php?rest_route=\/wp\/v2\/media\/19090"}],"wp:attachment":[{"href":"https:\/\/radiorevelacionfm.cl\/index.php?rest_route=%2Fwp%2Fv2%2Fmedia&parent=19089"}],"wp:term":[{"taxonomy":"category","embeddable":true,"href":"https:\/\/radiorevelacionfm.cl\/index.php?rest_route=%2Fwp%2Fv2%2Fcategories&post=19089"},{"taxonomy":"post_tag","embeddable":true,"href":"https:\/\/radiorevelacionfm.cl\/index.php?rest_route=%2Fwp%2Fv2%2Ftags&post=19089"}],"curies":[{"name":"wp","href":"https:\/\/api.w.org\/{rel}","templated":true}]}}