{"id":19083,"date":"2022-07-12T13:55:05","date_gmt":"2022-07-12T16:55:05","guid":{"rendered":"https:\/\/radiorevelacionfm.cl\/?p=19083"},"modified":"2022-07-12T15:04:34","modified_gmt":"2022-07-12T18:04:34","slug":"menor-de-14-anos-fue-trasladado-a-santiago-por-caso-sospechoso-de-hantavirus","status":"publish","type":"post","link":"https:\/\/radiorevelacionfm.cl\/?p=19083","title":{"rendered":"Menor de 14 a\u00f1os fue trasladado a Santiago por caso sospechoso de Hantavirus"},"content":{"rendered":"<div class=\"flex_column av_one_full  flex_column_div av-zero-column-padding first  avia-builder-el-0  el_before_av_one_full  avia-builder-el-first  \" style='border-radius:0px; '><div  class='avia-image-container  av-styling-    avia-builder-el-1  avia-builder-el-no-sibling  avia-align-center '  itemprop=\"image\" itemscope=\"itemscope\" itemtype=\"https:\/\/schema.org\/ImageObject\"  ><div class='avia-image-container-inner'><div class='avia-image-overlay-wrap'><img decoding=\"async\" class='wp-image-17120 avia-img-lazy-loading-not-17120 avia_image' src=\"https:\/\/radiorevelacionfm.cl\/wp-content\/uploads\/2022\/05\/epidemiologia-1_optimized.jpg\" alt='' title='epidemiolog\u00eda-(1)_optimized' height=\"600\" width=\"900\"  itemprop=\"thumbnailUrl\" srcset=\"https:\/\/radiorevelacionfm.cl\/wp-content\/uploads\/2022\/05\/epidemiologia-1_optimized.jpg 900w, https:\/\/radiorevelacionfm.cl\/wp-content\/uploads\/2022\/05\/epidemiologia-1_optimized-300x200.jpg 300w, https:\/\/radiorevelacionfm.cl\/wp-content\/uploads\/2022\/05\/epidemiologia-1_optimized-768x512.jpg 768w, https:\/\/radiorevelacionfm.cl\/wp-content\/uploads\/2022\/05\/epidemiologia-1_optimized-705x470.jpg 705w, https:\/\/radiorevelacionfm.cl\/wp-content\/uploads\/2022\/05\/epidemiologia-1_optimized-600x400.jpg 600w\" sizes=\"(max-width: 900px) 100vw, 900px\" \/><\/div><\/div><\/div><\/div><div class=\"flex_column av_one_full  flex_column_div av-zero-column-padding first  avia-builder-el-2  el_after_av_one_full  el_before_av_one_full  column-top-margin\" style='border-radius:0px; '><section class=\"av_textblock_section \"  itemscope=\"itemscope\" itemtype=\"https:\/\/schema.org\/BlogPosting\" itemprop=\"blogPost\" ><div class='avia_textblock  '   itemprop=\"text\" ><p style=\"text-align: center;\"><strong><span style=\"font-size: 18pt;\">Menor de 14 a\u00f1os fue trasladado a Santiago por caso sospechoso de Hantavirus<\/span><\/strong><\/p>\n<div id=\"gtx-trans\" style=\"position: absolute; left: -50px; top: 4.31534px;\">\n<div class=\"gtx-trans-icon\"><\/div>\n<\/div>\n<\/div><\/section><\/div><\/p>\n<div class=\"flex_column av_one_full  flex_column_div av-zero-column-padding first  avia-builder-el-4  el_after_av_one_full  el_before_av_hr  column-top-margin\" style='border-radius:0px; '><section class=\"av_textblock_section \"  itemscope=\"itemscope\" itemtype=\"https:\/\/schema.org\/BlogPosting\" itemprop=\"blogPost\" ><div class='avia_textblock  '   itemprop=\"text\" ><p style=\"text-align: justify;\">Durante este lunes se produjo la evacuaci\u00f3n aerom\u00e9dica de un adolescente de 14 a\u00f1os de edad, paciente que hasta este momento es un caso sospechoso de Hantavirus proveniente desde Chile Chico, a la espera de los an\u00e1lisis que realizar\u00e1 el Instituto de Salud P\u00fablica (ISP) para conocer si existe o no la presencia de esta enfermedad.<\/p>\n<p style=\"text-align: justify;\">La informaci\u00f3n la dio a conocer Miguel Oyarzo, Epidemi\u00f3logo de la Seremi de Salud, quien adem\u00e1s indic\u00f3 que un equipo de salud se trasladar\u00e1 hasta Chile Chico para iniciar una investigaci\u00f3n que permita conocer los factores de riesgo o de posible contagio frente a esta sospecha de Hantavirus.\u00a0 \u201cEste lunes 11 de julio se realiz\u00f3 el traslado de un joven de 14 a\u00f1os, proveniente desde Chile Chico, debido a una sospecha de Hantavirus, el joven se encuentra en este establecimiento recibiendo atenciones de cuidado intensivo conectado a ventilaci\u00f3n mec\u00e1nica invasiva en un estado cr\u00edtico, pero estable. Las muestras que se han tomado para descartar o confirmar esta enfermedad se enviar\u00e1n al Instituto de Salud P\u00fablica que determinar\u00e1 si es o no un caso de Hantavirus. Entre las acciones que esta realizando la Seremi de Salud es el inicio de una investigaci\u00f3n epidemiol\u00f3gica, a trav\u00e9s de contactos con familiares para determinar factores de riesgos y lugares de posibles contagios, donde se contempla una visita a la localidad de Chile Chico para determinar factores ambientales que puedan explicar la posible infecci\u00f3n\u201d.<\/p>\n<p style=\"text-align: justify;\">En este sentido, Miguel Oyarzo realiz\u00f3 recomendaciones a la comunidad, especialmente a la poblaci\u00f3n cercana a las zonas rurales, donde con la llegada del invierno puede existir una mayor presencia de roedores en sectores aleda\u00f1os a viviendas o galpones. \u201cEs importante recordar que esta enfermedad ha estado presente en nuestra regi\u00f3n desde los a\u00f1os 90, por lo tanto, las medidas de prevenci\u00f3n que tenemos que destacar que es frecuente, que en esta \u00e9poca invernal, los roedores se acerquen a casa y bodegas, por lo tanto es el momento donde tenemos que estar m\u00e1s atentos, es importante abrir puertas y ventanas, ventilar por dentro de 30 minutos, usar mascarilla y utilizar soluci\u00f3n de agua con cloro para esparcir sobre las superficies, y evitar el riesgo de poder contagiarnos\u201d.<\/p>\n<p style=\"text-align: justify;\">Finalmente, el profesional de la salud, recalc\u00f3 que los signos t\u00edpicos de esta enfermedad son: fiebre, dolores intensos de cabeza y a nivel muscular, y en la medida que van pasando los d\u00edas se puede generar incluso dificultad respiratoria, por lo tanto, frente a estos s\u00edntomas \u2013 y con antecedentes de haber estado en un lugar con presencia de roedores-\u00a0 se recomienda acudir al centro de salud m\u00e1s cercano para una evaluaci\u00f3n m\u00e9dica.<\/p>\n<\/div><\/section><\/div>\n<div  style='height:50px' class='hr hr-invisible   avia-builder-el-6  el_after_av_one_full  el_before_av_social_share '><span class='hr-inner ' ><span class='hr-inner-style'><\/span><\/span><\/div>\n<div  class='av-social-sharing-box  avia-builder-el-7  el_after_av_hr  el_before_av_hr  '><div class='av-share-box'><h5 class='av-share-link-description av-no-toc '>Compartir esta noticia<\/h5><ul class='av-share-box-list noLightbox'><li class='av-share-link av-social-link-facebook' ><a target=\"_blank\" aria-label=\"Compartir en Facebook\" href='https:\/\/www.facebook.com\/sharer.php?u=https:\/\/radiorevelacionfm.cl\/?p=19083&#038;t=Menor%20de%2014%20a%C3%B1os%20fue%20trasladado%20a%20Santiago%20por%20caso%20sospechoso%20de%20Hantavirus' aria-hidden='false' data-av_icon='\ue8f3' data-av_iconfont='entypo-fontello' title='' data-avia-related-tooltip='Compartir en Facebook' rel=\"noopener\"><span class='avia_hidden_link_text'>Compartir en Facebook<\/span><\/a><\/li><li class='av-share-link av-social-link-twitter' ><a target=\"_blank\" aria-label=\"Compartir en Twitter\" href='https:\/\/twitter.com\/share?text=Menor%20de%2014%20a%C3%B1os%20fue%20trasladado%20a%20Santiago%20por%20caso%20sospechoso%20de%20Hantavirus&#038;url=https:\/\/radiorevelacionfm.cl\/?p=19083' aria-hidden='false' data-av_icon='\ue8f1' data-av_iconfont='entypo-fontello' title='' data-avia-related-tooltip='Compartir en Twitter' rel=\"noopener\"><span class='avia_hidden_link_text'>Compartir en Twitter<\/span><\/a><\/li><li class='av-share-link av-social-link-whatsapp' ><a target=\"_blank\" aria-label=\"Compartir en Whatsapp\" href='https:\/\/api.whatsapp.com\/send?text=https:\/\/radiorevelacionfm.cl\/?p=19083' aria-hidden='false' data-av_icon='\uf232' data-av_iconfont='entypo-fontello' title='' data-avia-related-tooltip='Compartir en Whatsapp' rel=\"noopener\"><span class='avia_hidden_link_text'>Compartir en Whatsapp<\/span><\/a><\/li><li class='av-share-link av-social-link-linkedin' ><a target=\"_blank\" aria-label=\"Compartir en LinkedIn\" href='https:\/\/linkedin.com\/shareArticle?mini=true&#038;title=Menor%20de%2014%20a%C3%B1os%20fue%20trasladado%20a%20Santiago%20por%20caso%20sospechoso%20de%20Hantavirus&#038;url=https:\/\/radiorevelacionfm.cl\/?p=19083' aria-hidden='false' data-av_icon='\ue8fc' data-av_iconfont='entypo-fontello' title='' data-avia-related-tooltip='Compartir en LinkedIn' rel=\"noopener\"><span class='avia_hidden_link_text'>Compartir en LinkedIn<\/span><\/a><\/li><li class='av-share-link av-social-link-mail' ><a  aria-label=\"Compartir por correo\" href='mailto:?subject=Menor%20de%2014%20a%C3%B1os%20fue%20trasladado%20a%20Santiago%20por%20caso%20sospechoso%20de%20Hantavirus&#038;body=https:\/\/radiorevelacionfm.cl\/?p=19083' aria-hidden='false' data-av_icon='\ue805' data-av_iconfont='entypo-fontello' title='' data-avia-related-tooltip='Compartir por correo'><span class='avia_hidden_link_text'>Compartir por correo<\/span><\/a><\/li><\/ul><\/div><\/div>\n<div  style='height:50px' class='hr hr-invisible   avia-builder-el-8  el_after_av_social_share  el_before_av_comments_list '><span class='hr-inner ' ><span class='hr-inner-style'><\/span><\/span><\/div>\n<div  class='av-buildercomment  av-blog-meta-html-info-disabled av-blog-meta-tag-disabled  '><\/div>\n","protected":false},"excerpt":{"rendered":"","protected":false},"author":1,"featured_media":17120,"comment_status":"open","ping_status":"open","sticky":false,"template":"","format":"standard","meta":{"footnotes":""},"categories":[46],"tags":[],"class_list":["post-19083","post","type-post","status-publish","format-standard","has-post-thumbnail","hentry","category-salud"],"jetpack_featured_media_url":"https:\/\/radiorevelacionfm.cl\/wp-content\/uploads\/2022\/05\/epidemiologia-1_optimized.jpg","_links":{"self":[{"href":"https:\/\/radiorevelacionfm.cl\/index.php?rest_route=\/wp\/v2\/posts\/19083","targetHints":{"allow":["GET"]}}],"collection":[{"href":"https:\/\/radiorevelacionfm.cl\/index.php?rest_route=\/wp\/v2\/posts"}],"about":[{"href":"https:\/\/radiorevelacionfm.cl\/index.php?rest_route=\/wp\/v2\/types\/post"}],"author":[{"embeddable":true,"href":"https:\/\/radiorevelacionfm.cl\/index.php?rest_route=\/wp\/v2\/users\/1"}],"replies":[{"embeddable":true,"href":"https:\/\/radiorevelacionfm.cl\/index.php?rest_route=%2Fwp%2Fv2%2Fcomments&post=19083"}],"version-history":[{"count":3,"href":"https:\/\/radiorevelacionfm.cl\/index.php?rest_route=\/wp\/v2\/posts\/19083\/revisions"}],"predecessor-version":[{"id":19087,"href":"https:\/\/radiorevelacionfm.cl\/index.php?rest_route=\/wp\/v2\/posts\/19083\/revisions\/19087"}],"wp:featuredmedia":[{"embeddable":true,"href":"https:\/\/radiorevelacionfm.cl\/index.php?rest_route=\/wp\/v2\/media\/17120"}],"wp:attachment":[{"href":"https:\/\/radiorevelacionfm.cl\/index.php?rest_route=%2Fwp%2Fv2%2Fmedia&parent=19083"}],"wp:term":[{"taxonomy":"category","embeddable":true,"href":"https:\/\/radiorevelacionfm.cl\/index.php?rest_route=%2Fwp%2Fv2%2Fcategories&post=19083"},{"taxonomy":"post_tag","embeddable":true,"href":"https:\/\/radiorevelacionfm.cl\/index.php?rest_route=%2Fwp%2Fv2%2Ftags&post=19083"}],"curies":[{"name":"wp","href":"https:\/\/api.w.org\/{rel}","templated":true}]}}