{"id":19071,"date":"2022-07-11T22:37:34","date_gmt":"2022-07-12T01:37:34","guid":{"rendered":"https:\/\/radiorevelacionfm.cl\/?p=19071"},"modified":"2022-07-11T22:46:33","modified_gmt":"2022-07-12T01:46:33","slug":"declaran-alerta-temprana-preventiva-para-la-region-de-aysen-por-evento-meteorologico","status":"publish","type":"post","link":"https:\/\/radiorevelacionfm.cl\/?p=19071","title":{"rendered":"Declaran Alerta Temprana Preventiva para la Regi\u00f3n de Ays\u00e9n por evento meteorol\u00f3gico"},"content":{"rendered":"<div class=\"flex_column av_one_full  flex_column_div av-zero-column-padding first  avia-builder-el-0  el_before_av_one_full  avia-builder-el-first  \" style='border-radius:0px; '><div  class='avia-image-container  av-styling-    avia-builder-el-1  avia-builder-el-no-sibling  avia-align-center '  itemprop=\"image\" itemscope=\"itemscope\" itemtype=\"https:\/\/schema.org\/ImageObject\"  ><div class='avia-image-container-inner'><div class='avia-image-overlay-wrap'><img decoding=\"async\" class='wp-image-19073 avia-img-lazy-loading-not-19073 avia_image' src=\"https:\/\/radiorevelacionfm.cl\/wp-content\/uploads\/2022\/07\/invernal-2-1-1_optimized.jpg\" alt='' title='invernal-2-1-(1)_optimized' height=\"600\" width=\"973\"  itemprop=\"thumbnailUrl\" srcset=\"https:\/\/radiorevelacionfm.cl\/wp-content\/uploads\/2022\/07\/invernal-2-1-1_optimized.jpg 973w, https:\/\/radiorevelacionfm.cl\/wp-content\/uploads\/2022\/07\/invernal-2-1-1_optimized-300x185.jpg 300w, https:\/\/radiorevelacionfm.cl\/wp-content\/uploads\/2022\/07\/invernal-2-1-1_optimized-768x474.jpg 768w, https:\/\/radiorevelacionfm.cl\/wp-content\/uploads\/2022\/07\/invernal-2-1-1_optimized-705x435.jpg 705w, https:\/\/radiorevelacionfm.cl\/wp-content\/uploads\/2022\/07\/invernal-2-1-1_optimized-600x370.jpg 600w\" sizes=\"(max-width: 973px) 100vw, 973px\" \/><\/div><\/div><\/div><\/div>\n<div class=\"flex_column av_one_full  flex_column_div av-zero-column-padding first  avia-builder-el-2  el_after_av_one_full  el_before_av_one_full  column-top-margin\" style='border-radius:0px; '><section class=\"av_textblock_section \"  itemscope=\"itemscope\" itemtype=\"https:\/\/schema.org\/BlogPosting\" itemprop=\"blogPost\" ><div class='avia_textblock  '   itemprop=\"text\" ><p style=\"text-align: center;\"><strong><span style=\"font-size: 18pt;\">Declaran Alerta Temprana Preventiva para la Regi\u00f3n de Ays\u00e9n por evento meteorol\u00f3gico<\/span><\/strong><\/p>\n<div id=\"gtx-trans\" style=\"position: absolute; left: -50px; top: 4.31534px;\"><\/div>\n<\/div><\/section><\/div>\n<div class=\"flex_column av_one_full  flex_column_div av-zero-column-padding first  avia-builder-el-4  el_after_av_one_full  el_before_av_hr  column-top-margin\" style='border-radius:0px; '><section class=\"av_textblock_section \"  itemscope=\"itemscope\" itemtype=\"https:\/\/schema.org\/BlogPosting\" itemprop=\"blogPost\" ><div class='avia_textblock  '   itemprop=\"text\" ><p style=\"text-align: justify;\">De acuerdo con la informaci\u00f3n proporcionada por la Direcci\u00f3n Meteorol\u00f3gica de Chile (DMC), mediante su Aviso Meteorol\u00f3gico A281\/2022, se indica que desde la madrugada del jueves 14 hasta la tarde del viernes 15 de julio, se esperan heladas normales a moderadas en la Patagonia Subandina norte de la Regi\u00f3n de Ays\u00e9n.<\/p>\n<p style=\"text-align: justify;\">Asimismo, en atenci\u00f3n al Aviso Meteorol\u00f3gico A282\/2022, se prev\u00e9n nevadas de intensidad normal a moderada en el Litoral Interior Norte, Cordillera Austral Norte, Patagonia Subandina Norte, Cordillera Austral Sur y Patagonia Subandina Sur, desde la madrugada de ma\u00f1ana martes 12 hasta la tarde del mi\u00e9rcoles 13 de julio.<\/p>\n<p style=\"text-align: justify;\">Cabe se\u00f1alar, que producto del sistema frontal pasado, se registraron 80 cm de precipitaciones de tipo nieve en zonas de la Cordillera Austral Norte, Patagonia Subandina, Cordillera Austral Sur y Patagonia Subandina Sur, lo cual afect\u00f3 principalmente la conectividad terrestre en las principales v\u00edas regionales, producto de la ca\u00edda de \u00e1rboles asociados a la presencia de nieve, sumado a accidentes vehiculares y dificultad de desplazamiento por la Ruta 7 (norte y sur), producto de la presencia de escarcha sobre la calzada.<\/p>\n<p style=\"text-align: justify;\">En consideraci\u00f3n a estos antecedentes, que suponen un aumento del riesgo asociado a estas variables, la Direcci\u00f3n Regional de ONEMI Ays\u00e9n,\u00a0declara Alerta Temprana Preventiva Regional, por evento meteorol\u00f3gico, vigente a contar de hoy y hasta que las condiciones as\u00ed lo ameriten.<\/p>\n<p style=\"text-align: justify;\">La declaraci\u00f3n de esta alerta, se constituye como un estado de reforzamiento de la vigilancia, mediante el monitoreo preciso y riguroso de las condiciones de riesgo y las respectivas vulnerabilidades asociadas a la amenaza, coordinando y activando al Sistema Nacional de Prevenci\u00f3n y Respuesta ante Desastres con el fin de actuar oportunamente frente a eventuales situaciones de emergencia.<\/p>\n<p style=\"text-align: justify;\">En relaci\u00f3n al pron\u00f3stico de heladas,\u00a0ONEMI\u00a0recomienda a la poblaci\u00f3n vestir adecuadamente con ropa de abrigo, utilizando calzado cerrado y manteniendo manos, cuello y cabeza protegidos; evitar cambios bruscos de temperatura, recordando cubrir nariz y boca al momento de salir desde un lugar temperado; y no exponer al fr\u00edo a ni\u00f1os, ancianos y enfermos cr\u00f3nicos. En tanto, respecto al Aviso por nevadas en zonas de la regi\u00f3n, recomendamos\u00a0limpiar la nieve acumulada en techumbres y estructuras que puedan colapsar debido al peso adicional; y mantener despejados los caminos de acceso a viviendas.<\/p>\n<p>La temperatura m\u00ednima en algunas localidades, como Lago Verde, Coyhaique, Balmaceda y Cochrane, podr\u00eda alcanzar entre -6\u00b0 a -12\u00b0C.<\/p>\n<p>Pron\u00f3stico obtenido el d\u00eda 11 de julio (a las 13:00) de la temperatura en algunas localidades de la regi\u00f3n de Ays\u00e9n.<\/p>\n<p>(Fuente: <a href=\"https:\/\/www.meteored.cl\/\"><u>https:\/\/www.meteored.cl\/<\/u><\/a>)<\/p>\n<table>\n<tbody>\n<tr>\n<td rowspan=\"2\" width=\"83\"><strong>Localidad<\/strong><\/td>\n<td colspan=\"5\" width=\"580\"><strong>Temperatura m\u00ednima\/m\u00e1xima (\u00b0C)<\/strong><\/td>\n<\/tr>\n<tr>\n<td width=\"115\"><strong>Martes 12<\/strong><\/td>\n<td width=\"121\"><strong>Mi\u00e9rcoles<\/strong> <strong>13<\/strong><\/td>\n<td width=\"101\"><strong>Jueves 14<\/strong><\/td>\n<td width=\"111\"><strong>Viernes<\/strong> <strong>15<\/strong><\/td>\n<td width=\"132\"><strong>S\u00e1bado 16<\/strong><\/td>\n<\/tr>\n<tr>\n<td width=\"83\"><strong>P. Raul Marin<\/strong><\/td>\n<td width=\"115\">3\/6<\/td>\n<td width=\"121\">1\/6<\/td>\n<td width=\"101\">1\/7<\/td>\n<td width=\"111\">-1\/7<\/td>\n<td width=\"132\">-2\/6<\/td>\n<\/tr>\n<tr>\n<td width=\"83\"><strong>La Junta<\/strong><\/td>\n<td width=\"115\">2\/5<\/td>\n<td width=\"121\">1\/7<\/td>\n<td width=\"101\">0\/6<\/td>\n<td width=\"111\">-4\/7<\/td>\n<td width=\"132\">-6\/3<\/td>\n<\/tr>\n<tr>\n<td width=\"83\"><strong>Lago Verde<\/strong><\/td>\n<td width=\"115\">-1\/3<\/td>\n<td width=\"121\">-2\/3<\/td>\n<td width=\"101\">-5\/1<\/td>\n<td width=\"111\">-6\/3<\/td>\n<td width=\"132\">-6\/2<\/td>\n<\/tr>\n<tr>\n<td width=\"83\"><strong>Puyuhuapi<\/strong><\/td>\n<td width=\"115\">1\/5<\/td>\n<td width=\"121\">1\/6<\/td>\n<td width=\"101\">-1\/5<\/td>\n<td width=\"111\">-3\/5<\/td>\n<td width=\"132\">-3\/4<\/td>\n<\/tr>\n<tr>\n<td width=\"83\"><strong>Pto. Cisnes<\/strong><\/td>\n<td width=\"115\">2\/5<\/td>\n<td width=\"121\">0\/6<\/td>\n<td width=\"101\">-1\/5<\/td>\n<td width=\"111\">-4\/6<\/td>\n<td width=\"132\">-5\/2<\/td>\n<\/tr>\n<tr>\n<td width=\"83\"><strong>Pto.<\/strong> <strong>Ays\u00e9n<\/strong><\/td>\n<td width=\"115\">1\/6<\/td>\n<td width=\"121\">-1\/6<\/td>\n<td width=\"101\">-3\/5<\/td>\n<td width=\"111\">-8\/4<\/td>\n<td width=\"132\">-10\/1<\/td>\n<\/tr>\n<tr>\n<td width=\"83\"><strong>Coyhaique<\/strong><\/td>\n<td width=\"115\">-7\/4<\/td>\n<td width=\"121\">-7\/2<\/td>\n<td width=\"101\">-6\/1<\/td>\n<td width=\"111\">-9\/3<\/td>\n<td width=\"132\">-11\/4<\/td>\n<\/tr>\n<\/tbody>\n<\/table>\n<table>\n<tbody>\n<tr>\n<td width=\"83\"><strong>Balmaceda<\/strong><\/td>\n<td width=\"115\">-3\/2<\/td>\n<td width=\"121\">-6\/3<\/td>\n<td width=\"101\">-6\/0<\/td>\n<td width=\"111\">-11\/2<\/td>\n<td width=\"132\">-12\/3<\/td>\n<\/tr>\n<tr>\n<td width=\"83\"><strong>Bah\u00eda Murta<\/strong><\/td>\n<td width=\"115\">0\/4<\/td>\n<td width=\"121\">-1\/5<\/td>\n<td width=\"101\">-2\/2<\/td>\n<td width=\"111\">-3\/2<\/td>\n<td width=\"132\">-3\/3<\/td>\n<\/tr>\n<tr>\n<td width=\"83\"><strong>Pto. Guadal<\/strong><\/td>\n<td width=\"115\">1\/5<\/td>\n<td width=\"121\">2\/4<\/td>\n<td width=\"101\">0\/3<\/td>\n<td width=\"111\">-1\/2<\/td>\n<td width=\"132\">-1\/4<\/td>\n<\/tr>\n<tr>\n<td width=\"83\"><strong>Chile Chico<\/strong><\/td>\n<td width=\"115\">-2\/6<\/td>\n<td width=\"121\">-2\/5<\/td>\n<td width=\"101\">-2\/1<\/td>\n<td width=\"111\">-3\/2<\/td>\n<td width=\"132\">-4\/7<\/td>\n<\/tr>\n<tr>\n<td width=\"83\"><strong>P. R. Tranquilo<\/strong><\/td>\n<td width=\"115\">-1\/3<\/td>\n<td width=\"121\">-2\/3<\/td>\n<td width=\"101\">-2\/2<\/td>\n<td width=\"111\">-4\/2<\/td>\n<td width=\"132\">-4\/3<\/td>\n<\/tr>\n<tr>\n<td width=\"83\"><strong>Cochrane<\/strong><\/td>\n<td width=\"115\">-4\/5<\/td>\n<td width=\"121\">-5\/3<\/td>\n<td width=\"101\">-6\/2<\/td>\n<td width=\"111\">-8\/1<\/td>\n<td width=\"132\">-8\/3<\/td>\n<\/tr>\n<tr>\n<td width=\"83\"><strong>Caleta Tortel<\/strong><\/td>\n<td width=\"115\">-1\/4<\/td>\n<td width=\"121\">-2\/5<\/td>\n<td width=\"101\">-5\/1<\/td>\n<td width=\"111\">-8\/0<\/td>\n<td width=\"132\">-5\/3<\/td>\n<\/tr>\n<tr>\n<td width=\"83\"><strong>Villa O\u2019Higgins<\/strong><\/td>\n<td width=\"115\">-1\/2<\/td>\n<td width=\"121\">-3\/3<\/td>\n<td width=\"101\">-5\/2<\/td>\n<td width=\"111\">-6\/1<\/td>\n<td width=\"132\">-4\/1<\/td>\n<\/tr>\n<\/tbody>\n<\/table>\n<\/div><\/section><\/div><div  style='height:50px' class='hr hr-invisible   avia-builder-el-6  el_after_av_one_full  el_before_av_social_share '><span class='hr-inner ' ><span class='hr-inner-style'><\/span><\/span><\/div><\/p>\n<div  class='av-social-sharing-box  avia-builder-el-7  el_after_av_hr  el_before_av_hr  '><div class='av-share-box'><h5 class='av-share-link-description av-no-toc '>Compartir esta noticia<\/h5><ul class='av-share-box-list noLightbox'><li class='av-share-link av-social-link-facebook' ><a target=\"_blank\" aria-label=\"Compartir en Facebook\" href='https:\/\/www.facebook.com\/sharer.php?u=https:\/\/radiorevelacionfm.cl\/?p=19071&#038;t=Declaran%20Alerta%20Temprana%20Preventiva%20para%20la%20Regi%C3%B3n%20de%20Ays%C3%A9n%20por%20evento%20meteorol%C3%B3gico' aria-hidden='false' data-av_icon='\ue8f3' data-av_iconfont='entypo-fontello' title='' data-avia-related-tooltip='Compartir en Facebook' rel=\"noopener\"><span class='avia_hidden_link_text'>Compartir en Facebook<\/span><\/a><\/li><li class='av-share-link av-social-link-twitter' ><a target=\"_blank\" aria-label=\"Compartir en Twitter\" href='https:\/\/twitter.com\/share?text=Declaran%20Alerta%20Temprana%20Preventiva%20para%20la%20Regi%C3%B3n%20de%20Ays%C3%A9n%20por%20evento%20meteorol%C3%B3gico&#038;url=https:\/\/radiorevelacionfm.cl\/?p=19071' aria-hidden='false' data-av_icon='\ue8f1' data-av_iconfont='entypo-fontello' title='' data-avia-related-tooltip='Compartir en Twitter' rel=\"noopener\"><span class='avia_hidden_link_text'>Compartir en Twitter<\/span><\/a><\/li><li class='av-share-link av-social-link-whatsapp' ><a target=\"_blank\" aria-label=\"Compartir en Whatsapp\" href='https:\/\/api.whatsapp.com\/send?text=https:\/\/radiorevelacionfm.cl\/?p=19071' aria-hidden='false' data-av_icon='\uf232' data-av_iconfont='entypo-fontello' title='' data-avia-related-tooltip='Compartir en Whatsapp' rel=\"noopener\"><span class='avia_hidden_link_text'>Compartir en Whatsapp<\/span><\/a><\/li><li class='av-share-link av-social-link-linkedin' ><a target=\"_blank\" aria-label=\"Compartir en LinkedIn\" href='https:\/\/linkedin.com\/shareArticle?mini=true&#038;title=Declaran%20Alerta%20Temprana%20Preventiva%20para%20la%20Regi%C3%B3n%20de%20Ays%C3%A9n%20por%20evento%20meteorol%C3%B3gico&#038;url=https:\/\/radiorevelacionfm.cl\/?p=19071' aria-hidden='false' data-av_icon='\ue8fc' data-av_iconfont='entypo-fontello' title='' data-avia-related-tooltip='Compartir en LinkedIn' rel=\"noopener\"><span class='avia_hidden_link_text'>Compartir en LinkedIn<\/span><\/a><\/li><li class='av-share-link av-social-link-mail' ><a  aria-label=\"Compartir por correo\" href='mailto:?subject=Declaran%20Alerta%20Temprana%20Preventiva%20para%20la%20Regi%C3%B3n%20de%20Ays%C3%A9n%20por%20evento%20meteorol%C3%B3gico&#038;body=https:\/\/radiorevelacionfm.cl\/?p=19071' aria-hidden='false' data-av_icon='\ue805' data-av_iconfont='entypo-fontello' title='' data-avia-related-tooltip='Compartir por correo'><span class='avia_hidden_link_text'>Compartir por correo<\/span><\/a><\/li><\/ul><\/div><\/div>\n<div  style='height:50px' class='hr hr-invisible   avia-builder-el-8  el_after_av_social_share  el_before_av_comments_list '><span class='hr-inner ' ><span class='hr-inner-style'><\/span><\/span><\/div>\n<div  class='av-buildercomment  av-blog-meta-html-info-disabled av-blog-meta-tag-disabled  '><\/div>\n","protected":false},"excerpt":{"rendered":"","protected":false},"author":1,"featured_media":19073,"comment_status":"open","ping_status":"open","sticky":false,"template":"","format":"standard","meta":{"footnotes":""},"categories":[38],"tags":[],"class_list":["post-19071","post","type-post","status-publish","format-standard","has-post-thumbnail","hentry","category-regional"],"jetpack_featured_media_url":"https:\/\/radiorevelacionfm.cl\/wp-content\/uploads\/2022\/07\/invernal-2-1-1_optimized.jpg","_links":{"self":[{"href":"https:\/\/radiorevelacionfm.cl\/index.php?rest_route=\/wp\/v2\/posts\/19071","targetHints":{"allow":["GET"]}}],"collection":[{"href":"https:\/\/radiorevelacionfm.cl\/index.php?rest_route=\/wp\/v2\/posts"}],"about":[{"href":"https:\/\/radiorevelacionfm.cl\/index.php?rest_route=\/wp\/v2\/types\/post"}],"author":[{"embeddable":true,"href":"https:\/\/radiorevelacionfm.cl\/index.php?rest_route=\/wp\/v2\/users\/1"}],"replies":[{"embeddable":true,"href":"https:\/\/radiorevelacionfm.cl\/index.php?rest_route=%2Fwp%2Fv2%2Fcomments&post=19071"}],"version-history":[{"count":3,"href":"https:\/\/radiorevelacionfm.cl\/index.php?rest_route=\/wp\/v2\/posts\/19071\/revisions"}],"predecessor-version":[{"id":19075,"href":"https:\/\/radiorevelacionfm.cl\/index.php?rest_route=\/wp\/v2\/posts\/19071\/revisions\/19075"}],"wp:featuredmedia":[{"embeddable":true,"href":"https:\/\/radiorevelacionfm.cl\/index.php?rest_route=\/wp\/v2\/media\/19073"}],"wp:attachment":[{"href":"https:\/\/radiorevelacionfm.cl\/index.php?rest_route=%2Fwp%2Fv2%2Fmedia&parent=19071"}],"wp:term":[{"taxonomy":"category","embeddable":true,"href":"https:\/\/radiorevelacionfm.cl\/index.php?rest_route=%2Fwp%2Fv2%2Fcategories&post=19071"},{"taxonomy":"post_tag","embeddable":true,"href":"https:\/\/radiorevelacionfm.cl\/index.php?rest_route=%2Fwp%2Fv2%2Ftags&post=19071"}],"curies":[{"name":"wp","href":"https:\/\/api.w.org\/{rel}","templated":true}]}}