{"id":19066,"date":"2022-07-12T10:33:01","date_gmt":"2022-07-12T13:33:01","guid":{"rendered":"https:\/\/radiorevelacionfm.cl\/?p=19066"},"modified":"2022-07-12T10:33:01","modified_gmt":"2022-07-12T13:33:01","slug":"autoridades-regionales-trabajan-en-el-ministerio-de-obras-publicas-por-conectividad-de-chile-chico","status":"publish","type":"post","link":"https:\/\/radiorevelacionfm.cl\/?p=19066","title":{"rendered":"Autoridades regionales trabajan en el Ministerio de Obras P\u00fablicas por conectividad de Chile Chico"},"content":{"rendered":"<div class=\"flex_column av_one_full  flex_column_div av-zero-column-padding first  avia-builder-el-0  el_before_av_one_full  avia-builder-el-first  \" style='border-radius:0px; '><div  class='avia-image-container  av-styling-    avia-builder-el-1  avia-builder-el-no-sibling  avia-align-center '  itemprop=\"image\" itemscope=\"itemscope\" itemtype=\"https:\/\/schema.org\/ImageObject\"  ><div class='avia-image-container-inner'><div class='avia-image-overlay-wrap'><img decoding=\"async\" class='wp-image-19067 avia-img-lazy-loading-not-19067 avia_image' src=\"https:\/\/radiorevelacionfm.cl\/wp-content\/uploads\/2022\/07\/IMG_5842-1-1.jpg\" alt='' title='IMG_5842 (1) (1)' height=\"600\" width=\"1119\"  itemprop=\"thumbnailUrl\" srcset=\"https:\/\/radiorevelacionfm.cl\/wp-content\/uploads\/2022\/07\/IMG_5842-1-1.jpg 1119w, https:\/\/radiorevelacionfm.cl\/wp-content\/uploads\/2022\/07\/IMG_5842-1-1-300x161.jpg 300w, https:\/\/radiorevelacionfm.cl\/wp-content\/uploads\/2022\/07\/IMG_5842-1-1-1030x552.jpg 1030w, https:\/\/radiorevelacionfm.cl\/wp-content\/uploads\/2022\/07\/IMG_5842-1-1-768x412.jpg 768w, https:\/\/radiorevelacionfm.cl\/wp-content\/uploads\/2022\/07\/IMG_5842-1-1-705x378.jpg 705w, https:\/\/radiorevelacionfm.cl\/wp-content\/uploads\/2022\/07\/IMG_5842-1-1-600x322.jpg 600w\" sizes=\"(max-width: 1119px) 100vw, 1119px\" \/><\/div><\/div><\/div><\/div><div class=\"flex_column av_one_full  flex_column_div av-zero-column-padding first  avia-builder-el-2  el_after_av_one_full  el_before_av_one_full  column-top-margin\" style='border-radius:0px; '><section class=\"av_textblock_section \"  itemscope=\"itemscope\" itemtype=\"https:\/\/schema.org\/BlogPosting\" itemprop=\"blogPost\" ><div class='avia_textblock  '   itemprop=\"text\" ><p style=\"text-align: center;\"><strong><span style=\"font-size: 18pt;\">Autoridades regionales trabajan en el Ministerio de Obras P\u00fablicas por conectividad de Chile Chico<\/span><\/strong><\/p>\n<div id=\"gtx-trans\" style=\"position: absolute; left: -50px; top: 4.31534px;\">\n<div class=\"gtx-trans-icon\"><\/div>\n<\/div>\n<\/div><\/section><\/div><div class=\"flex_column av_one_full  flex_column_div av-zero-column-padding first  avia-builder-el-4  el_after_av_one_full  el_before_av_hr  column-top-margin\" style='border-radius:0px; '><section class=\"av_textblock_section \"  itemscope=\"itemscope\" itemtype=\"https:\/\/schema.org\/BlogPosting\" itemprop=\"blogPost\" ><div class='avia_textblock  '   itemprop=\"text\" ><p style=\"font-weight: 400; text-align: justify;\">En dependencias del Ministerio de Obras P\u00fablicas en Santiago trabajaron este lunes el Delegado Presidencial Regional de Ays\u00e9n, Rodrigo Araya Morales, los cinco parlamentarios de la regi\u00f3n, y autoridades del Ministerio de Transporte junto sus equipos profesionales y t\u00e9cnicos para avanzar en la conectividad de Chile Chico.<\/p>\n<p style=\"font-weight: 400; text-align: justify;\">\u201cHemos venido a Santiago a sostener reuniones con distintos ministerios para seguir trabajando por nuestra comunidad, por nuestros territorios. En la Regi\u00f3n de Ays\u00e9n partimos hoy d\u00eda el Ministerio de Obras P\u00fablicas, junto con el Ministerio de Transporte y los cinco parlamentarios de nuestra regi\u00f3n, justamente hablando del plan de contingencia por el problema conectividad del Lago General Carrera y tambi\u00e9n las medidas a corto plazo que se necesitan para responder con prontitud ante la necesidad de conectividad que tienen todos nuestros vecinos de Chile Chico\u201d, se\u00f1al\u00f3 Rodrigo Araya.<\/p>\n<p style=\"font-weight: 400; text-align: justify;\">La senadora Ximena \u00d3rdenes agreg\u00f3 que \u201cse establecieron ciertas medidas para reforzar el plan de contingencia para enfrentar la crisis de conectividad lacustre que afecta a tantos habitantes de la comunidad de Chile Chico. Pero m\u00e1s all\u00e1 del reforzamiento, yo quiero seguir manifestando mi preocupaci\u00f3n, raz\u00f3n por la cual nos vamos a volver a reunir el pr\u00f3ximo lunes en el Ministerio de Obras P\u00fablicas, para seguir evaluando c\u00f3mo funciona el plan de contingencia y tener fechas claras respecto de lo que se informa hoy d\u00eda. Hay que trabajar una soluci\u00f3n definitiva que m\u00e1s all\u00e1 de hablar de una nueva nave, se requiere hablar de un sistema de conectividad moderno con visi\u00f3n, con visi\u00f3n de futuro y que garantice que este tipo de situaciones nunca m\u00e1s va a ocurrir\u201d, indic\u00f3.<\/p>\n<p style=\"font-weight: 400; text-align: justify;\">La diputada Marcia Raphael consider\u00f3 \u201cmuy importante y positivo que por fin podamos reunirnos todas las autoridades, los cinco parlamentarios, con las autoridades correspondientes. Esperamos que no sea una reuni\u00f3n m\u00e1s, que tengamos efectivamente algunos frutos positivos para esto. Efectivamente, los vuelos se han aumentado en cuatro vuelos. Los m\u00e1s son diez vuelos a la semana, pero lo importante es que estos vuelos pudiesen tambi\u00e9n aumentar la capacidad de cada avi\u00f3n. Si aumentamos a 19 pasajeros, sin duda podemos tener una mayor frecuencia en los vuelos a\u00e9reo. Tambi\u00e9n la respuesta a la pr\u00f3xima semana de aumentar tambi\u00e9n la capacidad de los buses que van a pasar por Argentina a 34 pasajeros. Lo importante que nos vamos a reunir la pr\u00f3xima semana y lo ideal, y as\u00ed esperamos, es que esta alternativa y soluciones que le podamos dar a la gente de Chile Chico que no lo est\u00e1 pasando bien \u201d.<\/p>\n<p style=\"font-weight: 400; text-align: justify;\">En tanto, el diputado Miguel Calisto se\u00f1al\u00f3 que \u201cestamos frente a una emergencia en el Lago General Carrera y por eso los parlamentarios, junto al Delegado Presidencial Regional y a todas las autoridades competentes, nos hemos reunido para buscar soluciones. Nos informan desde Chile Chico, que en este minuto hay una situaci\u00f3n absoluta de problemas de conectividad de muchos vecinos y que, evidentemente, con la oferta que existe no es posible cubrir. Se han llegado a ciertos compromisos, se van a aumentar la frecuencia de buses. Hemos pedido que los buses pasen por Palaviccini, as\u00ed que esperamos soluciones. Hemos le hemos dicho al gobierno que tengamos sentido de urgencia en este tema, tomando en cuenta la situaci\u00f3n que tenemos el agua en carrera\u201d, concluy\u00f3.<\/p>\n<p style=\"font-weight: 400; text-align: justify;\">La pr\u00f3xima reuni\u00f3n se desarrollar\u00e1 el lunes pr\u00f3ximo con participaci\u00f3n presencial y telem\u00e1tica de los mismos participantes, a fin de facilitar la participaci\u00f3n de autoridades nacionales y regionales y legisladores, a fin de avanzar en el Plan de Contingencia por v\u00eda a\u00e9rea, terrestre y lacustre, mientras se desarrolla el trabajo en las iniciativas de mediano y largo plazo por parte de MOP y Transportes.<\/p>\n<\/div><\/section><\/div><div  style='height:50px' class='hr hr-invisible   avia-builder-el-6  el_after_av_one_full  el_before_av_social_share '><span class='hr-inner ' ><span class='hr-inner-style'><\/span><\/span><\/div><\/p>\n<div  class='av-social-sharing-box  avia-builder-el-7  el_after_av_hr  el_before_av_hr  '><div class='av-share-box'><h5 class='av-share-link-description av-no-toc '>Compartir esta noticia<\/h5><ul class='av-share-box-list noLightbox'><li class='av-share-link av-social-link-facebook' ><a target=\"_blank\" aria-label=\"Compartir en Facebook\" href='https:\/\/www.facebook.com\/sharer.php?u=https:\/\/radiorevelacionfm.cl\/?p=19066&#038;t=Autoridades%20regionales%20trabajan%20en%20el%20Ministerio%20de%20Obras%20P%C3%BAblicas%20por%20conectividad%20de%20Chile%20Chico' aria-hidden='false' data-av_icon='\ue8f3' data-av_iconfont='entypo-fontello' title='' data-avia-related-tooltip='Compartir en Facebook' rel=\"noopener\"><span class='avia_hidden_link_text'>Compartir en Facebook<\/span><\/a><\/li><li class='av-share-link av-social-link-twitter' ><a target=\"_blank\" aria-label=\"Compartir en Twitter\" href='https:\/\/twitter.com\/share?text=Autoridades%20regionales%20trabajan%20en%20el%20Ministerio%20de%20Obras%20P%C3%BAblicas%20por%20conectividad%20de%20Chile%20Chico&#038;url=https:\/\/radiorevelacionfm.cl\/?p=19066' aria-hidden='false' data-av_icon='\ue8f1' data-av_iconfont='entypo-fontello' title='' data-avia-related-tooltip='Compartir en Twitter' rel=\"noopener\"><span class='avia_hidden_link_text'>Compartir en Twitter<\/span><\/a><\/li><li class='av-share-link av-social-link-whatsapp' ><a target=\"_blank\" aria-label=\"Compartir en Whatsapp\" href='https:\/\/api.whatsapp.com\/send?text=https:\/\/radiorevelacionfm.cl\/?p=19066' aria-hidden='false' data-av_icon='\uf232' data-av_iconfont='entypo-fontello' title='' data-avia-related-tooltip='Compartir en Whatsapp' rel=\"noopener\"><span class='avia_hidden_link_text'>Compartir en Whatsapp<\/span><\/a><\/li><li class='av-share-link av-social-link-linkedin' ><a target=\"_blank\" aria-label=\"Compartir en LinkedIn\" href='https:\/\/linkedin.com\/shareArticle?mini=true&#038;title=Autoridades%20regionales%20trabajan%20en%20el%20Ministerio%20de%20Obras%20P%C3%BAblicas%20por%20conectividad%20de%20Chile%20Chico&#038;url=https:\/\/radiorevelacionfm.cl\/?p=19066' aria-hidden='false' data-av_icon='\ue8fc' data-av_iconfont='entypo-fontello' title='' data-avia-related-tooltip='Compartir en LinkedIn' rel=\"noopener\"><span class='avia_hidden_link_text'>Compartir en LinkedIn<\/span><\/a><\/li><li class='av-share-link av-social-link-mail' ><a  aria-label=\"Compartir por correo\" href='mailto:?subject=Autoridades%20regionales%20trabajan%20en%20el%20Ministerio%20de%20Obras%20P%C3%BAblicas%20por%20conectividad%20de%20Chile%20Chico&#038;body=https:\/\/radiorevelacionfm.cl\/?p=19066' aria-hidden='false' data-av_icon='\ue805' data-av_iconfont='entypo-fontello' title='' data-avia-related-tooltip='Compartir por correo'><span class='avia_hidden_link_text'>Compartir por correo<\/span><\/a><\/li><\/ul><\/div><\/div>\n<div  style='height:50px' class='hr hr-invisible   avia-builder-el-8  el_after_av_social_share  el_before_av_comments_list '><span class='hr-inner ' ><span class='hr-inner-style'><\/span><\/span><\/div>\n<div  class='av-buildercomment  av-blog-meta-html-info-disabled av-blog-meta-tag-disabled  '><\/div>\n","protected":false},"excerpt":{"rendered":"","protected":false},"author":1,"featured_media":19067,"comment_status":"open","ping_status":"open","sticky":false,"template":"","format":"standard","meta":{"footnotes":""},"categories":[38],"tags":[],"class_list":["post-19066","post","type-post","status-publish","format-standard","has-post-thumbnail","hentry","category-regional"],"jetpack_featured_media_url":"https:\/\/radiorevelacionfm.cl\/wp-content\/uploads\/2022\/07\/IMG_5842-1-1.jpg","_links":{"self":[{"href":"https:\/\/radiorevelacionfm.cl\/index.php?rest_route=\/wp\/v2\/posts\/19066","targetHints":{"allow":["GET"]}}],"collection":[{"href":"https:\/\/radiorevelacionfm.cl\/index.php?rest_route=\/wp\/v2\/posts"}],"about":[{"href":"https:\/\/radiorevelacionfm.cl\/index.php?rest_route=\/wp\/v2\/types\/post"}],"author":[{"embeddable":true,"href":"https:\/\/radiorevelacionfm.cl\/index.php?rest_route=\/wp\/v2\/users\/1"}],"replies":[{"embeddable":true,"href":"https:\/\/radiorevelacionfm.cl\/index.php?rest_route=%2Fwp%2Fv2%2Fcomments&post=19066"}],"version-history":[{"count":2,"href":"https:\/\/radiorevelacionfm.cl\/index.php?rest_route=\/wp\/v2\/posts\/19066\/revisions"}],"predecessor-version":[{"id":19078,"href":"https:\/\/radiorevelacionfm.cl\/index.php?rest_route=\/wp\/v2\/posts\/19066\/revisions\/19078"}],"wp:featuredmedia":[{"embeddable":true,"href":"https:\/\/radiorevelacionfm.cl\/index.php?rest_route=\/wp\/v2\/media\/19067"}],"wp:attachment":[{"href":"https:\/\/radiorevelacionfm.cl\/index.php?rest_route=%2Fwp%2Fv2%2Fmedia&parent=19066"}],"wp:term":[{"taxonomy":"category","embeddable":true,"href":"https:\/\/radiorevelacionfm.cl\/index.php?rest_route=%2Fwp%2Fv2%2Fcategories&post=19066"},{"taxonomy":"post_tag","embeddable":true,"href":"https:\/\/radiorevelacionfm.cl\/index.php?rest_route=%2Fwp%2Fv2%2Ftags&post=19066"}],"curies":[{"name":"wp","href":"https:\/\/api.w.org\/{rel}","templated":true}]}}