{"id":19062,"date":"2022-07-11T19:20:35","date_gmt":"2022-07-11T22:20:35","guid":{"rendered":"https:\/\/radiorevelacionfm.cl\/?p=19062"},"modified":"2022-07-11T19:44:31","modified_gmt":"2022-07-11T22:44:31","slug":"dirigentes-de-chacra-g-resaltan-labor-de-diputado-calisto-y-critican-a-dirigente-deportivo-por-politizar-la-causa","status":"publish","type":"post","link":"https:\/\/radiorevelacionfm.cl\/?p=19062","title":{"rendered":"Dirigentes de Chacra G resaltan labor de diputado Calisto y critican a dirigente deportivo por politizar la causa"},"content":{"rendered":"<div class=\"flex_column av_one_full  flex_column_div av-zero-column-padding first  avia-builder-el-0  el_before_av_one_full  avia-builder-el-first  \" style='border-radius:0px; '><div  class='avia-image-container  av-styling-    avia-builder-el-1  avia-builder-el-no-sibling  avia-align-center '  itemprop=\"image\" itemscope=\"itemscope\" itemtype=\"https:\/\/schema.org\/ImageObject\"  ><div class='avia-image-container-inner'><div class='avia-image-overlay-wrap'><img decoding=\"async\" class='wp-image-19063 avia-img-lazy-loading-not-19063 avia_image' src=\"https:\/\/radiorevelacionfm.cl\/wp-content\/uploads\/2022\/07\/diputado-calisto_chacra-g-1_optimized-1.jpg\" alt='' title='diputado-calisto_chacra-g-(1)_optimized (1)' height=\"600\" width=\"1069\"  itemprop=\"thumbnailUrl\" srcset=\"https:\/\/radiorevelacionfm.cl\/wp-content\/uploads\/2022\/07\/diputado-calisto_chacra-g-1_optimized-1.jpg 1069w, https:\/\/radiorevelacionfm.cl\/wp-content\/uploads\/2022\/07\/diputado-calisto_chacra-g-1_optimized-1-300x168.jpg 300w, https:\/\/radiorevelacionfm.cl\/wp-content\/uploads\/2022\/07\/diputado-calisto_chacra-g-1_optimized-1-1030x578.jpg 1030w, https:\/\/radiorevelacionfm.cl\/wp-content\/uploads\/2022\/07\/diputado-calisto_chacra-g-1_optimized-1-768x431.jpg 768w, https:\/\/radiorevelacionfm.cl\/wp-content\/uploads\/2022\/07\/diputado-calisto_chacra-g-1_optimized-1-705x396.jpg 705w, https:\/\/radiorevelacionfm.cl\/wp-content\/uploads\/2022\/07\/diputado-calisto_chacra-g-1_optimized-1-600x337.jpg 600w\" sizes=\"(max-width: 1069px) 100vw, 1069px\" \/><\/div><\/div><\/div><\/div>\n<div class=\"flex_column av_one_full  flex_column_div av-zero-column-padding first  avia-builder-el-2  el_after_av_one_full  el_before_av_one_full  column-top-margin\" style='border-radius:0px; '><section class=\"av_textblock_section \"  itemscope=\"itemscope\" itemtype=\"https:\/\/schema.org\/BlogPosting\" itemprop=\"blogPost\" ><div class='avia_textblock  '   itemprop=\"text\" ><p style=\"text-align: center;\"><span style=\"font-size: 18pt;\"><b><span lang=\"ES\">Dirigentes de Chacra G resaltan labor de diputado Calisto y critican a dirigente deportivo por politizar la causa<\/span><\/b><\/span><\/p>\n<div id=\"gtx-trans\" style=\"position: absolute; left: -50px; top: 4.31534px;\">\n<div class=\"gtx-trans-icon\"><\/div>\n<\/div>\n<\/div><\/section><\/div>\n<div class=\"flex_column av_one_full  flex_column_div av-zero-column-padding first  avia-builder-el-4  el_after_av_one_full  el_before_av_hr  column-top-margin\" style='border-radius:0px; '><section class=\"av_textblock_section \"  itemscope=\"itemscope\" itemtype=\"https:\/\/schema.org\/BlogPosting\" itemprop=\"blogPost\" ><div class='avia_textblock  '   itemprop=\"text\" ><p style=\"font-weight: 400; text-align: justify;\">Ante las cr\u00edticas que desliz\u00f3 el dirigente deportivo Aar\u00f3n Martines en contra del diputado Miguel \u00c1ngel Calisto, un grupo de dirigentes de los comit\u00e9s de la\u00a0Chacra G\u00a0salieron en defensa del parlamentario, asegurando que su trabajo ha sido fundamental para el avance de este proyecto, adem\u00e1s de acusar que esta persona, que no es dirigente de los comit\u00e9s, est\u00e1 politizando la causa.<\/p>\n<p style=\"font-weight: 400; text-align: justify;\">Seg\u00fan\u00a0Dorila Huichapani, presidenta del\u00a0Comit\u00e9 Ventisqueros, \u201cuna l\u00e1stima que esto se politice de una forma que no lo esperaba. Politizar esto de una forma tan baja no es lo ideal para nadie. El diputado lleva trabajando con nosotros tres gobiernos, entregando un apoyo constante, dejando de lado las opiniones pol\u00edticas\u201d.<\/p>\n<p style=\"font-weight: 400; text-align: justify;\">\u201cEl trabajo de Miguel \u00c1ngel con nosotros ha sido muy bueno. Antes que \u00e9l apareciera, nosotros \u00edbamos muy atr\u00e1s. \u00c9l nos ha apoyado en todo sentido, ha estado constantemente con nosotros, y va a seguir estando. A las personas que esto le moleste, bueno, que den un pie al lado y sigan su camino\u201d, se\u00f1al\u00f3.<\/p>\n<p style=\"font-weight: 400; text-align: justify;\">En tanto,\u00a0Juan Carvajal, vicepresidente del\u00a0Comit\u00e9 Ventisqueros y ex Presidente del comit\u00e9 Las Nieves, \u00a0afirm\u00f3 que \u201cal diputado Calisto lo conozco hace m\u00e1s de 15 a\u00f1os, y \u00e9l ha estado en todo este proceso de los terrenos para la Chacra G.\u00a0 Ha hecho un gran trabajo en nuestra lucha para concretar la vivienda propia. Yo pongo las manos al fuego por don Miguel \u00c1ngel, que siempre ha sido un aporte muy importante para nosotros y las familias que representamos\u201d.<\/p>\n<p style=\"font-weight: 400; text-align: justify;\">\u201cEl diputado tiene que estar tranquilo, porque la gente lo conoce porque ve el trabajo permanente que realiza con los comit\u00e9s de la regi\u00f3n. \u00c9l ha sido el \u00fanico, de todos los parlamentarios, que ha estado en todo momento con nosotros\u201d, afirm\u00f3.<\/p>\n<p style=\"font-weight: 400; text-align: justify;\">Por su parte,\u00a0Deisy Fuentes, presidenta del Comit\u00e9 Hermanos de la Patagonia, se\u00f1al\u00f3 que \u201ces una falta de respeto dirigirse as\u00ed a un diputado, quien ha estado desde un comienzo apoyando. Hay formas y formas de referirse a la gente\u201d.<\/p>\n<p style=\"font-weight: 400; text-align: justify;\">Finalmente, la dirigenta se\u00f1al\u00f3 que \u201cnosotros desde un principio henos estado trabajando con el diputado Calisto. \u00c9l no nos prometi\u00f3 casas, nos ha gestionado reuniones con los ministros, con los Seremis y los directores de Serviu. Ha sido un intermediario y nos ha permitido concretar reuniones a las cuales nos hab\u00edan cerrado las puertas\u201d.<\/p>\n<\/div><\/section><\/div><div  style='height:50px' class='hr hr-invisible   avia-builder-el-6  el_after_av_one_full  el_before_av_social_share '><span class='hr-inner ' ><span class='hr-inner-style'><\/span><\/span><\/div><\/p>\n<div  class='av-social-sharing-box  avia-builder-el-7  el_after_av_hr  el_before_av_hr  '><div class='av-share-box'><h5 class='av-share-link-description av-no-toc '>Compartir esta noticia<\/h5><ul class='av-share-box-list noLightbox'><li class='av-share-link av-social-link-facebook' ><a target=\"_blank\" aria-label=\"Compartir en Facebook\" href='https:\/\/www.facebook.com\/sharer.php?u=https:\/\/radiorevelacionfm.cl\/?p=19062&#038;t=Dirigentes%20de%20Chacra%20G%20resaltan%20labor%20de%20diputado%20Calisto%20y%20critican%20a%20dirigente%20deportivo%20por%20politizar%20la%20causa' aria-hidden='false' data-av_icon='\ue8f3' data-av_iconfont='entypo-fontello' title='' data-avia-related-tooltip='Compartir en Facebook' rel=\"noopener\"><span class='avia_hidden_link_text'>Compartir en Facebook<\/span><\/a><\/li><li class='av-share-link av-social-link-twitter' ><a target=\"_blank\" aria-label=\"Compartir en Twitter\" href='https:\/\/twitter.com\/share?text=Dirigentes%20de%20Chacra%20G%20resaltan%20labor%20de%20diputado%20Calisto%20y%20critican%20a%20dirigente%20deportivo%20por%20politizar%20la%20causa&#038;url=https:\/\/radiorevelacionfm.cl\/?p=19062' aria-hidden='false' data-av_icon='\ue8f1' data-av_iconfont='entypo-fontello' title='' data-avia-related-tooltip='Compartir en Twitter' rel=\"noopener\"><span class='avia_hidden_link_text'>Compartir en Twitter<\/span><\/a><\/li><li class='av-share-link av-social-link-whatsapp' ><a target=\"_blank\" aria-label=\"Compartir en Whatsapp\" href='https:\/\/api.whatsapp.com\/send?text=https:\/\/radiorevelacionfm.cl\/?p=19062' aria-hidden='false' data-av_icon='\uf232' data-av_iconfont='entypo-fontello' title='' data-avia-related-tooltip='Compartir en Whatsapp' rel=\"noopener\"><span class='avia_hidden_link_text'>Compartir en Whatsapp<\/span><\/a><\/li><li class='av-share-link av-social-link-linkedin' ><a target=\"_blank\" aria-label=\"Compartir en LinkedIn\" href='https:\/\/linkedin.com\/shareArticle?mini=true&#038;title=Dirigentes%20de%20Chacra%20G%20resaltan%20labor%20de%20diputado%20Calisto%20y%20critican%20a%20dirigente%20deportivo%20por%20politizar%20la%20causa&#038;url=https:\/\/radiorevelacionfm.cl\/?p=19062' aria-hidden='false' data-av_icon='\ue8fc' data-av_iconfont='entypo-fontello' title='' data-avia-related-tooltip='Compartir en LinkedIn' rel=\"noopener\"><span class='avia_hidden_link_text'>Compartir en LinkedIn<\/span><\/a><\/li><li class='av-share-link av-social-link-mail' ><a  aria-label=\"Compartir por correo\" href='mailto:?subject=Dirigentes%20de%20Chacra%20G%20resaltan%20labor%20de%20diputado%20Calisto%20y%20critican%20a%20dirigente%20deportivo%20por%20politizar%20la%20causa&#038;body=https:\/\/radiorevelacionfm.cl\/?p=19062' aria-hidden='false' data-av_icon='\ue805' data-av_iconfont='entypo-fontello' title='' data-avia-related-tooltip='Compartir por correo'><span class='avia_hidden_link_text'>Compartir por correo<\/span><\/a><\/li><\/ul><\/div><\/div>\n<div  style='height:50px' class='hr hr-invisible   avia-builder-el-8  el_after_av_social_share  el_before_av_comments_list '><span class='hr-inner ' ><span class='hr-inner-style'><\/span><\/span><\/div>\n<div  class='av-buildercomment  av-blog-meta-html-info-disabled av-blog-meta-tag-disabled  '><\/div>\n","protected":false},"excerpt":{"rendered":"","protected":false},"author":1,"featured_media":19063,"comment_status":"open","ping_status":"open","sticky":false,"template":"","format":"standard","meta":{"footnotes":""},"categories":[35],"tags":[],"class_list":["post-19062","post","type-post","status-publish","format-standard","has-post-thumbnail","hentry","category-politica"],"jetpack_featured_media_url":"https:\/\/radiorevelacionfm.cl\/wp-content\/uploads\/2022\/07\/diputado-calisto_chacra-g-1_optimized-1.jpg","_links":{"self":[{"href":"https:\/\/radiorevelacionfm.cl\/index.php?rest_route=\/wp\/v2\/posts\/19062","targetHints":{"allow":["GET"]}}],"collection":[{"href":"https:\/\/radiorevelacionfm.cl\/index.php?rest_route=\/wp\/v2\/posts"}],"about":[{"href":"https:\/\/radiorevelacionfm.cl\/index.php?rest_route=\/wp\/v2\/types\/post"}],"author":[{"embeddable":true,"href":"https:\/\/radiorevelacionfm.cl\/index.php?rest_route=\/wp\/v2\/users\/1"}],"replies":[{"embeddable":true,"href":"https:\/\/radiorevelacionfm.cl\/index.php?rest_route=%2Fwp%2Fv2%2Fcomments&post=19062"}],"version-history":[{"count":3,"href":"https:\/\/radiorevelacionfm.cl\/index.php?rest_route=\/wp\/v2\/posts\/19062\/revisions"}],"predecessor-version":[{"id":19069,"href":"https:\/\/radiorevelacionfm.cl\/index.php?rest_route=\/wp\/v2\/posts\/19062\/revisions\/19069"}],"wp:featuredmedia":[{"embeddable":true,"href":"https:\/\/radiorevelacionfm.cl\/index.php?rest_route=\/wp\/v2\/media\/19063"}],"wp:attachment":[{"href":"https:\/\/radiorevelacionfm.cl\/index.php?rest_route=%2Fwp%2Fv2%2Fmedia&parent=19062"}],"wp:term":[{"taxonomy":"category","embeddable":true,"href":"https:\/\/radiorevelacionfm.cl\/index.php?rest_route=%2Fwp%2Fv2%2Fcategories&post=19062"},{"taxonomy":"post_tag","embeddable":true,"href":"https:\/\/radiorevelacionfm.cl\/index.php?rest_route=%2Fwp%2Fv2%2Ftags&post=19062"}],"curies":[{"name":"wp","href":"https:\/\/api.w.org\/{rel}","templated":true}]}}