{"id":19056,"date":"2022-07-11T18:26:30","date_gmt":"2022-07-11T21:26:30","guid":{"rendered":"https:\/\/radiorevelacionfm.cl\/?p=19056"},"modified":"2022-07-11T18:29:48","modified_gmt":"2022-07-11T21:29:48","slug":"parlamentarios-solicitan-reforzar-plan-de-contingencia-del-gobierno-para-enfrentar-crisis-de-conectividad-en-lago-general-carrera","status":"publish","type":"post","link":"https:\/\/radiorevelacionfm.cl\/?p=19056","title":{"rendered":"Parlamentarios solicitan reforzar plan de contingencia del Gobierno para enfrentar crisis de conectividad en Lago General Carrera"},"content":{"rendered":"<div class=\"flex_column av_one_full  flex_column_div av-zero-column-padding first  avia-builder-el-0  el_before_av_one_full  avia-builder-el-first  \" style='border-radius:0px; '><div  class='avia-image-container  av-styling-    avia-builder-el-1  avia-builder-el-no-sibling  avia-align-center '  itemprop=\"image\" itemscope=\"itemscope\" itemtype=\"https:\/\/schema.org\/ImageObject\"  ><div class='avia-image-container-inner'><div class='avia-image-overlay-wrap'><img decoding=\"async\" class='wp-image-19060 avia-img-lazy-loading-not-19060 avia_image' src=\"https:\/\/radiorevelacionfm.cl\/wp-content\/uploads\/2022\/07\/img_5452-1_optimized.jpg\" alt='' title='img_5452-(1)_optimized' height=\"600\" width=\"1006\"  itemprop=\"thumbnailUrl\" srcset=\"https:\/\/radiorevelacionfm.cl\/wp-content\/uploads\/2022\/07\/img_5452-1_optimized.jpg 1006w, https:\/\/radiorevelacionfm.cl\/wp-content\/uploads\/2022\/07\/img_5452-1_optimized-300x179.jpg 300w, https:\/\/radiorevelacionfm.cl\/wp-content\/uploads\/2022\/07\/img_5452-1_optimized-768x458.jpg 768w, https:\/\/radiorevelacionfm.cl\/wp-content\/uploads\/2022\/07\/img_5452-1_optimized-705x420.jpg 705w, https:\/\/radiorevelacionfm.cl\/wp-content\/uploads\/2022\/07\/img_5452-1_optimized-600x358.jpg 600w\" sizes=\"(max-width: 1006px) 100vw, 1006px\" \/><\/div><\/div><\/div><\/div><div class=\"flex_column av_one_full  flex_column_div av-zero-column-padding first  avia-builder-el-2  el_after_av_one_full  el_before_av_one_full  column-top-margin\" style='border-radius:0px; '><section class=\"av_textblock_section \"  itemscope=\"itemscope\" itemtype=\"https:\/\/schema.org\/BlogPosting\" itemprop=\"blogPost\" ><div class='avia_textblock  '   itemprop=\"text\" ><p style=\"text-align: center;\"><strong><span style=\"font-size: 18pt;\">Parlamentarios solicitan reforzar plan de contingencia del Gobierno para enfrentar crisis de conectividad en Lago General Carrera<\/span><\/strong><\/p>\n<div id=\"gtx-trans\" style=\"position: absolute; left: -50px; top: 4.31534px;\">\n<div class=\"gtx-trans-icon\"><\/div>\n<\/div>\n<\/div><\/section><\/div><\/p>\n<div class=\"flex_column av_one_full  flex_column_div av-zero-column-padding first  avia-builder-el-4  el_after_av_one_full  el_before_av_hr  column-top-margin\" style='border-radius:0px; '><section class=\"av_textblock_section \"  itemscope=\"itemscope\" itemtype=\"https:\/\/schema.org\/BlogPosting\" itemprop=\"blogPost\" ><div class='avia_textblock  '   itemprop=\"text\" ><p style=\"text-align: justify;\">Con el prop\u00f3sito de conocer el Plan de contingencia comprometido por el Gobierno para enfrentar la situaci\u00f3n de aislamiento que sufren los habitantes de la cuenca del Lago General Carrera, los parlamentarios de Ays\u00e9n se reunieron con el Delegado Presidencial Regional, Rodrigo Araya, en dependencias del MOP en Santiago, junto a equipos de Obras P\u00fablicas y del Ministerio de Transportes, como parte de los compromisos que adquiri\u00f3 el Ejecutivo con los congresistas durante la reuni\u00f3n que sostuvieron en Valpara\u00edso la semana pasada.<\/p>\n<p style=\"text-align: justify;\">Los senadores Ximena Ordenes y David Sandoval, junto a los diputados Marcia Raphael, Ren\u00e9 Alinco y Miguel \u00c1ngel Calisto reiteraron al Gobierno la urgencia de encontrar una soluci\u00f3n \u201csegura y definitiva\u201d a la situaci\u00f3n de aislamiento tras la falla del sistema de transporte lacustre del Lago General Carrera, que afecta principalmente a la comuna de Chile Chico y sus habitantes.<\/p>\n<p style=\"text-align: justify;\">En la reuni\u00f3n, el Gobierno expuso los detalles del plan de contingencia para enfrentar el problema de conectividad de la zona lacustre, que contempla un subsidio terrestre para el traslado de pasajeros a trav\u00e9s de la ruta internacional por el Paso Huemules, buscando duplicar los actuales 17 pasajeros por bus; un subsidio a\u00e9reo aumentando la frecuencia de vuelos y cantidad de pasajeros, as\u00ed como tambi\u00e9n, un subsidio lacustre para aumentar la frecuencia de la nave Chelenko mientras las naves Tehuelche y Pilchero se encuentren fuera de funcionamiento, entre otras medidas tendientes a la recuperaci\u00f3n de capacidad de traslado lacustre en la cuenca del General Carrera.<\/p>\n<p style=\"text-align: justify;\">Los parlamentarios de Ays\u00e9n manifestaron sus aprensiones por el Plan de Contingencia, y reiteraron la urgencia de una soluci\u00f3n definitiva para el problema de conectividad de Chile Chico.<\/p>\n<p style=\"text-align: justify;\">La senadora Ximena Ordenes manifest\u00f3 a los representantes del Gobierno \u201csu preocupaci\u00f3n, raz\u00f3n por la cual nos vamos a volver a reunir el pr\u00f3ximo d\u00eda lunes en las dependencias del Ministerio de Obras P\u00fablicas para seguir evaluando c\u00f3mo funciona el plan de contingencia y tener fechas claras respecto a lo que se ha informado\u201d.<\/p>\n<p style=\"text-align: justify;\">\u201cQuiero insistir y lo he repetido muchas veces, la situaci\u00f3n es insostenible, por eso hay 2 niveles: lo que se va a hacer ahora y, por supuesto, hay que trabajar una soluci\u00f3n definitiva que va m\u00e1s all\u00e1 de hablar de una nueva nave\u201d, sostuvo la senadora Ordenes.<\/p>\n<p style=\"text-align: justify;\">Sobre el Plan de Contingencia del Gobierno, la diputada Raphael dijo que \u201cefectivamente, se ha aumentado la frecuencia de los vuelos, pero solicitamos tambi\u00e9n aumentar el n\u00famero de pasajeros en cada vuelo, duplicar la oferta para que puedan las personas de Chile Chico trasladarse v\u00eda a\u00e9rea y v\u00eda terrestre. Tambi\u00e9n solicitamos aumentos en la capacidad de pasajeros, en vez de con 17 pasajeros puedes aumentar a 34. Quedaron con fecha pendiente para la pr\u00f3xima reuni\u00f3n, va a ser la pr\u00f3xima semana y ah\u00ed esperamos que nos entreguen fechas concretas\u201d.<\/p>\n<p style=\"text-align: justify;\">Por su parte, el diputado Miguel \u00c1ngel Calisto se\u00f1al\u00f3 que \u201cestamos muy preocupados, por eso nos hemos reunido junto a los parlamentarios las autoridades de gobierno para buscar soluciones a la crisis que viven los vecinos del Lago General Carrera producto de la falta de conectividad\u201d.<\/p>\n<p style=\"text-align: justify;\">Sobre la soluci\u00f3n terrestre, Calisto dijo esperar \u201cque no sea por Paso Huemules sino que sea por paso Palavicini, as\u00ed como tambi\u00e9n le hemos pedido que se aumente la cantidad de frecuencia de la Chelenko. Hoy d\u00eda toda la demanda que cubr\u00eda la Pilchero, lamentablemente, nadie lo est\u00e1 cubriendo y por eso nosotros esperamos que la Chelenko pueda tener mayores frecuencias, as\u00ed como tambi\u00e9n, le hemos pedido que se d\u00e9 una soluci\u00f3n definitiva al tema la barcaza. Nos han dicho que la Tehuelche va a comenzar a funcionar en diciembre y la Pilchero no tiene fecha a\u00fan, por lo tanto estamos preocupados y creemos que se tiene que buscar alternativas\u201d.<\/p>\n<p style=\"text-align: justify;\">A su vez, el diputado Ren\u00e9 Alinco dijo sentirse \u201cdefraudado de esta reuni\u00f3n, que para m\u00ed fue una verg\u00fcenza\u201d, sosteniendo que las propuestas del Gobierno, a su juicio, \u201cno van a solucionar el problema de conectividad, de fluidez ni de seguridad de nuestra gente\u201d.<\/p>\n<p style=\"text-align: justify;\">\u201cHago un llamado a la gente de Chile Chico, a la gente que ocupa permanentemente esta v\u00eda de comunicaci\u00f3n, a manifestarse porque ahora que el Gobierno Regional, el delegado, los representantes del Gobierno de Gabriel Boric, busquen soluciones definitivas para los aiseninos y aiseninas que hacen patria, soberan\u00eda, en la cuenca del Lago General Carrera. Es una verg\u00fcenza la propuesta que se nos hizo porque, aparte de seguir manteniendo una empresa irresponsable como la SOMARCO, hace un planes que van a pasar por Argentina, van a aumentar los vuelos pero eso no es la soluci\u00f3n para esta gente que necesita viajar permanentemente desde Chile Chico, para conectarse con el centro la regi\u00f3n\u201d, asegur\u00f3 el diputado Alinco.<\/p>\n<\/div><\/section><\/div>\n<div  style='height:50px' class='hr hr-invisible   avia-builder-el-6  el_after_av_one_full  el_before_av_social_share '><span class='hr-inner ' ><span class='hr-inner-style'><\/span><\/span><\/div>\n<div  class='av-social-sharing-box  avia-builder-el-7  el_after_av_hr  el_before_av_hr  '><div class='av-share-box'><h5 class='av-share-link-description av-no-toc '>Compartir esta noticia<\/h5><ul class='av-share-box-list noLightbox'><li class='av-share-link av-social-link-facebook' ><a target=\"_blank\" aria-label=\"Compartir en Facebook\" href='https:\/\/www.facebook.com\/sharer.php?u=https:\/\/radiorevelacionfm.cl\/?p=19056&#038;t=Parlamentarios%20solicitan%20reforzar%20plan%20de%20contingencia%20del%20Gobierno%20para%20enfrentar%20crisis%20de%20conectividad%20en%20Lago%20General%20Carrera' aria-hidden='false' data-av_icon='\ue8f3' data-av_iconfont='entypo-fontello' title='' data-avia-related-tooltip='Compartir en Facebook' rel=\"noopener\"><span class='avia_hidden_link_text'>Compartir en Facebook<\/span><\/a><\/li><li class='av-share-link av-social-link-twitter' ><a target=\"_blank\" aria-label=\"Compartir en Twitter\" href='https:\/\/twitter.com\/share?text=Parlamentarios%20solicitan%20reforzar%20plan%20de%20contingencia%20del%20Gobierno%20para%20enfrentar%20crisis%20de%20conectividad%20en%20Lago%20General%20Carrera&#038;url=https:\/\/radiorevelacionfm.cl\/?p=19056' aria-hidden='false' data-av_icon='\ue8f1' data-av_iconfont='entypo-fontello' title='' data-avia-related-tooltip='Compartir en Twitter' rel=\"noopener\"><span class='avia_hidden_link_text'>Compartir en Twitter<\/span><\/a><\/li><li class='av-share-link av-social-link-whatsapp' ><a target=\"_blank\" aria-label=\"Compartir en Whatsapp\" href='https:\/\/api.whatsapp.com\/send?text=https:\/\/radiorevelacionfm.cl\/?p=19056' aria-hidden='false' data-av_icon='\uf232' data-av_iconfont='entypo-fontello' title='' data-avia-related-tooltip='Compartir en Whatsapp' rel=\"noopener\"><span class='avia_hidden_link_text'>Compartir en Whatsapp<\/span><\/a><\/li><li class='av-share-link av-social-link-linkedin' ><a target=\"_blank\" aria-label=\"Compartir en LinkedIn\" href='https:\/\/linkedin.com\/shareArticle?mini=true&#038;title=Parlamentarios%20solicitan%20reforzar%20plan%20de%20contingencia%20del%20Gobierno%20para%20enfrentar%20crisis%20de%20conectividad%20en%20Lago%20General%20Carrera&#038;url=https:\/\/radiorevelacionfm.cl\/?p=19056' aria-hidden='false' data-av_icon='\ue8fc' data-av_iconfont='entypo-fontello' title='' data-avia-related-tooltip='Compartir en LinkedIn' rel=\"noopener\"><span class='avia_hidden_link_text'>Compartir en LinkedIn<\/span><\/a><\/li><li class='av-share-link av-social-link-mail' ><a  aria-label=\"Compartir por correo\" href='mailto:?subject=Parlamentarios%20solicitan%20reforzar%20plan%20de%20contingencia%20del%20Gobierno%20para%20enfrentar%20crisis%20de%20conectividad%20en%20Lago%20General%20Carrera&#038;body=https:\/\/radiorevelacionfm.cl\/?p=19056' aria-hidden='false' data-av_icon='\ue805' data-av_iconfont='entypo-fontello' title='' data-avia-related-tooltip='Compartir por correo'><span class='avia_hidden_link_text'>Compartir por correo<\/span><\/a><\/li><\/ul><\/div><\/div>\n<div  style='height:50px' class='hr hr-invisible   avia-builder-el-8  el_after_av_social_share  el_before_av_comments_list '><span class='hr-inner ' ><span class='hr-inner-style'><\/span><\/span><\/div>\n<div  class='av-buildercomment  av-blog-meta-html-info-disabled av-blog-meta-tag-disabled  '><\/div>\n","protected":false},"excerpt":{"rendered":"","protected":false},"author":1,"featured_media":19060,"comment_status":"open","ping_status":"open","sticky":false,"template":"","format":"standard","meta":{"footnotes":""},"categories":[35],"tags":[],"class_list":["post-19056","post","type-post","status-publish","format-standard","has-post-thumbnail","hentry","category-politica"],"jetpack_featured_media_url":"https:\/\/radiorevelacionfm.cl\/wp-content\/uploads\/2022\/07\/img_5452-1_optimized.jpg","_links":{"self":[{"href":"https:\/\/radiorevelacionfm.cl\/index.php?rest_route=\/wp\/v2\/posts\/19056","targetHints":{"allow":["GET"]}}],"collection":[{"href":"https:\/\/radiorevelacionfm.cl\/index.php?rest_route=\/wp\/v2\/posts"}],"about":[{"href":"https:\/\/radiorevelacionfm.cl\/index.php?rest_route=\/wp\/v2\/types\/post"}],"author":[{"embeddable":true,"href":"https:\/\/radiorevelacionfm.cl\/index.php?rest_route=\/wp\/v2\/users\/1"}],"replies":[{"embeddable":true,"href":"https:\/\/radiorevelacionfm.cl\/index.php?rest_route=%2Fwp%2Fv2%2Fcomments&post=19056"}],"version-history":[{"count":3,"href":"https:\/\/radiorevelacionfm.cl\/index.php?rest_route=\/wp\/v2\/posts\/19056\/revisions"}],"predecessor-version":[{"id":19059,"href":"https:\/\/radiorevelacionfm.cl\/index.php?rest_route=\/wp\/v2\/posts\/19056\/revisions\/19059"}],"wp:featuredmedia":[{"embeddable":true,"href":"https:\/\/radiorevelacionfm.cl\/index.php?rest_route=\/wp\/v2\/media\/19060"}],"wp:attachment":[{"href":"https:\/\/radiorevelacionfm.cl\/index.php?rest_route=%2Fwp%2Fv2%2Fmedia&parent=19056"}],"wp:term":[{"taxonomy":"category","embeddable":true,"href":"https:\/\/radiorevelacionfm.cl\/index.php?rest_route=%2Fwp%2Fv2%2Fcategories&post=19056"},{"taxonomy":"post_tag","embeddable":true,"href":"https:\/\/radiorevelacionfm.cl\/index.php?rest_route=%2Fwp%2Fv2%2Ftags&post=19056"}],"curies":[{"name":"wp","href":"https:\/\/api.w.org\/{rel}","templated":true}]}}