{"id":19052,"date":"2022-07-11T18:13:59","date_gmt":"2022-07-11T21:13:59","guid":{"rendered":"https:\/\/radiorevelacionfm.cl\/?p=19052"},"modified":"2022-07-11T18:13:59","modified_gmt":"2022-07-11T21:13:59","slug":"gobierno-amplia-plan-de-recuperacion-inclusiva-con-bono-chile-apoya-de-invierno-de-120-mil-pesos-y-otros-beneficios","status":"publish","type":"post","link":"https:\/\/radiorevelacionfm.cl\/?p=19052","title":{"rendered":"Gobierno ampl\u00eda Plan de Recuperaci\u00f3n Inclusiva con Bono Chile Apoya de Invierno de $120 mil pesos y otros beneficios"},"content":{"rendered":"<div class=\"flex_column av_one_full  flex_column_div av-zero-column-padding first  avia-builder-el-0  el_before_av_one_full  avia-builder-el-first  \" style='border-radius:0px; '><div  class='avia-image-container  av-styling-    avia-builder-el-1  avia-builder-el-no-sibling  avia-align-center '  itemprop=\"image\" itemscope=\"itemscope\" itemtype=\"https:\/\/schema.org\/ImageObject\"  ><div class='avia-image-container-inner'><div class='avia-image-overlay-wrap'><img decoding=\"async\" class='wp-image-19053 avia-img-lazy-loading-not-19053 avia_image' src=\"https:\/\/radiorevelacionfm.cl\/wp-content\/uploads\/2022\/07\/img_5870-1_optimized.jpg\" alt='' title='img_5870-(1)_optimized' height=\"600\" width=\"916\"  itemprop=\"thumbnailUrl\" srcset=\"https:\/\/radiorevelacionfm.cl\/wp-content\/uploads\/2022\/07\/img_5870-1_optimized.jpg 916w, https:\/\/radiorevelacionfm.cl\/wp-content\/uploads\/2022\/07\/img_5870-1_optimized-300x197.jpg 300w, https:\/\/radiorevelacionfm.cl\/wp-content\/uploads\/2022\/07\/img_5870-1_optimized-768x503.jpg 768w, https:\/\/radiorevelacionfm.cl\/wp-content\/uploads\/2022\/07\/img_5870-1_optimized-705x462.jpg 705w, https:\/\/radiorevelacionfm.cl\/wp-content\/uploads\/2022\/07\/img_5870-1_optimized-600x393.jpg 600w\" sizes=\"(max-width: 916px) 100vw, 916px\" \/><\/div><\/div><\/div><\/div><div class=\"flex_column av_one_full  flex_column_div av-zero-column-padding first  avia-builder-el-2  el_after_av_one_full  el_before_av_one_full  column-top-margin\" style='border-radius:0px; '><section class=\"av_textblock_section \"  itemscope=\"itemscope\" itemtype=\"https:\/\/schema.org\/BlogPosting\" itemprop=\"blogPost\" ><div class='avia_textblock  '   itemprop=\"text\" ><p style=\"text-align: center;\"><strong><span style=\"font-size: 18pt;\">Gobierno ampl\u00eda Plan de Recuperaci\u00f3n Inclusiva con Bono Chile Apoya de Invierno de $120 mil pesos y otros beneficios<\/span><\/strong><\/p>\n<div id=\"gtx-trans\" style=\"position: absolute; left: -50px; top: 4.31534px;\">\n<div class=\"gtx-trans-icon\"><\/div>\n<\/div>\n<\/div><\/section><\/div><div class=\"flex_column av_one_full  flex_column_div av-zero-column-padding first  avia-builder-el-4  el_after_av_one_full  el_before_av_hr  column-top-margin\" style='border-radius:0px; '><section class=\"av_textblock_section \"  itemscope=\"itemscope\" itemtype=\"https:\/\/schema.org\/BlogPosting\" itemprop=\"blogPost\" ><div class='avia_textblock  '   itemprop=\"text\" ><p style=\"font-weight: 400; text-align: justify;\">La ampliaci\u00f3n del Plan de Recuperaci\u00f3n Inclusiva Chile Apoya, ante el alza del costo de la vida, la generaci\u00f3n de empleos y alivio a sectores rezagados, determin\u00f3 el Gobierno, considerando el contexto internacional, su impacto en el pa\u00eds y en quienes est\u00e1n m\u00e1s afectados por la crisis, sin afectar nuestra responsabilidad fiscal.<\/p>\n<p style=\"font-weight: 400; text-align: justify;\">El anuncio del Presidente Gabriel Boric, implica otorgar el Bono Chile Apoya de Invierno de $120 mil; extender el IFE laboral hasta el \u00faltimo trimestre del a\u00f1o para facilitar el retorno al empleo formal de estas trabajadoras y trabajadores; extender el Permiso de Postnatal Parental por hasta 60 d\u00edas a quienes terminen su posnatal entre hoy 11 de julio y hasta el 30 de septiembre y ampliar las postulaciones al subsidio laboral Protege hasta fin de a\u00f1o.<\/p>\n<p style=\"font-weight: 400; text-align: justify;\">En el marco de un conjunto de actividades con distintos ministerios en Santiago, el Delegado Presidencial Regional de Ays\u00e9n, Rodrigo Araya Morales, indic\u00f3 que este Bono Chile Apoya de Invierno busca hacer frente al alza del costo de la vida, mediante un aporte de $120.000 pesos, pensado para enfrentar de mejor forma las alzas de elementos b\u00e1sicos como los alimentos y, en invierno, de la energ\u00eda y calefacci\u00f3n.<\/p>\n<p style=\"font-weight: 400; text-align: justify;\">\u201cHoy d\u00eda nuestro Presidente ha anunciado la ampliaci\u00f3n del Programa Chile Apoya en beneficio, justamente, de las personas que lo necesitan este invierno. Por eso es que una de las medidas m\u00e1s importante es este bono es 120.000\u00a0pesos, que va a paliar estas necesidades del invierno que tienen tantas familias en nuestro pa\u00eds. Es un proyecto de ley que se va a enviar al Congreso y esperamos el apoyo de todos los congresistas, de todos los parlamentarios, para que esto llegue lo antes posible a todas las personas que m\u00e1s lo necesitan\u201d, recalc\u00f3.<\/p>\n<p style=\"font-weight: 400; text-align: justify;\">El Bono Chile Apoya est\u00e1 dirigido a la poblaci\u00f3n que m\u00e1s lo necesita y que est\u00e1n en las redes de apoyo del Estado: causante de la asignaci\u00f3n familiar o Subsidio \u00danico Familiar y beneficiarios de Seguridades y Oportunidades, personas mayores beneficiarias del Bono de Invierno, beneficiarios del subsidio de discapacidad mental, del APS y PBS de invalidez y del bono al trabajo de la mujer.<\/p>\n<p style=\"font-weight: 400; text-align: justify;\">A ellos se suman, hogares que actualmente no reciben estos beneficios, pero que viven con un menor de edad, una persona mayor o personas en situaci\u00f3n dependencia severa, moderada o discapacidad funcional, pertenecientes al 60% m\u00e1s vulnerable del pa\u00eds. Esta medida requiere proyecto de ley el cual se ingresar\u00e1 esta semana por la C\u00e1mara de Diputados con discusi\u00f3n inmediata.<\/p>\n<p style=\"font-weight: 400; text-align: justify;\"><strong>Medidas cumplidas de Chile Apoya<\/strong><\/p>\n<p style=\"font-weight: 400; text-align: justify;\">Desde abril pasado, el Plan de Recuperaci\u00f3n Inclusiva Chile Apoya registra un 74% de las medidas anunciadas cumplidas y\/o en ejecuci\u00f3n, encontr\u00e1ndose entre las primeras de ellas:<\/p>\n<p style=\"font-weight: 400; text-align: justify;\">&#8211; Alcanzar este a\u00f1o un salario m\u00ednimo de $400 mil pesos que se concretar\u00e1 el pr\u00f3ximo 1 de agosto.<\/p>\n<p style=\"font-weight: 400; text-align: justify;\">&#8211; Inyecci\u00f3n de recursos para contenci\u00f3n del precio de la parafina, el petr\u00f3leo y la bencina (Mecanismo de Estabilizaci\u00f3n del Precio de los Combustibles, MEPCO, y mediante el Fondo de Estabilizaci\u00f3n de Precios del Petr\u00f3leo, FEPP).<\/p>\n<p style=\"font-weight: 400; text-align: justify;\">&#8211; Aumento del Salario M\u00ednimo y subsidio a la canasta b\u00e1sica de alimentos.<\/p>\n<p style=\"font-weight: 400; text-align: justify;\">&#8211; Aumento 15% Beca de Alimentaci\u00f3n para la Educaci\u00f3n Superior desde junio (Baes).<\/p>\n<p style=\"font-weight: 400; text-align: justify;\"><strong>\u00a0<\/strong><\/p>\n<p style=\"font-weight: 400; text-align: justify;\"><strong>Medidas en ejecuci\u00f3n de Chile Apoya<\/strong><\/p>\n<p style=\"font-weight: 400; text-align: justify;\">&#8211; Ampliaci\u00f3n del Subsidio Protege.<\/p>\n<p style=\"font-weight: 400; text-align: justify;\">&#8211; Ampliaci\u00f3n IFE laboral hasta septiembre, con foco en grupos prioritarios.<\/p>\n<p style=\"font-weight: 400; text-align: justify;\">&#8211; Apoyo agricultura familiar campesina y artesanal.<\/p>\n<p style=\"font-weight: 400; text-align: justify;\">&#8211; Aumento cobertura de programas CORFO y SERCOTEC.<\/p>\n<p style=\"font-weight: 400; text-align: justify;\">&#8211; Fortalecimiento del programa 4 a 7.<\/p>\n<p style=\"font-weight: 400; text-align: justify;\">&#8211; Bono trabajadores culturales.<\/p>\n<\/div><\/section><\/div><div  style='height:50px' class='hr hr-invisible   avia-builder-el-6  el_after_av_one_full  el_before_av_social_share '><span class='hr-inner ' ><span class='hr-inner-style'><\/span><\/span><\/div><\/p>\n<div  class='av-social-sharing-box  avia-builder-el-7  el_after_av_hr  el_before_av_hr  '><div class='av-share-box'><h5 class='av-share-link-description av-no-toc '>Compartir esta noticia<\/h5><ul class='av-share-box-list noLightbox'><li class='av-share-link av-social-link-facebook' ><a target=\"_blank\" aria-label=\"Compartir en Facebook\" href='https:\/\/www.facebook.com\/sharer.php?u=https:\/\/radiorevelacionfm.cl\/?p=19052&#038;t=Gobierno%20ampl%C3%ADa%20Plan%20de%20Recuperaci%C3%B3n%20Inclusiva%20con%20Bono%20Chile%20Apoya%20de%20Invierno%20de%20%24120%20mil%20pesos%20y%20otros%20beneficios' aria-hidden='false' data-av_icon='\ue8f3' data-av_iconfont='entypo-fontello' title='' data-avia-related-tooltip='Compartir en Facebook' rel=\"noopener\"><span class='avia_hidden_link_text'>Compartir en Facebook<\/span><\/a><\/li><li class='av-share-link av-social-link-twitter' ><a target=\"_blank\" aria-label=\"Compartir en Twitter\" href='https:\/\/twitter.com\/share?text=Gobierno%20ampl%C3%ADa%20Plan%20de%20Recuperaci%C3%B3n%20Inclusiva%20con%20Bono%20Chile%20Apoya%20de%20Invierno%20de%20%24120%20mil%20pesos%20y%20otros%20beneficios&#038;url=https:\/\/radiorevelacionfm.cl\/?p=19052' aria-hidden='false' data-av_icon='\ue8f1' data-av_iconfont='entypo-fontello' title='' data-avia-related-tooltip='Compartir en Twitter' rel=\"noopener\"><span class='avia_hidden_link_text'>Compartir en Twitter<\/span><\/a><\/li><li class='av-share-link av-social-link-whatsapp' ><a target=\"_blank\" aria-label=\"Compartir en Whatsapp\" href='https:\/\/api.whatsapp.com\/send?text=https:\/\/radiorevelacionfm.cl\/?p=19052' aria-hidden='false' data-av_icon='\uf232' data-av_iconfont='entypo-fontello' title='' data-avia-related-tooltip='Compartir en Whatsapp' rel=\"noopener\"><span class='avia_hidden_link_text'>Compartir en Whatsapp<\/span><\/a><\/li><li class='av-share-link av-social-link-linkedin' ><a target=\"_blank\" aria-label=\"Compartir en LinkedIn\" href='https:\/\/linkedin.com\/shareArticle?mini=true&#038;title=Gobierno%20ampl%C3%ADa%20Plan%20de%20Recuperaci%C3%B3n%20Inclusiva%20con%20Bono%20Chile%20Apoya%20de%20Invierno%20de%20%24120%20mil%20pesos%20y%20otros%20beneficios&#038;url=https:\/\/radiorevelacionfm.cl\/?p=19052' aria-hidden='false' data-av_icon='\ue8fc' data-av_iconfont='entypo-fontello' title='' data-avia-related-tooltip='Compartir en LinkedIn' rel=\"noopener\"><span class='avia_hidden_link_text'>Compartir en LinkedIn<\/span><\/a><\/li><li class='av-share-link av-social-link-mail' ><a  aria-label=\"Compartir por correo\" href='mailto:?subject=Gobierno%20ampl%C3%ADa%20Plan%20de%20Recuperaci%C3%B3n%20Inclusiva%20con%20Bono%20Chile%20Apoya%20de%20Invierno%20de%20%24120%20mil%20pesos%20y%20otros%20beneficios&#038;body=https:\/\/radiorevelacionfm.cl\/?p=19052' aria-hidden='false' data-av_icon='\ue805' data-av_iconfont='entypo-fontello' title='' data-avia-related-tooltip='Compartir por correo'><span class='avia_hidden_link_text'>Compartir por correo<\/span><\/a><\/li><\/ul><\/div><\/div>\n<div  style='height:50px' class='hr hr-invisible   avia-builder-el-8  el_after_av_social_share  el_before_av_comments_list '><span class='hr-inner ' ><span class='hr-inner-style'><\/span><\/span><\/div>\n<div  class='av-buildercomment  av-blog-meta-html-info-disabled av-blog-meta-tag-disabled  '><\/div>\n","protected":false},"excerpt":{"rendered":"","protected":false},"author":1,"featured_media":19053,"comment_status":"open","ping_status":"open","sticky":false,"template":"","format":"standard","meta":{"footnotes":""},"categories":[38],"tags":[],"class_list":["post-19052","post","type-post","status-publish","format-standard","has-post-thumbnail","hentry","category-regional"],"jetpack_featured_media_url":"https:\/\/radiorevelacionfm.cl\/wp-content\/uploads\/2022\/07\/img_5870-1_optimized.jpg","_links":{"self":[{"href":"https:\/\/radiorevelacionfm.cl\/index.php?rest_route=\/wp\/v2\/posts\/19052","targetHints":{"allow":["GET"]}}],"collection":[{"href":"https:\/\/radiorevelacionfm.cl\/index.php?rest_route=\/wp\/v2\/posts"}],"about":[{"href":"https:\/\/radiorevelacionfm.cl\/index.php?rest_route=\/wp\/v2\/types\/post"}],"author":[{"embeddable":true,"href":"https:\/\/radiorevelacionfm.cl\/index.php?rest_route=\/wp\/v2\/users\/1"}],"replies":[{"embeddable":true,"href":"https:\/\/radiorevelacionfm.cl\/index.php?rest_route=%2Fwp%2Fv2%2Fcomments&post=19052"}],"version-history":[{"count":2,"href":"https:\/\/radiorevelacionfm.cl\/index.php?rest_route=\/wp\/v2\/posts\/19052\/revisions"}],"predecessor-version":[{"id":19055,"href":"https:\/\/radiorevelacionfm.cl\/index.php?rest_route=\/wp\/v2\/posts\/19052\/revisions\/19055"}],"wp:featuredmedia":[{"embeddable":true,"href":"https:\/\/radiorevelacionfm.cl\/index.php?rest_route=\/wp\/v2\/media\/19053"}],"wp:attachment":[{"href":"https:\/\/radiorevelacionfm.cl\/index.php?rest_route=%2Fwp%2Fv2%2Fmedia&parent=19052"}],"wp:term":[{"taxonomy":"category","embeddable":true,"href":"https:\/\/radiorevelacionfm.cl\/index.php?rest_route=%2Fwp%2Fv2%2Fcategories&post=19052"},{"taxonomy":"post_tag","embeddable":true,"href":"https:\/\/radiorevelacionfm.cl\/index.php?rest_route=%2Fwp%2Fv2%2Ftags&post=19052"}],"curies":[{"name":"wp","href":"https:\/\/api.w.org\/{rel}","templated":true}]}}