{"id":19041,"date":"2022-07-11T10:37:56","date_gmt":"2022-07-11T13:37:56","guid":{"rendered":"https:\/\/radiorevelacionfm.cl\/?p=19041"},"modified":"2022-07-11T10:37:56","modified_gmt":"2022-07-11T13:37:56","slug":"asociacion-de-gobernadores-as-regionales-se-reune-con-el-comite-politico-del-presidente-gabriel-boric","status":"publish","type":"post","link":"https:\/\/radiorevelacionfm.cl\/?p=19041","title":{"rendered":"Asociaci\u00f3n de Gobernadores\/as Regionales se re\u00fane con el Comit\u00e9 Pol\u00edtico del Presidente Gabriel Boric"},"content":{"rendered":"<div class=\"flex_column av_one_full  flex_column_div av-zero-column-padding first  avia-builder-el-0  el_before_av_one_full  avia-builder-el-first  \" style='border-radius:0px; '><div  class='avia-image-container  av-styling-    avia-builder-el-1  avia-builder-el-no-sibling  avia-align-center '  itemprop=\"image\" itemscope=\"itemscope\" itemtype=\"https:\/\/schema.org\/ImageObject\"  ><div class='avia-image-container-inner'><div class='avia-image-overlay-wrap'><img decoding=\"async\" class='wp-image-19042 avia-img-lazy-loading-not-19042 avia_image' src=\"https:\/\/radiorevelacionfm.cl\/wp-content\/uploads\/2022\/07\/Foto-Gob2-1-1.jpeg\" alt='' title='Foto Gob2 (1) (1)' height=\"600\" width=\"901\"  itemprop=\"thumbnailUrl\" srcset=\"https:\/\/radiorevelacionfm.cl\/wp-content\/uploads\/2022\/07\/Foto-Gob2-1-1.jpeg 901w, https:\/\/radiorevelacionfm.cl\/wp-content\/uploads\/2022\/07\/Foto-Gob2-1-1-300x200.jpeg 300w, https:\/\/radiorevelacionfm.cl\/wp-content\/uploads\/2022\/07\/Foto-Gob2-1-1-768x511.jpeg 768w, https:\/\/radiorevelacionfm.cl\/wp-content\/uploads\/2022\/07\/Foto-Gob2-1-1-705x469.jpeg 705w, https:\/\/radiorevelacionfm.cl\/wp-content\/uploads\/2022\/07\/Foto-Gob2-1-1-600x400.jpeg 600w\" sizes=\"(max-width: 901px) 100vw, 901px\" \/><\/div><\/div><\/div><\/div><div class=\"flex_column av_one_full  flex_column_div av-zero-column-padding first  avia-builder-el-2  el_after_av_one_full  el_before_av_one_full  column-top-margin\" style='border-radius:0px; '><section class=\"av_textblock_section \"  itemscope=\"itemscope\" itemtype=\"https:\/\/schema.org\/BlogPosting\" itemprop=\"blogPost\" ><div class='avia_textblock  '   itemprop=\"text\" ><p style=\"text-align: center;\"><strong><span style=\"font-size: 18pt;\">Asociaci\u00f3n de Gobernadores\/as Regionales se re\u00fane con el Comit\u00e9 Pol\u00edtico del Presidente Gabriel Boric<\/span><\/strong><\/p>\n<div id=\"gtx-trans\" style=\"position: absolute; left: -50px; top: 4.31534px;\">\n<div class=\"gtx-trans-icon\"><\/div>\n<\/div>\n<\/div><\/section><\/div><div class=\"flex_column av_one_full  flex_column_div av-zero-column-padding first  avia-builder-el-4  el_after_av_one_full  el_before_av_hr  column-top-margin\" style='border-radius:0px; '><section class=\"av_textblock_section \"  itemscope=\"itemscope\" itemtype=\"https:\/\/schema.org\/BlogPosting\" itemprop=\"blogPost\" ><div class='avia_textblock  '   itemprop=\"text\" ><p style=\"text-align: justify;\">La Gobernadora Regional de Ays\u00e9n Andrea Mac\u00edas Palma, vicepresidenta de la Asociaci\u00f3n de Gobiernos Regionales, particip\u00f3 la semana pasada en una hist\u00f3rica reuni\u00f3n junto a los Ministros del Comit\u00e9 Pol\u00edtico del Gobierno del Presidente Gabriel Boric.<\/p>\n<p style=\"text-align: justify;\">El espacio de di\u00e1logo que se inici\u00f3, para la m\u00e1xima autoridad de la regi\u00f3n, da cuenta de una conversaci\u00f3n necesaria entre el Gobierno central y los Gobiernos Regionales con miras a establecer un camino com\u00fan en materia de descentralizaci\u00f3n.<\/p>\n<p style=\"text-align: justify;\">\u00abNos reunimos, adem\u00e1s, en esta fecha porque estamos proyectando el proceso de discusi\u00f3n presupuestaria donde valoramos de manera muy positiva que el Gobierno del Presidente Boric se re\u00fana de manera previa con los y las Gobernadoras Regionales para poder generar acuerdos en esta materia\u00bb, afirm\u00f3 la Gobernadora Mac\u00edas.<\/p>\n<p style=\"text-align: justify;\">Para los Gobiernos Regionales es vital agilizar todos los procedimientos con miras a la ejecuci\u00f3n presupuestaria y la cantidad de recursos disponibles. La Gobernadora al respecto, sostuvo: \u00abTenemos que tener claridad en la suficiencia de los recursos que requieren los Gobiernos Regionales tanto para su funcionamiento como para la inversi\u00f3n, y la autonom\u00eda en los gastos que permita efectivamente hacer una revisi\u00f3n de glosas que nos lleve a poder mejorar nuestros procedimientos y a poder atender a las demandas que existen hoy d\u00eda los territorios\u00bb.<\/p>\n<p style=\"text-align: justify;\">\u00abLos Gobiernos Regionales son el primer lugar al cu\u00e1l acceden los Municipios cuando la comunidad tiene una necesidad y, por lo tanto, el fortalecimiento de esta vinculaci\u00f3n s\u00f3lo redunda en un impacto positivo en las personas, para resolver aquellas situaciones que la resultan complejas\u00bb, afirm\u00f3.<\/p>\n<p style=\"text-align: justify;\">Finalmente, respecto al proceso de traspaso de competencias que se est\u00e1 trabajando en conjunto al Ejecutivo, la Gobernadora Mac\u00edas puntualiz\u00f3: \u00abSe ha realizado un an\u00e1lisis mucho m\u00e1s profundo donde hemos establecido que los Gobiernos Regionales pretendemos que se nos transfieran aquellas competencias o aquellos programas que necesitan tener una mirada mucho m\u00e1s territorial, una m\u00e1s cercana a lo que efectivamente las regiones van requiriendo en ese sentido, por ejemplo instrumentos de planificaci\u00f3n, instrumentos de fomento productivo, deben tener un fuerte componente territorial\u00bb.<\/p>\n<\/div><\/section><\/div><div  style='height:50px' class='hr hr-invisible   avia-builder-el-6  el_after_av_one_full  el_before_av_social_share '><span class='hr-inner ' ><span class='hr-inner-style'><\/span><\/span><\/div><\/p>\n<div  class='av-social-sharing-box  avia-builder-el-7  el_after_av_hr  el_before_av_hr  '><div class='av-share-box'><h5 class='av-share-link-description av-no-toc '>Compartir esta noticia<\/h5><ul class='av-share-box-list noLightbox'><li class='av-share-link av-social-link-facebook' ><a target=\"_blank\" aria-label=\"Compartir en Facebook\" href='https:\/\/www.facebook.com\/sharer.php?u=https:\/\/radiorevelacionfm.cl\/?p=19041&#038;t=Asociaci%C3%B3n%20de%20Gobernadores%2Fas%20Regionales%20se%20re%C3%BAne%20con%20el%20Comit%C3%A9%20Pol%C3%ADtico%20del%20Presidente%20Gabriel%20Boric' aria-hidden='false' data-av_icon='\ue8f3' data-av_iconfont='entypo-fontello' title='' data-avia-related-tooltip='Compartir en Facebook' rel=\"noopener\"><span class='avia_hidden_link_text'>Compartir en Facebook<\/span><\/a><\/li><li class='av-share-link av-social-link-twitter' ><a target=\"_blank\" aria-label=\"Compartir en Twitter\" href='https:\/\/twitter.com\/share?text=Asociaci%C3%B3n%20de%20Gobernadores%2Fas%20Regionales%20se%20re%C3%BAne%20con%20el%20Comit%C3%A9%20Pol%C3%ADtico%20del%20Presidente%20Gabriel%20Boric&#038;url=https:\/\/radiorevelacionfm.cl\/?p=19041' aria-hidden='false' data-av_icon='\ue8f1' data-av_iconfont='entypo-fontello' title='' data-avia-related-tooltip='Compartir en Twitter' rel=\"noopener\"><span class='avia_hidden_link_text'>Compartir en Twitter<\/span><\/a><\/li><li class='av-share-link av-social-link-whatsapp' ><a target=\"_blank\" aria-label=\"Compartir en Whatsapp\" href='https:\/\/api.whatsapp.com\/send?text=https:\/\/radiorevelacionfm.cl\/?p=19041' aria-hidden='false' data-av_icon='\uf232' data-av_iconfont='entypo-fontello' title='' data-avia-related-tooltip='Compartir en Whatsapp' rel=\"noopener\"><span class='avia_hidden_link_text'>Compartir en Whatsapp<\/span><\/a><\/li><li class='av-share-link av-social-link-linkedin' ><a target=\"_blank\" aria-label=\"Compartir en LinkedIn\" href='https:\/\/linkedin.com\/shareArticle?mini=true&#038;title=Asociaci%C3%B3n%20de%20Gobernadores%2Fas%20Regionales%20se%20re%C3%BAne%20con%20el%20Comit%C3%A9%20Pol%C3%ADtico%20del%20Presidente%20Gabriel%20Boric&#038;url=https:\/\/radiorevelacionfm.cl\/?p=19041' aria-hidden='false' data-av_icon='\ue8fc' data-av_iconfont='entypo-fontello' title='' data-avia-related-tooltip='Compartir en LinkedIn' rel=\"noopener\"><span class='avia_hidden_link_text'>Compartir en LinkedIn<\/span><\/a><\/li><li class='av-share-link av-social-link-mail' ><a  aria-label=\"Compartir por correo\" href='mailto:?subject=Asociaci%C3%B3n%20de%20Gobernadores%2Fas%20Regionales%20se%20re%C3%BAne%20con%20el%20Comit%C3%A9%20Pol%C3%ADtico%20del%20Presidente%20Gabriel%20Boric&#038;body=https:\/\/radiorevelacionfm.cl\/?p=19041' aria-hidden='false' data-av_icon='\ue805' data-av_iconfont='entypo-fontello' title='' data-avia-related-tooltip='Compartir por correo'><span class='avia_hidden_link_text'>Compartir por correo<\/span><\/a><\/li><\/ul><\/div><\/div>\n<div  style='height:50px' class='hr hr-invisible   avia-builder-el-8  el_after_av_social_share  el_before_av_comments_list '><span class='hr-inner ' ><span class='hr-inner-style'><\/span><\/span><\/div>\n<div  class='av-buildercomment  av-blog-meta-html-info-disabled av-blog-meta-tag-disabled  '><\/div>\n","protected":false},"excerpt":{"rendered":"","protected":false},"author":1,"featured_media":19042,"comment_status":"open","ping_status":"open","sticky":false,"template":"","format":"standard","meta":{"footnotes":""},"categories":[38],"tags":[],"class_list":["post-19041","post","type-post","status-publish","format-standard","has-post-thumbnail","hentry","category-regional"],"jetpack_featured_media_url":"https:\/\/radiorevelacionfm.cl\/wp-content\/uploads\/2022\/07\/Foto-Gob2-1-1.jpeg","_links":{"self":[{"href":"https:\/\/radiorevelacionfm.cl\/index.php?rest_route=\/wp\/v2\/posts\/19041","targetHints":{"allow":["GET"]}}],"collection":[{"href":"https:\/\/radiorevelacionfm.cl\/index.php?rest_route=\/wp\/v2\/posts"}],"about":[{"href":"https:\/\/radiorevelacionfm.cl\/index.php?rest_route=\/wp\/v2\/types\/post"}],"author":[{"embeddable":true,"href":"https:\/\/radiorevelacionfm.cl\/index.php?rest_route=\/wp\/v2\/users\/1"}],"replies":[{"embeddable":true,"href":"https:\/\/radiorevelacionfm.cl\/index.php?rest_route=%2Fwp%2Fv2%2Fcomments&post=19041"}],"version-history":[{"count":2,"href":"https:\/\/radiorevelacionfm.cl\/index.php?rest_route=\/wp\/v2\/posts\/19041\/revisions"}],"predecessor-version":[{"id":19046,"href":"https:\/\/radiorevelacionfm.cl\/index.php?rest_route=\/wp\/v2\/posts\/19041\/revisions\/19046"}],"wp:featuredmedia":[{"embeddable":true,"href":"https:\/\/radiorevelacionfm.cl\/index.php?rest_route=\/wp\/v2\/media\/19042"}],"wp:attachment":[{"href":"https:\/\/radiorevelacionfm.cl\/index.php?rest_route=%2Fwp%2Fv2%2Fmedia&parent=19041"}],"wp:term":[{"taxonomy":"category","embeddable":true,"href":"https:\/\/radiorevelacionfm.cl\/index.php?rest_route=%2Fwp%2Fv2%2Fcategories&post=19041"},{"taxonomy":"post_tag","embeddable":true,"href":"https:\/\/radiorevelacionfm.cl\/index.php?rest_route=%2Fwp%2Fv2%2Ftags&post=19041"}],"curies":[{"name":"wp","href":"https:\/\/api.w.org\/{rel}","templated":true}]}}