{"id":19037,"date":"2022-07-10T22:22:21","date_gmt":"2022-07-11T01:22:21","guid":{"rendered":"https:\/\/radiorevelacionfm.cl\/?p=19037"},"modified":"2022-07-10T22:22:21","modified_gmt":"2022-07-11T01:22:21","slug":"alertan-a-comerciantes-de-la-comuna-de-cisnes-ante-la-presencia-de-sujetos-que-estarian-realizando-estafas","status":"publish","type":"post","link":"https:\/\/radiorevelacionfm.cl\/?p=19037","title":{"rendered":"Alertan a comerciantes de la comuna de Cisnes ante la presencia de sujetos que estar\u00edan realizando estafas"},"content":{"rendered":"<div class=\"flex_column av_one_full  flex_column_div av-zero-column-padding first  avia-builder-el-0  el_before_av_one_full  avia-builder-el-first  \" style='border-radius:0px; '><div  class='avia-image-container  av-styling-    avia-builder-el-1  avia-builder-el-no-sibling  avia-align-center '  itemprop=\"image\" itemscope=\"itemscope\" itemtype=\"https:\/\/schema.org\/ImageObject\"  ><div class='avia-image-container-inner'><div class='avia-image-overlay-wrap'><img decoding=\"async\" class='wp-image-19038 avia-img-lazy-loading-not-19038 avia_image' src=\"https:\/\/radiorevelacionfm.cl\/wp-content\/uploads\/2022\/07\/NN10.07-1-1-1.jpg\" alt='' title='NN10.07 (1) (1) (1)' height=\"600\" width=\"1117\"  itemprop=\"thumbnailUrl\" srcset=\"https:\/\/radiorevelacionfm.cl\/wp-content\/uploads\/2022\/07\/NN10.07-1-1-1.jpg 1117w, https:\/\/radiorevelacionfm.cl\/wp-content\/uploads\/2022\/07\/NN10.07-1-1-1-300x161.jpg 300w, https:\/\/radiorevelacionfm.cl\/wp-content\/uploads\/2022\/07\/NN10.07-1-1-1-1030x553.jpg 1030w, https:\/\/radiorevelacionfm.cl\/wp-content\/uploads\/2022\/07\/NN10.07-1-1-1-768x413.jpg 768w, https:\/\/radiorevelacionfm.cl\/wp-content\/uploads\/2022\/07\/NN10.07-1-1-1-705x379.jpg 705w, https:\/\/radiorevelacionfm.cl\/wp-content\/uploads\/2022\/07\/NN10.07-1-1-1-600x322.jpg 600w\" sizes=\"(max-width: 1117px) 100vw, 1117px\" \/><\/div><\/div><\/div><\/div><div class=\"flex_column av_one_full  flex_column_div av-zero-column-padding first  avia-builder-el-2  el_after_av_one_full  el_before_av_one_full  column-top-margin\" style='border-radius:0px; '><section class=\"av_textblock_section \"  itemscope=\"itemscope\" itemtype=\"https:\/\/schema.org\/BlogPosting\" itemprop=\"blogPost\" ><div class='avia_textblock  '   itemprop=\"text\" ><p style=\"text-align: center;\"><strong><span style=\"font-size: 18pt;\">Alertan a comerciantes de la comuna de Cisnes ante la presencia de sujetos que estar\u00edan realizando estafas<\/span><\/strong><\/p>\n<div id=\"gtx-trans\" style=\"position: absolute; left: -50px; top: 4.31534px;\">\n<div class=\"gtx-trans-icon\"><\/div>\n<\/div>\n<\/div><\/section><\/div><div class=\"flex_column av_one_full  flex_column_div av-zero-column-padding first  avia-builder-el-4  el_after_av_one_full  el_before_av_hr  column-top-margin\" style='border-radius:0px; '><section class=\"av_textblock_section \"  itemscope=\"itemscope\" itemtype=\"https:\/\/schema.org\/BlogPosting\" itemprop=\"blogPost\" ><div class='avia_textblock  '   itemprop=\"text\" ><p style=\"text-align: justify;\">A trav\u00e9s de redes sociales, algunos comerciantes de la localidad de La Junta, alertaron a la comunidad sobre un par de sujetos que estar\u00edan cometiendo el delito de estafa. De esta situaci\u00f3n ya tom\u00f3 conocimiento Carabineros y se inform\u00f3 que las dos personas vendr\u00edan realizando la misma acci\u00f3n en otras zonas del pa\u00eds.<\/p>\n<p style=\"text-align: justify;\">\u201cNos enteramos nosotros de que m\u00e1s al norte vienen estas personas realizando estafas, ya se han realizado denuncias de estas personas en otras partes del norte del pa\u00eds, se vienen acercando y ese el llamado. Aqu\u00ed nosotros ya realizamos las consultas a la ciudadan\u00eda, a las cajas vecinas, los locales que se encuentran habilitados, en donde tambi\u00e9n se les dio a conocer y se alert\u00f3 de estas personas con las caracter\u00edsticas y la finalidad de prevenir que sean estafados\u201d, indic\u00f3 el Teniente de Carabineros, Diego Ortiz, de la Subcomisaria de Puerto Cisnes.<\/p>\n<p style=\"text-align: justify;\">El oficial de Carabineros, enfatiz\u00f3 en el llamado a la ciudadan\u00eda, \u201cel llamado es a preocuparse durante esta semana, a dar aviso, hacer p\u00fablico esto, para que no tengamos delitos de esta \u00edndole y evitar que m\u00e1s personas sean perjudicadas. Se da el aviso porque tambi\u00e9n se prev\u00e9 que sigan recorriendo la regi\u00f3n, si ya vienen desde el sector de La Junta, donde se hizo denuncia, la idea es mantenerse alerta porque probablemente se encuentren en Puerto Cisnes, si es que no pasaron a Puyuhuapi y lo m\u00e1s probable que pasen, como ha ocurrido en otras oportunidades que hemos visto casos as\u00ed, donde han pasado a la Villa Amengual. Posteriormente Ma\u00f1ihuales, Puerto Ays\u00e9n y se terminan recorriendo la regi\u00f3n, estafando a la gente\u201d.<\/p>\n<p style=\"text-align: justify;\">El Teniente Ortiz, insisti\u00f3 en el llamado a la comunidad y sobre todo a los comerciantes a estar muy atentos a las dos personas que est\u00e1n realizando el delito de estafa, que estar\u00edan recorriendo la comuna de Cisnes y la regi\u00f3n.<\/p>\n<\/div><\/section><\/div><div  style='height:50px' class='hr hr-invisible   avia-builder-el-6  el_after_av_one_full  el_before_av_social_share '><span class='hr-inner ' ><span class='hr-inner-style'><\/span><\/span><\/div><\/p>\n<div  class='av-social-sharing-box  avia-builder-el-7  el_after_av_hr  el_before_av_hr  '><div class='av-share-box'><h5 class='av-share-link-description av-no-toc '>Compartir esta noticia<\/h5><ul class='av-share-box-list noLightbox'><li class='av-share-link av-social-link-facebook' ><a target=\"_blank\" aria-label=\"Compartir en Facebook\" href='https:\/\/www.facebook.com\/sharer.php?u=https:\/\/radiorevelacionfm.cl\/?p=19037&#038;t=Alertan%20a%20comerciantes%20de%20la%20comuna%20de%20Cisnes%20ante%20la%20presencia%20de%20sujetos%20que%20estar%C3%ADan%20realizando%20estafas' aria-hidden='false' data-av_icon='\ue8f3' data-av_iconfont='entypo-fontello' title='' data-avia-related-tooltip='Compartir en Facebook' rel=\"noopener\"><span class='avia_hidden_link_text'>Compartir en Facebook<\/span><\/a><\/li><li class='av-share-link av-social-link-twitter' ><a target=\"_blank\" aria-label=\"Compartir en Twitter\" href='https:\/\/twitter.com\/share?text=Alertan%20a%20comerciantes%20de%20la%20comuna%20de%20Cisnes%20ante%20la%20presencia%20de%20sujetos%20que%20estar%C3%ADan%20realizando%20estafas&#038;url=https:\/\/radiorevelacionfm.cl\/?p=19037' aria-hidden='false' data-av_icon='\ue8f1' data-av_iconfont='entypo-fontello' title='' data-avia-related-tooltip='Compartir en Twitter' rel=\"noopener\"><span class='avia_hidden_link_text'>Compartir en Twitter<\/span><\/a><\/li><li class='av-share-link av-social-link-whatsapp' ><a target=\"_blank\" aria-label=\"Compartir en Whatsapp\" href='https:\/\/api.whatsapp.com\/send?text=https:\/\/radiorevelacionfm.cl\/?p=19037' aria-hidden='false' data-av_icon='\uf232' data-av_iconfont='entypo-fontello' title='' data-avia-related-tooltip='Compartir en Whatsapp' rel=\"noopener\"><span class='avia_hidden_link_text'>Compartir en Whatsapp<\/span><\/a><\/li><li class='av-share-link av-social-link-linkedin' ><a target=\"_blank\" aria-label=\"Compartir en LinkedIn\" href='https:\/\/linkedin.com\/shareArticle?mini=true&#038;title=Alertan%20a%20comerciantes%20de%20la%20comuna%20de%20Cisnes%20ante%20la%20presencia%20de%20sujetos%20que%20estar%C3%ADan%20realizando%20estafas&#038;url=https:\/\/radiorevelacionfm.cl\/?p=19037' aria-hidden='false' data-av_icon='\ue8fc' data-av_iconfont='entypo-fontello' title='' data-avia-related-tooltip='Compartir en LinkedIn' rel=\"noopener\"><span class='avia_hidden_link_text'>Compartir en LinkedIn<\/span><\/a><\/li><li class='av-share-link av-social-link-mail' ><a  aria-label=\"Compartir por correo\" href='mailto:?subject=Alertan%20a%20comerciantes%20de%20la%20comuna%20de%20Cisnes%20ante%20la%20presencia%20de%20sujetos%20que%20estar%C3%ADan%20realizando%20estafas&#038;body=https:\/\/radiorevelacionfm.cl\/?p=19037' aria-hidden='false' data-av_icon='\ue805' data-av_iconfont='entypo-fontello' title='' data-avia-related-tooltip='Compartir por correo'><span class='avia_hidden_link_text'>Compartir por correo<\/span><\/a><\/li><\/ul><\/div><\/div>\n<div  style='height:50px' class='hr hr-invisible   avia-builder-el-8  el_after_av_social_share  el_before_av_comments_list '><span class='hr-inner ' ><span class='hr-inner-style'><\/span><\/span><\/div>\n<div  class='av-buildercomment  av-blog-meta-html-info-disabled av-blog-meta-tag-disabled  '><\/div>\n","protected":false},"excerpt":{"rendered":"","protected":false},"author":1,"featured_media":19038,"comment_status":"open","ping_status":"open","sticky":false,"template":"","format":"standard","meta":{"footnotes":""},"categories":[36],"tags":[],"class_list":["post-19037","post","type-post","status-publish","format-standard","has-post-thumbnail","hentry","category-policial"],"jetpack_featured_media_url":"https:\/\/radiorevelacionfm.cl\/wp-content\/uploads\/2022\/07\/NN10.07-1-1-1.jpg","_links":{"self":[{"href":"https:\/\/radiorevelacionfm.cl\/index.php?rest_route=\/wp\/v2\/posts\/19037","targetHints":{"allow":["GET"]}}],"collection":[{"href":"https:\/\/radiorevelacionfm.cl\/index.php?rest_route=\/wp\/v2\/posts"}],"about":[{"href":"https:\/\/radiorevelacionfm.cl\/index.php?rest_route=\/wp\/v2\/types\/post"}],"author":[{"embeddable":true,"href":"https:\/\/radiorevelacionfm.cl\/index.php?rest_route=\/wp\/v2\/users\/1"}],"replies":[{"embeddable":true,"href":"https:\/\/radiorevelacionfm.cl\/index.php?rest_route=%2Fwp%2Fv2%2Fcomments&post=19037"}],"version-history":[{"count":2,"href":"https:\/\/radiorevelacionfm.cl\/index.php?rest_route=\/wp\/v2\/posts\/19037\/revisions"}],"predecessor-version":[{"id":19040,"href":"https:\/\/radiorevelacionfm.cl\/index.php?rest_route=\/wp\/v2\/posts\/19037\/revisions\/19040"}],"wp:featuredmedia":[{"embeddable":true,"href":"https:\/\/radiorevelacionfm.cl\/index.php?rest_route=\/wp\/v2\/media\/19038"}],"wp:attachment":[{"href":"https:\/\/radiorevelacionfm.cl\/index.php?rest_route=%2Fwp%2Fv2%2Fmedia&parent=19037"}],"wp:term":[{"taxonomy":"category","embeddable":true,"href":"https:\/\/radiorevelacionfm.cl\/index.php?rest_route=%2Fwp%2Fv2%2Fcategories&post=19037"},{"taxonomy":"post_tag","embeddable":true,"href":"https:\/\/radiorevelacionfm.cl\/index.php?rest_route=%2Fwp%2Fv2%2Ftags&post=19037"}],"curies":[{"name":"wp","href":"https:\/\/api.w.org\/{rel}","templated":true}]}}