{"id":19031,"date":"2022-07-11T10:23:21","date_gmt":"2022-07-11T13:23:21","guid":{"rendered":"https:\/\/radiorevelacionfm.cl\/?p=19031"},"modified":"2022-07-11T10:35:27","modified_gmt":"2022-07-11T13:35:27","slug":"core-aysen-aprueba-presupuesto-fndr-2023-pese-a-observaciones-de-alcaldes","status":"publish","type":"post","link":"https:\/\/radiorevelacionfm.cl\/?p=19031","title":{"rendered":"Core Ays\u00e9n aprueba presupuesto FNDR 2023 pese a observaciones de Alcaldes"},"content":{"rendered":"<div class=\"flex_column av_one_full  flex_column_div av-zero-column-padding first  avia-builder-el-0  el_before_av_one_full  avia-builder-el-first  \" style='border-radius:0px; '><div  class='avia-image-container  av-styling-    avia-builder-el-1  avia-builder-el-no-sibling  avia-align-center '  itemprop=\"image\" itemscope=\"itemscope\" itemtype=\"https:\/\/schema.org\/ImageObject\"  ><div class='avia-image-container-inner'><div class='avia-image-overlay-wrap'><img decoding=\"async\" class='wp-image-19032 avia-img-lazy-loading-not-19032 avia_image' src=\"https:\/\/radiorevelacionfm.cl\/wp-content\/uploads\/2022\/07\/foto-core-1_optimized.jpeg\" alt='' title='foto-core-(1)_optimized' height=\"600\" width=\"1144\"  itemprop=\"thumbnailUrl\" srcset=\"https:\/\/radiorevelacionfm.cl\/wp-content\/uploads\/2022\/07\/foto-core-1_optimized.jpeg 1144w, https:\/\/radiorevelacionfm.cl\/wp-content\/uploads\/2022\/07\/foto-core-1_optimized-300x157.jpeg 300w, https:\/\/radiorevelacionfm.cl\/wp-content\/uploads\/2022\/07\/foto-core-1_optimized-1030x540.jpeg 1030w, https:\/\/radiorevelacionfm.cl\/wp-content\/uploads\/2022\/07\/foto-core-1_optimized-768x403.jpeg 768w, https:\/\/radiorevelacionfm.cl\/wp-content\/uploads\/2022\/07\/foto-core-1_optimized-705x370.jpeg 705w, https:\/\/radiorevelacionfm.cl\/wp-content\/uploads\/2022\/07\/foto-core-1_optimized-600x315.jpeg 600w\" sizes=\"(max-width: 1144px) 100vw, 1144px\" \/><\/div><\/div><\/div><\/div>\n<div class=\"flex_column av_one_full  flex_column_div av-zero-column-padding first  avia-builder-el-2  el_after_av_one_full  el_before_av_one_full  column-top-margin\" style='border-radius:0px; '><section class=\"av_textblock_section \"  itemscope=\"itemscope\" itemtype=\"https:\/\/schema.org\/BlogPosting\" itemprop=\"blogPost\" ><div class='avia_textblock  '   itemprop=\"text\" ><p style=\"text-align: center;\"><strong><span style=\"font-size: 18pt;\">Core Ays\u00e9n aprueba presupuesto FNDR 2023 pese a observaciones de Alcaldes<\/span><\/strong><\/p>\n<div id=\"gtx-trans\" style=\"position: absolute; left: -50px; top: 4.31534px;\">\n<div class=\"gtx-trans-icon\"><\/div>\n<\/div>\n<\/div><\/section><\/div><div class=\"flex_column av_one_full  flex_column_div av-zero-column-padding first  avia-builder-el-4  el_after_av_one_full  el_before_av_hr  column-top-margin\" style='border-radius:0px; '><section class=\"av_textblock_section \"  itemscope=\"itemscope\" itemtype=\"https:\/\/schema.org\/BlogPosting\" itemprop=\"blogPost\" ><div class='avia_textblock  '   itemprop=\"text\" ><p style=\"font-weight: 400; text-align: justify;\">Este martes 5 de julio, alcaldes de la Regi\u00f3n de Ays\u00e9n, participaron en la Comisi\u00f3n Ampliada de Presupuesto e Inversi\u00f3n, junto a Concejeros Regionales (CORE), con el objetivo de revisar el presupuesto 2023 del Gobierno Regional destinado para el Fondo Nacional de Desarrollo Regional (FNDR), el cual fue aprobado pese a observaciones.<\/p>\n<p style=\"font-weight: 400; text-align: justify;\">Manteniendo las cifras del a\u00f1o anterior, este martes fue aprobado por el Concejo Regional el presupuesto FNDR de Ays\u00e9n del a\u00f1o 2023, el cual bordea los $64.000 millones, a pesar de los alcances realizados por algunos alcaldes de la Regi\u00f3n, quienes fueron invitados para dar a conocer desde una visi\u00f3n territorial, la importancia de este fondo para el desarrollo local y las necesidades que no han logrado ser cubiertas con el actual presupuesto 2022.<\/p>\n<p style=\"font-weight: 400; text-align: justify;\">En esta sesi\u00f3n estuvieron presentes los alcaldes y\/o representantes de las comunas de R\u00edo Ib\u00e1\u00f1ez, Puerto Cisnes, Guaitecas, Lago Verde y Tortel; comunas que comparten una serie de problem\u00e1ticas a la hora de desarrollar proyectos \u201ccomo alcaldes destacamos la necesidad que tenemos de financiar las iniciativas de los municipios que est\u00e1n recomendadas, que tienen RS y que pasaron por todas las etapas de revisi\u00f3n, pero que a\u00fan no tienen financiamiento\u201d afirm\u00f3 el alcalde de la comuna de R\u00edo Ib\u00e1\u00f1ez y presidente de la AREMU, Marcelo Santana Vargas.<\/p>\n<p style=\"font-weight: 400; text-align: justify;\">Una cr\u00edtica que se suma a la observaci\u00f3n realizada por el alcalde de la comuna de Guaitecas, Marcos Silva Miranda, quien se refiri\u00f3 sobre los largos tiempos de espera para la revisi\u00f3n y evaluaci\u00f3n de proyectos \u201chay que mejorar ciertos aspectos dentro del Gobierno Regional, como agilizar la revisi\u00f3n de los proyectos que se presentan y que exista un mayor compromiso de los profesionales que est\u00e1n a cargo de revisar las iniciativas de los 10 municipios de la Regi\u00f3n. Esto es lo que permite avanzar en materias de desarrollo de las comunas\u201d se\u00f1al\u00f3.<\/p>\n<p style=\"font-weight: 400; text-align: justify;\">A estas observaciones se suma una necesidad transversal entre los municipios m\u00e1s peque\u00f1os de la Regi\u00f3n, que es la falta de asistencias t\u00e9cnicas, es decir, de profesionales que puedan levantar iniciativas y proyectos, \u201cas\u00ed como tambi\u00e9n los recursos necesarios para ir abordando paulatinamente la necesidad de planes reguladores comunales, planes intercomunales reguladores dentro de nuestra Regi\u00f3n\u201d agreg\u00f3 el alcalde Marcelo Santana.<\/p>\n<p style=\"font-weight: 400; text-align: justify;\">El FNDR es un importante sost\u00e9n econ\u00f3mico para el desarrollo de proyectos en materia de infraestructura y conectividad, el cual los alcaldes esperan, sea complementado con un financiamiento adicional del presupuesto del Plan de Desarrollo de Zonas Extremas (PEDZE), dado que el actual presupuesto no present\u00f3 un aumento respecto al a\u00f1o anterior.<\/p>\n<\/div><\/section><\/div><\/p>\n<div  style='height:50px' class='hr hr-invisible   avia-builder-el-6  el_after_av_one_full  el_before_av_social_share '><span class='hr-inner ' ><span class='hr-inner-style'><\/span><\/span><\/div>\n<div  class='av-social-sharing-box  avia-builder-el-7  el_after_av_hr  el_before_av_hr  '><div class='av-share-box'><h5 class='av-share-link-description av-no-toc '>Compartir esta noticia<\/h5><ul class='av-share-box-list noLightbox'><li class='av-share-link av-social-link-facebook' ><a target=\"_blank\" aria-label=\"Compartir en Facebook\" href='https:\/\/www.facebook.com\/sharer.php?u=https:\/\/radiorevelacionfm.cl\/?p=19031&#038;t=Core%20Ays%C3%A9n%20aprueba%20presupuesto%20FNDR%202023%20pese%20a%20observaciones%20de%20Alcaldes' aria-hidden='false' data-av_icon='\ue8f3' data-av_iconfont='entypo-fontello' title='' data-avia-related-tooltip='Compartir en Facebook' rel=\"noopener\"><span class='avia_hidden_link_text'>Compartir en Facebook<\/span><\/a><\/li><li class='av-share-link av-social-link-twitter' ><a target=\"_blank\" aria-label=\"Compartir en Twitter\" href='https:\/\/twitter.com\/share?text=Core%20Ays%C3%A9n%20aprueba%20presupuesto%20FNDR%202023%20pese%20a%20observaciones%20de%20Alcaldes&#038;url=https:\/\/radiorevelacionfm.cl\/?p=19031' aria-hidden='false' data-av_icon='\ue8f1' data-av_iconfont='entypo-fontello' title='' data-avia-related-tooltip='Compartir en Twitter' rel=\"noopener\"><span class='avia_hidden_link_text'>Compartir en Twitter<\/span><\/a><\/li><li class='av-share-link av-social-link-whatsapp' ><a target=\"_blank\" aria-label=\"Compartir en Whatsapp\" href='https:\/\/api.whatsapp.com\/send?text=https:\/\/radiorevelacionfm.cl\/?p=19031' aria-hidden='false' data-av_icon='\uf232' data-av_iconfont='entypo-fontello' title='' data-avia-related-tooltip='Compartir en Whatsapp' rel=\"noopener\"><span class='avia_hidden_link_text'>Compartir en Whatsapp<\/span><\/a><\/li><li class='av-share-link av-social-link-linkedin' ><a target=\"_blank\" aria-label=\"Compartir en LinkedIn\" href='https:\/\/linkedin.com\/shareArticle?mini=true&#038;title=Core%20Ays%C3%A9n%20aprueba%20presupuesto%20FNDR%202023%20pese%20a%20observaciones%20de%20Alcaldes&#038;url=https:\/\/radiorevelacionfm.cl\/?p=19031' aria-hidden='false' data-av_icon='\ue8fc' data-av_iconfont='entypo-fontello' title='' data-avia-related-tooltip='Compartir en LinkedIn' rel=\"noopener\"><span class='avia_hidden_link_text'>Compartir en LinkedIn<\/span><\/a><\/li><li class='av-share-link av-social-link-mail' ><a  aria-label=\"Compartir por correo\" href='mailto:?subject=Core%20Ays%C3%A9n%20aprueba%20presupuesto%20FNDR%202023%20pese%20a%20observaciones%20de%20Alcaldes&#038;body=https:\/\/radiorevelacionfm.cl\/?p=19031' aria-hidden='false' data-av_icon='\ue805' data-av_iconfont='entypo-fontello' title='' data-avia-related-tooltip='Compartir por correo'><span class='avia_hidden_link_text'>Compartir por correo<\/span><\/a><\/li><\/ul><\/div><\/div>\n<div  style='height:50px' class='hr hr-invisible   avia-builder-el-8  el_after_av_social_share  el_before_av_comments_list '><span class='hr-inner ' ><span class='hr-inner-style'><\/span><\/span><\/div>\n<div  class='av-buildercomment  av-blog-meta-html-info-disabled av-blog-meta-tag-disabled  '><\/div>\n","protected":false},"excerpt":{"rendered":"","protected":false},"author":1,"featured_media":19032,"comment_status":"open","ping_status":"open","sticky":false,"template":"","format":"standard","meta":{"footnotes":""},"categories":[38],"tags":[],"class_list":["post-19031","post","type-post","status-publish","format-standard","has-post-thumbnail","hentry","category-regional"],"jetpack_featured_media_url":"https:\/\/radiorevelacionfm.cl\/wp-content\/uploads\/2022\/07\/foto-core-1_optimized.jpeg","_links":{"self":[{"href":"https:\/\/radiorevelacionfm.cl\/index.php?rest_route=\/wp\/v2\/posts\/19031","targetHints":{"allow":["GET"]}}],"collection":[{"href":"https:\/\/radiorevelacionfm.cl\/index.php?rest_route=\/wp\/v2\/posts"}],"about":[{"href":"https:\/\/radiorevelacionfm.cl\/index.php?rest_route=\/wp\/v2\/types\/post"}],"author":[{"embeddable":true,"href":"https:\/\/radiorevelacionfm.cl\/index.php?rest_route=\/wp\/v2\/users\/1"}],"replies":[{"embeddable":true,"href":"https:\/\/radiorevelacionfm.cl\/index.php?rest_route=%2Fwp%2Fv2%2Fcomments&post=19031"}],"version-history":[{"count":3,"href":"https:\/\/radiorevelacionfm.cl\/index.php?rest_route=\/wp\/v2\/posts\/19031\/revisions"}],"predecessor-version":[{"id":19044,"href":"https:\/\/radiorevelacionfm.cl\/index.php?rest_route=\/wp\/v2\/posts\/19031\/revisions\/19044"}],"wp:featuredmedia":[{"embeddable":true,"href":"https:\/\/radiorevelacionfm.cl\/index.php?rest_route=\/wp\/v2\/media\/19032"}],"wp:attachment":[{"href":"https:\/\/radiorevelacionfm.cl\/index.php?rest_route=%2Fwp%2Fv2%2Fmedia&parent=19031"}],"wp:term":[{"taxonomy":"category","embeddable":true,"href":"https:\/\/radiorevelacionfm.cl\/index.php?rest_route=%2Fwp%2Fv2%2Fcategories&post=19031"},{"taxonomy":"post_tag","embeddable":true,"href":"https:\/\/radiorevelacionfm.cl\/index.php?rest_route=%2Fwp%2Fv2%2Ftags&post=19031"}],"curies":[{"name":"wp","href":"https:\/\/api.w.org\/{rel}","templated":true}]}}