{"id":1903,"date":"2021-01-18T19:11:48","date_gmt":"2021-01-18T22:11:48","guid":{"rendered":"https:\/\/radiorevelacionfm.cl\/?p=1903"},"modified":"2021-01-18T19:11:48","modified_gmt":"2021-01-18T22:11:48","slug":"adultos-mayores-de-zonas-rurales-reciben-telefonos-de-la-fundacion-conecta-mayor","status":"publish","type":"post","link":"https:\/\/radiorevelacionfm.cl\/?p=1903","title":{"rendered":"Adultos Mayores de zonas rurales reciben tel\u00e9fonos de la fundaci\u00f3n \u201cConecta Mayor\u201d"},"content":{"rendered":"<div class=\"flex_column av_one_full  flex_column_div av-zero-column-padding first  avia-builder-el-0  el_before_av_one_full  avia-builder-el-first  \" style='border-radius:0px; '><div  class='avia-image-container  av-styling-    avia-builder-el-1  avia-builder-el-no-sibling  avia-align-center '  itemprop=\"image\" itemscope=\"itemscope\" itemtype=\"https:\/\/schema.org\/ImageObject\"  ><div class='avia-image-container-inner'><div class='avia-image-overlay-wrap'><img decoding=\"async\" class='wp-image-0 avia-img-lazy-loading-not-0 avia_image' src=\"https:\/\/radiorevelacionfm.cl\/wp-content\/uploads\/2021\/01\/CONECTA-MAYOR-3.jpeg\" alt='' title=''   itemprop=\"thumbnailUrl\"  \/><\/div><\/div><\/div><\/div><div class=\"flex_column av_one_full  flex_column_div av-zero-column-padding first  avia-builder-el-2  el_after_av_one_full  el_before_av_one_full  column-top-margin\" style='border-radius:0px; '><section class=\"av_textblock_section \"  itemscope=\"itemscope\" itemtype=\"https:\/\/schema.org\/BlogPosting\" itemprop=\"blogPost\" ><div class='avia_textblock  '   itemprop=\"text\" ><p style=\"text-align: center;\"><span style=\"font-size: 18pt;\"><strong>Adultos Mayores de zonas rurales reciben tel\u00e9fonos de la fundaci\u00f3n \u201cConecta Mayor\u201d<\/strong><\/span><\/p>\n<div id=\"gtx-trans\" style=\"position: absolute; left: -50px; top: 4.31534px;\">\n<div class=\"gtx-trans-icon\"><\/div>\n<\/div>\n<\/div><\/section><\/div><div class=\"flex_column av_one_full  flex_column_div av-zero-column-padding first  avia-builder-el-4  el_after_av_one_full  el_before_av_hr  column-top-margin\" style='border-radius:0px; '><section class=\"av_textblock_section \"  itemscope=\"itemscope\" itemtype=\"https:\/\/schema.org\/BlogPosting\" itemprop=\"blogPost\" ><div class='avia_textblock  '   itemprop=\"text\" ><p style=\"text-align: justify;\">Adultos y Adultas Mayores de Mall\u00edn Grande, sector el Viviano, Fachinal y de otras zonas rurales del interior de Chile Chico, resultaron beneficiados con tel\u00e9fonos inteligentes para mantener contacto con sus familiares y tener a su disposici\u00f3n, por ejemplo, conexi\u00f3n directa con organismos de emergencia.<\/p>\n<p style=\"text-align: justify;\">Este apoyo se logr\u00f3 despu\u00e9s del desarrollo de la campa\u00f1a \u201cVamos Chilenos\u201d y que ahora la fundaci\u00f3n \u201cConecta Mayor\u201d se encuentra ejecutando con la colaboraci\u00f3n de las Municipalidades. Haciendo entrega y capacitando a las personas en la utilizaci\u00f3n de esta herramienta tecnol\u00f3gica.<\/p>\n<p style=\"text-align: justify;\">Paola Gonz\u00e1lez, es funcionaria del Municipio de Chile Chico y quien est\u00e1 a cargo de hacer llegar los equipos a los beneficiarios y beneficiarias.<\/p>\n<p style=\"text-align: justify;\">\u201cLa Fundaci\u00f3n Conecta Mayor, a trav\u00e9s de la Municipalidad de Chile Chico hace entrega de tel\u00e9fonos inteligentes, marca Samsung, los que vienen con chip, conectividad, con plan de llamadas e internet, todo por un a\u00f1o. Por cualquier cosa ellos tienen el instructivo, los tel\u00e9fonos vienen con aplicaciones instaladas de f\u00e1cil acceso para el adulto mayor, con iconos grandes. Aparte de eso, se les entregan dos kit de insumos, ahora, le entregamos el primero y a fines de mes llega el segundo, adem\u00e1s, se les ense\u00f1\u00f3 a usar los tel\u00e9fonos, para que puedan, por ejemplo, realizar video llamadas con sus familiares que est\u00e9n lejos\u201d.<\/p>\n<p style=\"text-align: justify;\">Noel Ulloa del sector de Fachinal es uno de los beneficiados con estos art\u00edculos de comunicaci\u00f3n y se\u00f1al\u00f3 que, \u201cpara m\u00ed es muy bueno, porque en realidad en esta zona estamos un poco aislados, pero se nos va ablandando el peso de la carga que tenemos. Estoy agradecido del personal de la Municipalidad, todos ponen un granito de arena para esto\u201d.<\/p>\n<p style=\"text-align: justify;\">La vecina de Mall\u00edn Grande, Teresa D\u00edaz, se mostr\u00f3 sorprendida al ser beneficiada con este apoyo. \u201cS\u00faper bien, no me lo esperaba, el tel\u00e9fono que tengo era bastante viejito, estaba fallando un poco, as\u00ed es que, esto me viene muy bien. Me voy a ahorrar un a\u00f1o de tel\u00e9fono, eso es lo m\u00e1s importante, por ello, muy agradecida y la verdad no lo esperaba\u201d.<\/p>\n<p style=\"text-align: justify;\">\u201cEl Viviano\u201d es un sector de muy dif\u00edcil acceso, pero de gran belleza natural, es en ese lugar donde vive don Laureano Espinoza, quien agradeci\u00f3 el beneficio que le permitir\u00e1 estar comunicado con sus seres queridos. \u201cEs algo importante lo que est\u00e1n haciendo, es algo para felicitar, porque a veces quedamos incomunicados y nos complica un poco la vida. Pero ahora estamos m\u00e1s comunicados con este tel\u00e9fono, se valora tambi\u00e9n la visita del Alcalde, as\u00ed es que esto es importante para nosotros\u201d.<\/p>\n<p style=\"text-align: justify;\">Es importante mencionar que, cada adulto mayor beneficiado con el tel\u00e9fono recibi\u00f3 una clara y sencilla capacitaci\u00f3n para utilizar el m\u00f3vil, saber lo que contiene y poder conectarse con sus familiares mediante video llamada.<\/p>\n<\/div><\/section><\/div><div  style='height:50px' class='hr hr-invisible   avia-builder-el-6  el_after_av_one_full  el_before_av_social_share '><span class='hr-inner ' ><span class='hr-inner-style'><\/span><\/span><\/div><\/p>\n<div  class='av-social-sharing-box  avia-builder-el-7  el_after_av_hr  el_before_av_hr  '><div class='av-share-box'><h5 class='av-share-link-description av-no-toc '>Compartir esta noticia<\/h5><ul class='av-share-box-list noLightbox'><li class='av-share-link av-social-link-facebook' ><a target=\"_blank\" aria-label=\"Compartir en Facebook\" href='https:\/\/www.facebook.com\/sharer.php?u=https:\/\/radiorevelacionfm.cl\/?p=1903&#038;t=Adultos%20Mayores%20de%20zonas%20rurales%20reciben%20tel%C3%A9fonos%20de%20la%20fundaci%C3%B3n%20%E2%80%9CConecta%20Mayor%E2%80%9D' aria-hidden='false' data-av_icon='\ue8f3' data-av_iconfont='entypo-fontello' title='' data-avia-related-tooltip='Compartir en Facebook' rel=\"noopener\"><span class='avia_hidden_link_text'>Compartir en Facebook<\/span><\/a><\/li><li class='av-share-link av-social-link-twitter' ><a target=\"_blank\" aria-label=\"Compartir en Twitter\" href='https:\/\/twitter.com\/share?text=Adultos%20Mayores%20de%20zonas%20rurales%20reciben%20tel%C3%A9fonos%20de%20la%20fundaci%C3%B3n%20%E2%80%9CConecta%20Mayor%E2%80%9D&#038;url=https:\/\/radiorevelacionfm.cl\/?p=1903' aria-hidden='false' data-av_icon='\ue8f1' data-av_iconfont='entypo-fontello' title='' data-avia-related-tooltip='Compartir en Twitter' rel=\"noopener\"><span class='avia_hidden_link_text'>Compartir en Twitter<\/span><\/a><\/li><li class='av-share-link av-social-link-whatsapp' ><a target=\"_blank\" aria-label=\"Compartir en Whatsapp\" href='https:\/\/api.whatsapp.com\/send?text=https:\/\/radiorevelacionfm.cl\/?p=1903' aria-hidden='false' data-av_icon='\uf232' data-av_iconfont='entypo-fontello' title='' data-avia-related-tooltip='Compartir en Whatsapp' rel=\"noopener\"><span class='avia_hidden_link_text'>Compartir en Whatsapp<\/span><\/a><\/li><li class='av-share-link av-social-link-linkedin' ><a target=\"_blank\" aria-label=\"Compartir en LinkedIn\" href='https:\/\/linkedin.com\/shareArticle?mini=true&#038;title=Adultos%20Mayores%20de%20zonas%20rurales%20reciben%20tel%C3%A9fonos%20de%20la%20fundaci%C3%B3n%20%E2%80%9CConecta%20Mayor%E2%80%9D&#038;url=https:\/\/radiorevelacionfm.cl\/?p=1903' aria-hidden='false' data-av_icon='\ue8fc' data-av_iconfont='entypo-fontello' title='' data-avia-related-tooltip='Compartir en LinkedIn' rel=\"noopener\"><span class='avia_hidden_link_text'>Compartir en LinkedIn<\/span><\/a><\/li><li class='av-share-link av-social-link-mail' ><a  aria-label=\"Compartir por correo\" href='mailto:?subject=Adultos%20Mayores%20de%20zonas%20rurales%20reciben%20tel%C3%A9fonos%20de%20la%20fundaci%C3%B3n%20%E2%80%9CConecta%20Mayor%E2%80%9D&#038;body=https:\/\/radiorevelacionfm.cl\/?p=1903' aria-hidden='false' data-av_icon='\ue805' data-av_iconfont='entypo-fontello' title='' data-avia-related-tooltip='Compartir por correo'><span class='avia_hidden_link_text'>Compartir por correo<\/span><\/a><\/li><\/ul><\/div><\/div>\n<div  style='height:50px' class='hr hr-invisible   avia-builder-el-8  el_after_av_social_share  el_before_av_comments_list '><span class='hr-inner ' ><span class='hr-inner-style'><\/span><\/span><\/div>\n<div  class='av-buildercomment  av-blog-meta-html-info-disabled av-blog-meta-tag-disabled  '><\/div>\n","protected":false},"excerpt":{"rendered":"","protected":false},"author":1,"featured_media":0,"comment_status":"open","ping_status":"open","sticky":false,"template":"","format":"standard","meta":{"footnotes":""},"categories":[38],"tags":[],"class_list":["post-1903","post","type-post","status-publish","format-standard","hentry","category-regional"],"jetpack_featured_media_url":"","_links":{"self":[{"href":"https:\/\/radiorevelacionfm.cl\/index.php?rest_route=\/wp\/v2\/posts\/1903","targetHints":{"allow":["GET"]}}],"collection":[{"href":"https:\/\/radiorevelacionfm.cl\/index.php?rest_route=\/wp\/v2\/posts"}],"about":[{"href":"https:\/\/radiorevelacionfm.cl\/index.php?rest_route=\/wp\/v2\/types\/post"}],"author":[{"embeddable":true,"href":"https:\/\/radiorevelacionfm.cl\/index.php?rest_route=\/wp\/v2\/users\/1"}],"replies":[{"embeddable":true,"href":"https:\/\/radiorevelacionfm.cl\/index.php?rest_route=%2Fwp%2Fv2%2Fcomments&post=1903"}],"version-history":[{"count":1,"href":"https:\/\/radiorevelacionfm.cl\/index.php?rest_route=\/wp\/v2\/posts\/1903\/revisions"}],"predecessor-version":[{"id":1905,"href":"https:\/\/radiorevelacionfm.cl\/index.php?rest_route=\/wp\/v2\/posts\/1903\/revisions\/1905"}],"wp:attachment":[{"href":"https:\/\/radiorevelacionfm.cl\/index.php?rest_route=%2Fwp%2Fv2%2Fmedia&parent=1903"}],"wp:term":[{"taxonomy":"category","embeddable":true,"href":"https:\/\/radiorevelacionfm.cl\/index.php?rest_route=%2Fwp%2Fv2%2Fcategories&post=1903"},{"taxonomy":"post_tag","embeddable":true,"href":"https:\/\/radiorevelacionfm.cl\/index.php?rest_route=%2Fwp%2Fv2%2Ftags&post=1903"}],"curies":[{"name":"wp","href":"https:\/\/api.w.org\/{rel}","templated":true}]}}