{"id":19026,"date":"2022-07-10T16:44:21","date_gmt":"2022-07-10T19:44:21","guid":{"rendered":"https:\/\/radiorevelacionfm.cl\/?p=19026"},"modified":"2022-07-10T16:45:51","modified_gmt":"2022-07-10T19:45:51","slug":"en-caleta-tortel-bienes-nacionales-acuerda-trabajo-conjunto-con-la-comunidad-en-torno-al-ordenamiento-territorial","status":"publish","type":"post","link":"https:\/\/radiorevelacionfm.cl\/?p=19026","title":{"rendered":"En Caleta Tortel Bienes Nacionales acuerda trabajo conjunto con la comunidad en torno al ordenamiento territorial de la comuna"},"content":{"rendered":"<div class=\"flex_column av_one_full  flex_column_div av-zero-column-padding first  avia-builder-el-0  el_before_av_one_full  avia-builder-el-first  \" style='border-radius:0px; '><div  class='avia-image-container  av-styling-    avia-builder-el-1  avia-builder-el-no-sibling  avia-align-center '  itemprop=\"image\" itemscope=\"itemscope\" itemtype=\"https:\/\/schema.org\/ImageObject\"  ><div class='avia-image-container-inner'><div class='avia-image-overlay-wrap'><img decoding=\"async\" class='wp-image-19027 avia-img-lazy-loading-not-19027 avia_image' src=\"https:\/\/radiorevelacionfm.cl\/wp-content\/uploads\/2022\/07\/2-92-2_optimized.jpg\" alt='' title='2-(92)-(2)_optimized' height=\"600\" width=\"904\"  itemprop=\"thumbnailUrl\" srcset=\"https:\/\/radiorevelacionfm.cl\/wp-content\/uploads\/2022\/07\/2-92-2_optimized.jpg 904w, https:\/\/radiorevelacionfm.cl\/wp-content\/uploads\/2022\/07\/2-92-2_optimized-300x199.jpg 300w, https:\/\/radiorevelacionfm.cl\/wp-content\/uploads\/2022\/07\/2-92-2_optimized-768x510.jpg 768w, https:\/\/radiorevelacionfm.cl\/wp-content\/uploads\/2022\/07\/2-92-2_optimized-705x468.jpg 705w, https:\/\/radiorevelacionfm.cl\/wp-content\/uploads\/2022\/07\/2-92-2_optimized-600x398.jpg 600w\" sizes=\"(max-width: 904px) 100vw, 904px\" \/><\/div><\/div><\/div><\/div>\n<div class=\"flex_column av_one_full  flex_column_div av-zero-column-padding first  avia-builder-el-2  el_after_av_one_full  el_before_av_one_full  column-top-margin\" style='border-radius:0px; '><section class=\"av_textblock_section \"  itemscope=\"itemscope\" itemtype=\"https:\/\/schema.org\/BlogPosting\" itemprop=\"blogPost\" ><div class='avia_textblock  '   itemprop=\"text\" ><p style=\"text-align: center;\"><strong><span style=\"font-size: 18pt;\">En Caleta Tortel Bienes Nacionales acuerda trabajo conjunto con la comunidad en torno al ordenamiento territorial de la comuna<\/span><\/strong><\/p>\n<div id=\"gtx-trans\" style=\"position: absolute; left: -50px; top: 4.31534px;\">\n<div class=\"gtx-trans-icon\"><\/div>\n<\/div>\n<\/div><\/section><\/div><div class=\"flex_column av_one_full  flex_column_div av-zero-column-padding first  avia-builder-el-4  el_after_av_one_full  el_before_av_hr  column-top-margin\" style='border-radius:0px; '><section class=\"av_textblock_section \"  itemscope=\"itemscope\" itemtype=\"https:\/\/schema.org\/BlogPosting\" itemprop=\"blogPost\" ><div class='avia_textblock  '   itemprop=\"text\" ><p style=\"text-align: justify;\">En su primera visita a la comuna austral, la Seremi de Bienes Nacionales, Irina Morend Valdebenito y su equipo de trabajo, pudieron cumplir con una amplia agenda de actividades y que contemplo, entre otras, reuniones con el Alcalde Abel Becerra y el Concejo Municipal, informar los objetivos de su visita a trav\u00e9s de la radio local, atenciones de p\u00fablico, fiscalizar el uso de inmuebles fiscales, reuni\u00f3n con el Comit\u00e9 de Tierras de Caleta Tortel e iniciar el Primer Di\u00e1logo abierto a toda la comunidad.<\/p>\n<p style=\"text-align: justify;\">En esta \u00faltima instancia fue en la que se tomaron parte de los acuerdos que permitan iniciar un nuevo trato entre Bienes Nacionales, Municipio y la comunidad, representada por sus organizaciones sociales. \u201cEntre los resultados de esta visita, logramos establecer un acuerdo de trabajo, de planificaci\u00f3n participativa en torno al uso del territorio fiscal, con el Municipio y el Comit\u00e9 de Tierras de Caleta Tortel. Lo interesante de esta alianza es que hablamos desde la perspectiva del ordenamiento, para poder definir en conjunto cu\u00e1les son las prioridades y las vocaciones de los inmuebles, que nos permita como Ministerio ir tomando las mejores decisiones al memento de otorgar los terrenos bajo alguna de nuestras herramientas administrativas (arriendos, transferencias y ventas). Destacar que adem\u00e1s hemos podido establecer m\u00ednimos de trabajo, entre ellos, la transparencia, en el sentido de que todos los actores tengamos la misma informaci\u00f3n disponible para la toma de decisiones, por otro lado, concordamos en establecer justicia social, reconocemos que es necesario mirar el territorio m\u00e1s all\u00e1 del beneficio particular, sino tambi\u00e9n, en el beneficio colectivo, donde m\u00e1s personas tengan la posibilidad de acceder al territorio fiscal, y por \u00faltimo, un principio de equidad\u201d, detall\u00f3 Morend Valdebenito.<\/p>\n<p style=\"text-align: justify;\">Desde el Municipio, el alcalde Abel Becerra adelant\u00f3 que \u201ciniciaremos el trabajo para desarrollar una ordenanza sobre uso de los inmuebles que est\u00e1n bajo nuestra administraci\u00f3n, estas son, \u00e1reas verdes, zonas de equipamiento y espacios p\u00fablicos. Esto nos permitir\u00e1 iniciar la planificaci\u00f3n en el entendido de ocupar bien nuestro terreno fiscal, por ejemplo, la expansi\u00f3n urbana y el desarrollo de iniciativas productivas en torno al turismo. Otro de los compromisos asumidos es crear una mesa de trabajo en la que convocaremos a Bienes Nacionales, Serviu-Minvu, desde aqu\u00ed programaremos un trabajo con metas a corto, mediano y largo plazo\u201d.<\/p>\n<p style=\"text-align: justify;\">En la misma l\u00ednea el presidente del Comit\u00e9 de Tierras de Caleta Tortel, Jos\u00e9 Guzm\u00e1n, declar\u00f3 su confianza en poder avanzar en soluciones concretas en materia de administraci\u00f3n del territorio. \u201cTuvimos una conversaci\u00f3n con la Seremi y el municipio, oportunidad en la que le entregamos un resumen de las principales problem\u00e1ticas de nuestra localidad y de nuestros vecinos, referentes a la tenencia de la tierra, asimismo, se defini\u00f3 iniciar una mesa de trabajo para el mes de septiembre en la que participaremos los presentes y esperamos tambi\u00e9n contar con la participaci\u00f3n del Serviu y as\u00ed organizar el desarrollo de Tortel y su ordenamiento, algo que hemos esperado por muchos a\u00f1os\u201d.<\/p>\n<p style=\"text-align: justify;\">Para Francisca Pinilla, tambi\u00e9n dirigente del Comit\u00e9 de Tierras de Caleta Tortel, la participaci\u00f3n ciudadana en cada instancia de decisi\u00f3n es la forma de validar los procesos. \u201cComo todo proceso considero que la participaci\u00f3n de la comunidad es clave, los ciudadanos tienen el derecho y el deber de estar presentes en cada iniciativa, con su voz y voto, ya que en base a nuestros argumentos se deber\u00edan ir tomando las decisiones\u201d.<\/p>\n<\/div><\/section><\/div><\/p>\n<div  style='height:50px' class='hr hr-invisible   avia-builder-el-6  el_after_av_one_full  el_before_av_social_share '><span class='hr-inner ' ><span class='hr-inner-style'><\/span><\/span><\/div>\n<div  class='av-social-sharing-box  avia-builder-el-7  el_after_av_hr  el_before_av_hr  '><div class='av-share-box'><h5 class='av-share-link-description av-no-toc '>Compartir esta noticia<\/h5><ul class='av-share-box-list noLightbox'><li class='av-share-link av-social-link-facebook' ><a target=\"_blank\" aria-label=\"Compartir en Facebook\" href='https:\/\/www.facebook.com\/sharer.php?u=https:\/\/radiorevelacionfm.cl\/?p=19026&#038;t=En%20Caleta%20Tortel%20Bienes%20Nacionales%20acuerda%20trabajo%20conjunto%20con%20la%20comunidad%20en%20torno%20al%20ordenamiento%20territorial%20de%20la%20comuna' aria-hidden='false' data-av_icon='\ue8f3' data-av_iconfont='entypo-fontello' title='' data-avia-related-tooltip='Compartir en Facebook' rel=\"noopener\"><span class='avia_hidden_link_text'>Compartir en Facebook<\/span><\/a><\/li><li class='av-share-link av-social-link-twitter' ><a target=\"_blank\" aria-label=\"Compartir en Twitter\" href='https:\/\/twitter.com\/share?text=En%20Caleta%20Tortel%20Bienes%20Nacionales%20acuerda%20trabajo%20conjunto%20con%20la%20comunidad%20en%20torno%20al%20ordenamiento%20territorial%20de%20la%20comuna&#038;url=https:\/\/radiorevelacionfm.cl\/?p=19026' aria-hidden='false' data-av_icon='\ue8f1' data-av_iconfont='entypo-fontello' title='' data-avia-related-tooltip='Compartir en Twitter' rel=\"noopener\"><span class='avia_hidden_link_text'>Compartir en Twitter<\/span><\/a><\/li><li class='av-share-link av-social-link-whatsapp' ><a target=\"_blank\" aria-label=\"Compartir en Whatsapp\" href='https:\/\/api.whatsapp.com\/send?text=https:\/\/radiorevelacionfm.cl\/?p=19026' aria-hidden='false' data-av_icon='\uf232' data-av_iconfont='entypo-fontello' title='' data-avia-related-tooltip='Compartir en Whatsapp' rel=\"noopener\"><span class='avia_hidden_link_text'>Compartir en Whatsapp<\/span><\/a><\/li><li class='av-share-link av-social-link-linkedin' ><a target=\"_blank\" aria-label=\"Compartir en LinkedIn\" href='https:\/\/linkedin.com\/shareArticle?mini=true&#038;title=En%20Caleta%20Tortel%20Bienes%20Nacionales%20acuerda%20trabajo%20conjunto%20con%20la%20comunidad%20en%20torno%20al%20ordenamiento%20territorial%20de%20la%20comuna&#038;url=https:\/\/radiorevelacionfm.cl\/?p=19026' aria-hidden='false' data-av_icon='\ue8fc' data-av_iconfont='entypo-fontello' title='' data-avia-related-tooltip='Compartir en LinkedIn' rel=\"noopener\"><span class='avia_hidden_link_text'>Compartir en LinkedIn<\/span><\/a><\/li><li class='av-share-link av-social-link-mail' ><a  aria-label=\"Compartir por correo\" href='mailto:?subject=En%20Caleta%20Tortel%20Bienes%20Nacionales%20acuerda%20trabajo%20conjunto%20con%20la%20comunidad%20en%20torno%20al%20ordenamiento%20territorial%20de%20la%20comuna&#038;body=https:\/\/radiorevelacionfm.cl\/?p=19026' aria-hidden='false' data-av_icon='\ue805' data-av_iconfont='entypo-fontello' title='' data-avia-related-tooltip='Compartir por correo'><span class='avia_hidden_link_text'>Compartir por correo<\/span><\/a><\/li><\/ul><\/div><\/div>\n<div  style='height:50px' class='hr hr-invisible   avia-builder-el-8  el_after_av_social_share  el_before_av_comments_list '><span class='hr-inner ' ><span class='hr-inner-style'><\/span><\/span><\/div>\n<div  class='av-buildercomment  av-blog-meta-html-info-disabled av-blog-meta-tag-disabled  '><\/div>\n","protected":false},"excerpt":{"rendered":"","protected":false},"author":1,"featured_media":19027,"comment_status":"open","ping_status":"open","sticky":false,"template":"","format":"standard","meta":{"footnotes":""},"categories":[38],"tags":[],"class_list":["post-19026","post","type-post","status-publish","format-standard","has-post-thumbnail","hentry","category-regional"],"jetpack_featured_media_url":"https:\/\/radiorevelacionfm.cl\/wp-content\/uploads\/2022\/07\/2-92-2_optimized.jpg","_links":{"self":[{"href":"https:\/\/radiorevelacionfm.cl\/index.php?rest_route=\/wp\/v2\/posts\/19026","targetHints":{"allow":["GET"]}}],"collection":[{"href":"https:\/\/radiorevelacionfm.cl\/index.php?rest_route=\/wp\/v2\/posts"}],"about":[{"href":"https:\/\/radiorevelacionfm.cl\/index.php?rest_route=\/wp\/v2\/types\/post"}],"author":[{"embeddable":true,"href":"https:\/\/radiorevelacionfm.cl\/index.php?rest_route=\/wp\/v2\/users\/1"}],"replies":[{"embeddable":true,"href":"https:\/\/radiorevelacionfm.cl\/index.php?rest_route=%2Fwp%2Fv2%2Fcomments&post=19026"}],"version-history":[{"count":3,"href":"https:\/\/radiorevelacionfm.cl\/index.php?rest_route=\/wp\/v2\/posts\/19026\/revisions"}],"predecessor-version":[{"id":19029,"href":"https:\/\/radiorevelacionfm.cl\/index.php?rest_route=\/wp\/v2\/posts\/19026\/revisions\/19029"}],"wp:featuredmedia":[{"embeddable":true,"href":"https:\/\/radiorevelacionfm.cl\/index.php?rest_route=\/wp\/v2\/media\/19027"}],"wp:attachment":[{"href":"https:\/\/radiorevelacionfm.cl\/index.php?rest_route=%2Fwp%2Fv2%2Fmedia&parent=19026"}],"wp:term":[{"taxonomy":"category","embeddable":true,"href":"https:\/\/radiorevelacionfm.cl\/index.php?rest_route=%2Fwp%2Fv2%2Fcategories&post=19026"},{"taxonomy":"post_tag","embeddable":true,"href":"https:\/\/radiorevelacionfm.cl\/index.php?rest_route=%2Fwp%2Fv2%2Ftags&post=19026"}],"curies":[{"name":"wp","href":"https:\/\/api.w.org\/{rel}","templated":true}]}}