{"id":19022,"date":"2022-07-10T13:23:19","date_gmt":"2022-07-10T16:23:19","guid":{"rendered":"https:\/\/radiorevelacionfm.cl\/?p=19022"},"modified":"2022-07-10T13:23:19","modified_gmt":"2022-07-10T16:23:19","slug":"tutoras-de-residencia-familiar-estudiantil-logran-certificacion-en-empoderamiento-personal","status":"publish","type":"post","link":"https:\/\/radiorevelacionfm.cl\/?p=19022","title":{"rendered":"Tutoras de Residencia Familiar Estudiantil logran certificaci\u00f3n en empoderamiento personal"},"content":{"rendered":"<div class=\"flex_column av_one_full  flex_column_div av-zero-column-padding first  avia-builder-el-0  el_before_av_one_full  avia-builder-el-first  \" style='border-radius:0px; '><div  class='avia-image-container  av-styling-    avia-builder-el-1  avia-builder-el-no-sibling  avia-align-center '  itemprop=\"image\" itemscope=\"itemscope\" itemtype=\"https:\/\/schema.org\/ImageObject\"  ><div class='avia-image-container-inner'><div class='avia-image-overlay-wrap'><img decoding=\"async\" class='wp-image-19023 avia-img-lazy-loading-not-19023 avia_image' src=\"https:\/\/radiorevelacionfm.cl\/wp-content\/uploads\/2022\/07\/20220707_153030-1-1.jpg\" alt='' title='20220707_153030 (1) (1)' height=\"600\" width=\"910\"  itemprop=\"thumbnailUrl\" srcset=\"https:\/\/radiorevelacionfm.cl\/wp-content\/uploads\/2022\/07\/20220707_153030-1-1.jpg 910w, https:\/\/radiorevelacionfm.cl\/wp-content\/uploads\/2022\/07\/20220707_153030-1-1-300x198.jpg 300w, https:\/\/radiorevelacionfm.cl\/wp-content\/uploads\/2022\/07\/20220707_153030-1-1-768x506.jpg 768w, https:\/\/radiorevelacionfm.cl\/wp-content\/uploads\/2022\/07\/20220707_153030-1-1-705x465.jpg 705w, https:\/\/radiorevelacionfm.cl\/wp-content\/uploads\/2022\/07\/20220707_153030-1-1-600x396.jpg 600w\" sizes=\"(max-width: 910px) 100vw, 910px\" \/><\/div><\/div><\/div><\/div><div class=\"flex_column av_one_full  flex_column_div av-zero-column-padding first  avia-builder-el-2  el_after_av_one_full  el_before_av_one_full  column-top-margin\" style='border-radius:0px; '><section class=\"av_textblock_section \"  itemscope=\"itemscope\" itemtype=\"https:\/\/schema.org\/BlogPosting\" itemprop=\"blogPost\" ><div class='avia_textblock  '   itemprop=\"text\" ><p style=\"text-align: center;\"><strong><span style=\"font-size: 18pt;\">Tutoras de Residencia Familiar Estudiantil logran certificaci\u00f3n en empoderamiento personal<\/span><\/strong><\/p>\n<div id=\"gtx-trans\" style=\"position: absolute; left: -50px; top: 4.31534px;\">\n<div class=\"gtx-trans-icon\"><\/div>\n<\/div>\n<\/div><\/section><\/div><div class=\"flex_column av_one_full  flex_column_div av-zero-column-padding first  avia-builder-el-4  el_after_av_one_full  el_before_av_hr  column-top-margin\" style='border-radius:0px; '><section class=\"av_textblock_section \"  itemscope=\"itemscope\" itemtype=\"https:\/\/schema.org\/BlogPosting\" itemprop=\"blogPost\" ><div class='avia_textblock  '   itemprop=\"text\" ><p style=\"font-weight: 400; text-align: justify;\">Cerca de 20 tutoras de Residencia Familiar Estudiantil de la provincia de Coyhaique, fueron certificadas en Empoderamiento Personal, como parte de un programa de capacitaciones organizadas por la Delegaci\u00f3n Presidencial Regional de Ays\u00e9n y la Fundaci\u00f3n para el Desarrollo de la Mujer, Prodemu.<\/p>\n<p style=\"font-weight: 400; text-align: justify;\">El Delegado Presidencial Regional, Rodrigo Araya Morales, acompa\u00f1ado por la seremi de la Mujer y Equidad de G\u00e9nero, Andrea M\u00e9ndez, encabezaron la certificaci\u00f3n, realzando la equidad de g\u00e9nero como uno de los ejes del gobierno del Presidente Gabriel Boric.<\/p>\n<p style=\"font-weight: 400; text-align: justify;\">\u201cLas tutoras del Programa de Residencias Familiares fueron capaces de determinar algunas necesidades y se articularon los servicios p\u00fablicos desde la Delegaci\u00f3n junto con Prodemu, que hizo estas sesiones donde abordaban el empoderamiento de las mujeres y c\u00f3mo se expande esto con sus familias y con los alumnos que ellos reciben. Son alumnos que vienen de distintos lugares de la regi\u00f3n durante varios a\u00f1os y esas vinculaciones son muy importantes para irlas actualizando y desarrollando habilidades. Ellas est\u00e1n activamente trabajando con gente joven, por lo que esto es muy potente\u201d, destac\u00f3 el Delegado Rodrigo Araya.<\/p>\n<p style=\"font-weight: 400; text-align: justify;\">Para la presidenta de la Agrupaci\u00f3n de Tutoras de la Delegaci\u00f3n Presidencial Regional, Jessica Saavedra P\u00e9rez, la formaci\u00f3n continua de las mujeres constituye un aliciente para la labor cotidiana en sus hogares.<\/p>\n<p style=\"font-weight: 400; text-align: justify;\">\u201cSomos 88 tutoras que estuvimos en la capacitaci\u00f3n en Prodemu. Agradecidas de Prodemu que siempre est\u00e1 preocupado de la capacitaci\u00f3n de nosotras las tutoras y del Delegado Presidencial que desde la primera vez que convers\u00e9 con \u00e9l nos prest\u00f3 toda la ayuda que estaba en sus manos para ayudarnos como tutoras\u201d, indic\u00f3.<\/p>\n<p style=\"font-weight: 400; text-align: justify;\">La seremi Andrea M\u00e9ndez destac\u00f3 el rol de Prodemu en el desarrollo de iniciativas ajustadas a la expectativa expresada por diferentes grupos de mujeres capacitadas.<\/p>\n<p style=\"font-weight: 400; text-align: justify;\">\u201cEn primer lugar, valorar el trabajo que realizan las tutoras en el desarrollo social, afectivo y acad\u00e9mico de los estudiantes de la Regi\u00f3n de Ays\u00e9n y, al mismo tiempo, el trabajo formativo que realiza Prodemu, porque es instalar ciertas \u00e1reas que para nosotros como ministerio son fundamentales, principalmente, en lo que tiene que ver con prevenci\u00f3n de violencia. Que ellas lo puedan estar desarrollando con j\u00f3venes desde el \u00e1mbito familiar, es tremendamente significativo\u201d, concluy\u00f3.<\/p>\n<p style=\"font-weight: 400; text-align: justify;\">Cabe se\u00f1alar que m\u00e1s de 80 mujeres forman parte del Programa de Residencia Familiar Estudiantil en la provincia, proporcionando alojamiento a estudiantes en el hogar de una familia tutora que, complementariamente, brinda alimentaci\u00f3n y apoyo afectivo, adem\u00e1s de recibir apoyo pedag\u00f3gico a trav\u00e9s de las entidades ejecutoras, con el objetivo de favorecer el acceso, permanencia y t\u00e9rmino en el sistema educacional, tanto en educaci\u00f3n b\u00e1sica, media como superior.<\/p>\n<\/div><\/section><\/div><div  style='height:50px' class='hr hr-invisible   avia-builder-el-6  el_after_av_one_full  el_before_av_social_share '><span class='hr-inner ' ><span class='hr-inner-style'><\/span><\/span><\/div><\/p>\n<div  class='av-social-sharing-box  avia-builder-el-7  el_after_av_hr  el_before_av_hr  '><div class='av-share-box'><h5 class='av-share-link-description av-no-toc '>Compartir esta noticia<\/h5><ul class='av-share-box-list noLightbox'><li class='av-share-link av-social-link-facebook' ><a target=\"_blank\" aria-label=\"Compartir en Facebook\" href='https:\/\/www.facebook.com\/sharer.php?u=https:\/\/radiorevelacionfm.cl\/?p=19022&#038;t=Tutoras%20de%20Residencia%20Familiar%20Estudiantil%20logran%20certificaci%C3%B3n%20en%20empoderamiento%20personal' aria-hidden='false' data-av_icon='\ue8f3' data-av_iconfont='entypo-fontello' title='' data-avia-related-tooltip='Compartir en Facebook' rel=\"noopener\"><span class='avia_hidden_link_text'>Compartir en Facebook<\/span><\/a><\/li><li class='av-share-link av-social-link-twitter' ><a target=\"_blank\" aria-label=\"Compartir en Twitter\" href='https:\/\/twitter.com\/share?text=Tutoras%20de%20Residencia%20Familiar%20Estudiantil%20logran%20certificaci%C3%B3n%20en%20empoderamiento%20personal&#038;url=https:\/\/radiorevelacionfm.cl\/?p=19022' aria-hidden='false' data-av_icon='\ue8f1' data-av_iconfont='entypo-fontello' title='' data-avia-related-tooltip='Compartir en Twitter' rel=\"noopener\"><span class='avia_hidden_link_text'>Compartir en Twitter<\/span><\/a><\/li><li class='av-share-link av-social-link-whatsapp' ><a target=\"_blank\" aria-label=\"Compartir en Whatsapp\" href='https:\/\/api.whatsapp.com\/send?text=https:\/\/radiorevelacionfm.cl\/?p=19022' aria-hidden='false' data-av_icon='\uf232' data-av_iconfont='entypo-fontello' title='' data-avia-related-tooltip='Compartir en Whatsapp' rel=\"noopener\"><span class='avia_hidden_link_text'>Compartir en Whatsapp<\/span><\/a><\/li><li class='av-share-link av-social-link-linkedin' ><a target=\"_blank\" aria-label=\"Compartir en LinkedIn\" href='https:\/\/linkedin.com\/shareArticle?mini=true&#038;title=Tutoras%20de%20Residencia%20Familiar%20Estudiantil%20logran%20certificaci%C3%B3n%20en%20empoderamiento%20personal&#038;url=https:\/\/radiorevelacionfm.cl\/?p=19022' aria-hidden='false' data-av_icon='\ue8fc' data-av_iconfont='entypo-fontello' title='' data-avia-related-tooltip='Compartir en LinkedIn' rel=\"noopener\"><span class='avia_hidden_link_text'>Compartir en LinkedIn<\/span><\/a><\/li><li class='av-share-link av-social-link-mail' ><a  aria-label=\"Compartir por correo\" href='mailto:?subject=Tutoras%20de%20Residencia%20Familiar%20Estudiantil%20logran%20certificaci%C3%B3n%20en%20empoderamiento%20personal&#038;body=https:\/\/radiorevelacionfm.cl\/?p=19022' aria-hidden='false' data-av_icon='\ue805' data-av_iconfont='entypo-fontello' title='' data-avia-related-tooltip='Compartir por correo'><span class='avia_hidden_link_text'>Compartir por correo<\/span><\/a><\/li><\/ul><\/div><\/div>\n<div  style='height:50px' class='hr hr-invisible   avia-builder-el-8  el_after_av_social_share  el_before_av_comments_list '><span class='hr-inner ' ><span class='hr-inner-style'><\/span><\/span><\/div>\n<div  class='av-buildercomment  av-blog-meta-html-info-disabled av-blog-meta-tag-disabled  '><\/div>\n","protected":false},"excerpt":{"rendered":"","protected":false},"author":1,"featured_media":19023,"comment_status":"open","ping_status":"open","sticky":false,"template":"","format":"standard","meta":{"footnotes":""},"categories":[38],"tags":[],"class_list":["post-19022","post","type-post","status-publish","format-standard","has-post-thumbnail","hentry","category-regional"],"jetpack_featured_media_url":"https:\/\/radiorevelacionfm.cl\/wp-content\/uploads\/2022\/07\/20220707_153030-1-1.jpg","_links":{"self":[{"href":"https:\/\/radiorevelacionfm.cl\/index.php?rest_route=\/wp\/v2\/posts\/19022","targetHints":{"allow":["GET"]}}],"collection":[{"href":"https:\/\/radiorevelacionfm.cl\/index.php?rest_route=\/wp\/v2\/posts"}],"about":[{"href":"https:\/\/radiorevelacionfm.cl\/index.php?rest_route=\/wp\/v2\/types\/post"}],"author":[{"embeddable":true,"href":"https:\/\/radiorevelacionfm.cl\/index.php?rest_route=\/wp\/v2\/users\/1"}],"replies":[{"embeddable":true,"href":"https:\/\/radiorevelacionfm.cl\/index.php?rest_route=%2Fwp%2Fv2%2Fcomments&post=19022"}],"version-history":[{"count":2,"href":"https:\/\/radiorevelacionfm.cl\/index.php?rest_route=\/wp\/v2\/posts\/19022\/revisions"}],"predecessor-version":[{"id":19025,"href":"https:\/\/radiorevelacionfm.cl\/index.php?rest_route=\/wp\/v2\/posts\/19022\/revisions\/19025"}],"wp:featuredmedia":[{"embeddable":true,"href":"https:\/\/radiorevelacionfm.cl\/index.php?rest_route=\/wp\/v2\/media\/19023"}],"wp:attachment":[{"href":"https:\/\/radiorevelacionfm.cl\/index.php?rest_route=%2Fwp%2Fv2%2Fmedia&parent=19022"}],"wp:term":[{"taxonomy":"category","embeddable":true,"href":"https:\/\/radiorevelacionfm.cl\/index.php?rest_route=%2Fwp%2Fv2%2Fcategories&post=19022"},{"taxonomy":"post_tag","embeddable":true,"href":"https:\/\/radiorevelacionfm.cl\/index.php?rest_route=%2Fwp%2Fv2%2Ftags&post=19022"}],"curies":[{"name":"wp","href":"https:\/\/api.w.org\/{rel}","templated":true}]}}