{"id":19018,"date":"2022-07-09T19:18:53","date_gmt":"2022-07-09T22:18:53","guid":{"rendered":"https:\/\/radiorevelacionfm.cl\/?p=19018"},"modified":"2022-07-09T19:18:53","modified_gmt":"2022-07-09T22:18:53","slug":"en-coyhaique-realizaron-emotiva-ceremonia-de-juramento-a-la-bandera","status":"publish","type":"post","link":"https:\/\/radiorevelacionfm.cl\/?p=19018","title":{"rendered":"En Coyhaique realizaron emotiva ceremonia de juramento a la Bandera"},"content":{"rendered":"<div class=\"flex_column av_one_full  flex_column_div av-zero-column-padding first  avia-builder-el-0  el_before_av_one_full  avia-builder-el-first  \" style='border-radius:0px; '><div  class='avia-image-container  av-styling-    avia-builder-el-1  avia-builder-el-no-sibling  avia-align-center '  itemprop=\"image\" itemscope=\"itemscope\" itemtype=\"https:\/\/schema.org\/ImageObject\"  ><div class='avia-image-container-inner'><div class='avia-image-overlay-wrap'><img decoding=\"async\" class='wp-image-19019 avia-img-lazy-loading-not-19019 avia_image' src=\"https:\/\/radiorevelacionfm.cl\/wp-content\/uploads\/2022\/07\/juramento-a-la-bandera3-1_optimized.jpg\" alt='' title='juramento-a-la-bandera3-(1)_optimized' height=\"600\" width=\"1122\"  itemprop=\"thumbnailUrl\" srcset=\"https:\/\/radiorevelacionfm.cl\/wp-content\/uploads\/2022\/07\/juramento-a-la-bandera3-1_optimized.jpg 1122w, https:\/\/radiorevelacionfm.cl\/wp-content\/uploads\/2022\/07\/juramento-a-la-bandera3-1_optimized-300x160.jpg 300w, https:\/\/radiorevelacionfm.cl\/wp-content\/uploads\/2022\/07\/juramento-a-la-bandera3-1_optimized-1030x551.jpg 1030w, https:\/\/radiorevelacionfm.cl\/wp-content\/uploads\/2022\/07\/juramento-a-la-bandera3-1_optimized-768x411.jpg 768w, https:\/\/radiorevelacionfm.cl\/wp-content\/uploads\/2022\/07\/juramento-a-la-bandera3-1_optimized-705x377.jpg 705w, https:\/\/radiorevelacionfm.cl\/wp-content\/uploads\/2022\/07\/juramento-a-la-bandera3-1_optimized-600x321.jpg 600w\" sizes=\"(max-width: 1122px) 100vw, 1122px\" \/><\/div><\/div><\/div><\/div><div class=\"flex_column av_one_full  flex_column_div av-zero-column-padding first  avia-builder-el-2  el_after_av_one_full  el_before_av_one_full  column-top-margin\" style='border-radius:0px; '><section class=\"av_textblock_section \"  itemscope=\"itemscope\" itemtype=\"https:\/\/schema.org\/BlogPosting\" itemprop=\"blogPost\" ><div class='avia_textblock  '   itemprop=\"text\" ><p style=\"text-align: center;\"><strong><span style=\"font-size: 18pt;\">En Coyhaique realizaron emotiva ceremonia de juramento a la Bandera<\/span><\/strong><\/p>\n<h1 class=\"entry-title\"><\/h1>\n<div id=\"gtx-trans\" style=\"position: absolute; left: -50px; top: 4.31534px;\">\n<div class=\"gtx-trans-icon\"><\/div>\n<\/div>\n<\/div><\/section><\/div><div class=\"flex_column av_one_full  flex_column_div av-zero-column-padding first  avia-builder-el-4  el_after_av_one_full  el_before_av_hr  column-top-margin\" style='border-radius:0px; '><section class=\"av_textblock_section \"  itemscope=\"itemscope\" itemtype=\"https:\/\/schema.org\/BlogPosting\" itemprop=\"blogPost\" ><div class='avia_textblock  '   itemprop=\"text\" ><p style=\"text-align: justify;\">En la plaza Mirador Rio Coyhaique y con la asistencia de la comunidad, este s\u00e1bado 09 de julio se comprometieron nuevamente con la Patria 266 integrantes del Ej\u00e9rcito, entre oficiales, suboficiales, soldados de tropa profesional y soldados conscriptos, acto encabezado por el Comandante General de la Guarnici\u00f3n de Ej\u00e9rcito de la Regi\u00f3n de Ays\u00e9n, General de Brigada Luis Felipe P\u00e9rez Astorga y acompa\u00f1ado por las m\u00e1s altas autoridades regionales.<\/p>\n<p style=\"text-align: justify;\">En la oportunidad la alocuci\u00f3n estuvo a cargo del Comandante del Destacamento N.\u00b014 \u201cAys\u00e9n\u201d, Coronel Cristian Valenzuela Inostroza quien en su discurso se\u00f1al\u00f3: \u201cCamaradas este compromiso es profundo, habla del total convencimiento de una persona que se encomienda a una vida recta, honorable y de sacrificio en pos de un bien com\u00fan que es su tierra, es un compromiso adquirido ante nuestra bandera que representa a la patria, a nuestros padres, a nuestras familias y seres queridos, representa a todo chile, a su gente al norte y al sur, a su cielo, a su desierto y mar ,a su majestuosa cordillera, j\u00f3venes juramentados, este compromiso es de por vida ya sea en el \u00e1mbito militar o en el civil, por que cuando se ha sido soldado nunca se deja de serlo\u201d, puntualiz\u00f3.<\/p>\n<p style=\"text-align: justify;\">Posteriormente, se procedi\u00f3 a la toma del juramento de 14 Oficiales, 24 Suboficiales, 04 Soldados de Tropa Profesional y 184 Soldados Conscriptos, quienes ofrecieron rendir sus vidas en defensa de la Patria y la Bandera, ante la atenta mirada de padres y apoderados, quienes emocionados presenciaron el trascendental acto que marca para siempre la vida del Soldado, compromiso que han adquirido de forma voluntaria con Chile, situaci\u00f3n que se ve reflejada cada vez que el pa\u00eds lo requiere, como en situaciones de emergencia y cat\u00e1strofe.<\/p>\n<p style=\"text-align: justify;\">Luego de jurar frente al Pabell\u00f3n Patrio, y al finalizar el Coronel Valenzuela su segunda parte del discurso, se procedi\u00f3 con las descargas de rigor, sellando tan emotiva ceremonia con un desfile de honor.<\/p>\n<\/div><\/section><\/div><div  style='height:50px' class='hr hr-invisible   avia-builder-el-6  el_after_av_one_full  el_before_av_social_share '><span class='hr-inner ' ><span class='hr-inner-style'><\/span><\/span><\/div><\/p>\n<div  class='av-social-sharing-box  avia-builder-el-7  el_after_av_hr  el_before_av_hr  '><div class='av-share-box'><h5 class='av-share-link-description av-no-toc '>Compartir esta noticia<\/h5><ul class='av-share-box-list noLightbox'><li class='av-share-link av-social-link-facebook' ><a target=\"_blank\" aria-label=\"Compartir en Facebook\" href='https:\/\/www.facebook.com\/sharer.php?u=https:\/\/radiorevelacionfm.cl\/?p=19018&#038;t=En%20Coyhaique%20realizaron%20emotiva%20ceremonia%20de%20juramento%20a%20la%20Bandera' aria-hidden='false' data-av_icon='\ue8f3' data-av_iconfont='entypo-fontello' title='' data-avia-related-tooltip='Compartir en Facebook' rel=\"noopener\"><span class='avia_hidden_link_text'>Compartir en Facebook<\/span><\/a><\/li><li class='av-share-link av-social-link-twitter' ><a target=\"_blank\" aria-label=\"Compartir en Twitter\" href='https:\/\/twitter.com\/share?text=En%20Coyhaique%20realizaron%20emotiva%20ceremonia%20de%20juramento%20a%20la%20Bandera&#038;url=https:\/\/radiorevelacionfm.cl\/?p=19018' aria-hidden='false' data-av_icon='\ue8f1' data-av_iconfont='entypo-fontello' title='' data-avia-related-tooltip='Compartir en Twitter' rel=\"noopener\"><span class='avia_hidden_link_text'>Compartir en Twitter<\/span><\/a><\/li><li class='av-share-link av-social-link-whatsapp' ><a target=\"_blank\" aria-label=\"Compartir en Whatsapp\" href='https:\/\/api.whatsapp.com\/send?text=https:\/\/radiorevelacionfm.cl\/?p=19018' aria-hidden='false' data-av_icon='\uf232' data-av_iconfont='entypo-fontello' title='' data-avia-related-tooltip='Compartir en Whatsapp' rel=\"noopener\"><span class='avia_hidden_link_text'>Compartir en Whatsapp<\/span><\/a><\/li><li class='av-share-link av-social-link-linkedin' ><a target=\"_blank\" aria-label=\"Compartir en LinkedIn\" href='https:\/\/linkedin.com\/shareArticle?mini=true&#038;title=En%20Coyhaique%20realizaron%20emotiva%20ceremonia%20de%20juramento%20a%20la%20Bandera&#038;url=https:\/\/radiorevelacionfm.cl\/?p=19018' aria-hidden='false' data-av_icon='\ue8fc' data-av_iconfont='entypo-fontello' title='' data-avia-related-tooltip='Compartir en LinkedIn' rel=\"noopener\"><span class='avia_hidden_link_text'>Compartir en LinkedIn<\/span><\/a><\/li><li class='av-share-link av-social-link-mail' ><a  aria-label=\"Compartir por correo\" href='mailto:?subject=En%20Coyhaique%20realizaron%20emotiva%20ceremonia%20de%20juramento%20a%20la%20Bandera&#038;body=https:\/\/radiorevelacionfm.cl\/?p=19018' aria-hidden='false' data-av_icon='\ue805' data-av_iconfont='entypo-fontello' title='' data-avia-related-tooltip='Compartir por correo'><span class='avia_hidden_link_text'>Compartir por correo<\/span><\/a><\/li><\/ul><\/div><\/div>\n<div  style='height:50px' class='hr hr-invisible   avia-builder-el-8  el_after_av_social_share  el_before_av_comments_list '><span class='hr-inner ' ><span class='hr-inner-style'><\/span><\/span><\/div>\n<div  class='av-buildercomment  av-blog-meta-html-info-disabled av-blog-meta-tag-disabled  '><\/div>\n","protected":false},"excerpt":{"rendered":"","protected":false},"author":1,"featured_media":19019,"comment_status":"open","ping_status":"open","sticky":false,"template":"","format":"standard","meta":{"footnotes":""},"categories":[38],"tags":[],"class_list":["post-19018","post","type-post","status-publish","format-standard","has-post-thumbnail","hentry","category-regional"],"jetpack_featured_media_url":"https:\/\/radiorevelacionfm.cl\/wp-content\/uploads\/2022\/07\/juramento-a-la-bandera3-1_optimized.jpg","_links":{"self":[{"href":"https:\/\/radiorevelacionfm.cl\/index.php?rest_route=\/wp\/v2\/posts\/19018","targetHints":{"allow":["GET"]}}],"collection":[{"href":"https:\/\/radiorevelacionfm.cl\/index.php?rest_route=\/wp\/v2\/posts"}],"about":[{"href":"https:\/\/radiorevelacionfm.cl\/index.php?rest_route=\/wp\/v2\/types\/post"}],"author":[{"embeddable":true,"href":"https:\/\/radiorevelacionfm.cl\/index.php?rest_route=\/wp\/v2\/users\/1"}],"replies":[{"embeddable":true,"href":"https:\/\/radiorevelacionfm.cl\/index.php?rest_route=%2Fwp%2Fv2%2Fcomments&post=19018"}],"version-history":[{"count":2,"href":"https:\/\/radiorevelacionfm.cl\/index.php?rest_route=\/wp\/v2\/posts\/19018\/revisions"}],"predecessor-version":[{"id":19021,"href":"https:\/\/radiorevelacionfm.cl\/index.php?rest_route=\/wp\/v2\/posts\/19018\/revisions\/19021"}],"wp:featuredmedia":[{"embeddable":true,"href":"https:\/\/radiorevelacionfm.cl\/index.php?rest_route=\/wp\/v2\/media\/19019"}],"wp:attachment":[{"href":"https:\/\/radiorevelacionfm.cl\/index.php?rest_route=%2Fwp%2Fv2%2Fmedia&parent=19018"}],"wp:term":[{"taxonomy":"category","embeddable":true,"href":"https:\/\/radiorevelacionfm.cl\/index.php?rest_route=%2Fwp%2Fv2%2Fcategories&post=19018"},{"taxonomy":"post_tag","embeddable":true,"href":"https:\/\/radiorevelacionfm.cl\/index.php?rest_route=%2Fwp%2Fv2%2Ftags&post=19018"}],"curies":[{"name":"wp","href":"https:\/\/api.w.org\/{rel}","templated":true}]}}