{"id":19009,"date":"2022-07-09T13:14:26","date_gmt":"2022-07-09T16:14:26","guid":{"rendered":"https:\/\/radiorevelacionfm.cl\/?p=19009"},"modified":"2022-07-09T13:14:26","modified_gmt":"2022-07-09T16:14:26","slug":"gobernadora-regional-recorre-escuelas-y-liceos-para-hablar-sobre-formacion-ciudadana-a-estudiantes","status":"publish","type":"post","link":"https:\/\/radiorevelacionfm.cl\/?p=19009","title":{"rendered":"Gobernadora Regional recorre escuelas y liceos para hablar sobre Formaci\u00f3n Ciudadana a estudiantes"},"content":{"rendered":"<div class=\"flex_column av_one_full  flex_column_div av-zero-column-padding first  avia-builder-el-0  el_before_av_one_full  avia-builder-el-first  \" style='border-radius:0px; '><div  class='avia-image-container  av-styling-    avia-builder-el-1  avia-builder-el-no-sibling  avia-align-center '  itemprop=\"image\" itemscope=\"itemscope\" itemtype=\"https:\/\/schema.org\/ImageObject\"  ><div class='avia-image-container-inner'><div class='avia-image-overlay-wrap'><img decoding=\"async\" class='wp-image-19010 avia-img-lazy-loading-not-19010 avia_image' src=\"https:\/\/radiorevelacionfm.cl\/wp-content\/uploads\/2022\/07\/Foto-2-16-1-1.jpeg\" alt='' title='Foto 2 (16) (1) (1)' height=\"600\" width=\"900\"  itemprop=\"thumbnailUrl\" srcset=\"https:\/\/radiorevelacionfm.cl\/wp-content\/uploads\/2022\/07\/Foto-2-16-1-1.jpeg 900w, https:\/\/radiorevelacionfm.cl\/wp-content\/uploads\/2022\/07\/Foto-2-16-1-1-300x200.jpeg 300w, https:\/\/radiorevelacionfm.cl\/wp-content\/uploads\/2022\/07\/Foto-2-16-1-1-768x512.jpeg 768w, https:\/\/radiorevelacionfm.cl\/wp-content\/uploads\/2022\/07\/Foto-2-16-1-1-705x470.jpeg 705w, https:\/\/radiorevelacionfm.cl\/wp-content\/uploads\/2022\/07\/Foto-2-16-1-1-600x400.jpeg 600w\" sizes=\"(max-width: 900px) 100vw, 900px\" \/><\/div><\/div><\/div><\/div><div class=\"flex_column av_one_full  flex_column_div av-zero-column-padding first  avia-builder-el-2  el_after_av_one_full  el_before_av_one_full  column-top-margin\" style='border-radius:0px; '><section class=\"av_textblock_section \"  itemscope=\"itemscope\" itemtype=\"https:\/\/schema.org\/BlogPosting\" itemprop=\"blogPost\" ><div class='avia_textblock  '   itemprop=\"text\" ><p style=\"text-align: center;\"><span style=\"font-size: 18pt;\"><b>Gobernadora Regional recorre escuelas y liceos para hablar sobre Formaci\u00f3n Ciudadana a estudiantes<\/b><\/span><\/p>\n<div id=\"gtx-trans\" style=\"position: absolute; left: -50px; top: 4.31534px;\">\n<div class=\"gtx-trans-icon\"><\/div>\n<\/div>\n<\/div><\/section><\/div><div class=\"flex_column av_one_full  flex_column_div av-zero-column-padding first  avia-builder-el-4  el_after_av_one_full  el_before_av_hr  column-top-margin\" style='border-radius:0px; '><section class=\"av_textblock_section \"  itemscope=\"itemscope\" itemtype=\"https:\/\/schema.org\/BlogPosting\" itemprop=\"blogPost\" ><div class='avia_textblock  '   itemprop=\"text\" ><p style=\"text-align: justify;\">\u00abEl gobierno regional es la instituci\u00f3n rectora de las regiones, es el espacio donde se planifica y donde se piensa el desarrollo de la regi\u00f3n. Por lo tanto para nosotros es fundamental poder establecer espacios de participaci\u00f3n, espacios de formaci\u00f3n ciudadana, donde podamos dar a conocer y relevar el trabajo que se realiza y tambi\u00e9n el Consejo Regional\u00bb, afirm\u00f3 la Gobernadora Regional Andrea Mac\u00edas Palma.<\/p>\n<p style=\"text-align: justify;\">El encuentro con estudiantes del Liceo Polit\u00e9cnico de Ays\u00e9n hace unas semanas, se sum\u00f3 tambi\u00e9n a una charla para estudiantes de ense\u00f1anza b\u00e1sica de la Escuela Pablo Neruda de Villa Ortega, donde tambi\u00e9n participaron profesores\/as y apoderados\/as del establecimiento.<\/p>\n<p style=\"text-align: justify;\">\u00abEstamos muy contentos de poder llevar adelante esta iniciativa que consiste precisamente en llevar estos espacios de formaci\u00f3n a establecimientos educacionales que est\u00e9n dispuestos tambi\u00e9n a poder compartir con nosotros. Hoy existe una visi\u00f3n de que los y las j\u00f3venes estudiantes est\u00e1n alejados de las instituciones, pero en la pr\u00e1ctica cuando uno conversa con ellos y ellas nos podemos dar cuenta que no es as\u00ed. Nuestros ni\u00f1os, ni\u00f1as y j\u00f3venes quieren aportar al desarrollo de la regi\u00f3n en que habitan\u00bb, contin\u00fao la Gobernadora.<\/p>\n<p style=\"text-align: justify;\">La conversaci\u00f3n da cuenta del esfuerzo del Gobierno Regional y su Consejo en dar a conocer la labor que se realiza en pos del desarrollo regional, as\u00ed como funcionan las distintas autoridades y las Comisiones en que se trabajan las distintas tem\u00e1ticas de inter\u00e9s regional.<\/p>\n<p style=\"text-align: justify;\">Para el profesor Osvaldo Belmar Quijada,\u00a0director de la Escuela de Villa Ortega, el espacio de encuentro entre la autoridad regional y la comunidad educativa fue hist\u00f3rico y provechoso para una zona tan apartada del sector urbano.<\/p>\n<p style=\"text-align: justify;\">\u00abLa se\u00f1ora Andrea Mac\u00edas, Gobernadora de la Regi\u00f3n de Ays\u00e9n, se present\u00f3 en nuestra escuela Pablo Neruda de Villa Ortega, con un plan de trabajo de Educaci\u00f3n C\u00edvica muy, pero muy bueno. Esto permiti\u00f3 que nuestros estudiantes junto con unos pap\u00e1s, asistentes educacionales y docentes fueran parte de esta conversaci\u00f3n, de este di\u00e1logo y que todos participaran de las consultas y realmente dignificar el tema c\u00edvico que es muy necesario en nuestra regi\u00f3n y pa\u00eds. Creo que la Gobernadora se present\u00f3 en forma muy cordial, muy asertiva con respecto a sus temas y sobre todo que vi mucho entusiasmo de parte de los pap\u00e1s que asistieron, estudiantes y asistentes junto a los colegas as\u00ed que agradecer desde ya como encargado de la escuela, la asistencia a esta actividad de todos y cada uno de los que participaron y dar las gracias a la Gobernadora Regional por su disposici\u00f3n\u00bb, afirm\u00f3.<\/p>\n<p style=\"text-align: justify;\">El plan de trabajo pretende tener a la autoridad regional presente en escuelas y liceos de todas las provincias de la regi\u00f3n.<\/p>\n<div><\/div>\n<\/div><\/section><\/div><div  style='height:50px' class='hr hr-invisible   avia-builder-el-6  el_after_av_one_full  el_before_av_social_share '><span class='hr-inner ' ><span class='hr-inner-style'><\/span><\/span><\/div><\/p>\n<div  class='av-social-sharing-box  avia-builder-el-7  el_after_av_hr  el_before_av_hr  '><div class='av-share-box'><h5 class='av-share-link-description av-no-toc '>Compartir esta noticia<\/h5><ul class='av-share-box-list noLightbox'><li class='av-share-link av-social-link-facebook' ><a target=\"_blank\" aria-label=\"Compartir en Facebook\" href='https:\/\/www.facebook.com\/sharer.php?u=https:\/\/radiorevelacionfm.cl\/?p=19009&#038;t=Gobernadora%20Regional%20recorre%20escuelas%20y%20liceos%20para%20hablar%20sobre%20Formaci%C3%B3n%20Ciudadana%20a%20estudiantes' aria-hidden='false' data-av_icon='\ue8f3' data-av_iconfont='entypo-fontello' title='' data-avia-related-tooltip='Compartir en Facebook' rel=\"noopener\"><span class='avia_hidden_link_text'>Compartir en Facebook<\/span><\/a><\/li><li class='av-share-link av-social-link-twitter' ><a target=\"_blank\" aria-label=\"Compartir en Twitter\" href='https:\/\/twitter.com\/share?text=Gobernadora%20Regional%20recorre%20escuelas%20y%20liceos%20para%20hablar%20sobre%20Formaci%C3%B3n%20Ciudadana%20a%20estudiantes&#038;url=https:\/\/radiorevelacionfm.cl\/?p=19009' aria-hidden='false' data-av_icon='\ue8f1' data-av_iconfont='entypo-fontello' title='' data-avia-related-tooltip='Compartir en Twitter' rel=\"noopener\"><span class='avia_hidden_link_text'>Compartir en Twitter<\/span><\/a><\/li><li class='av-share-link av-social-link-whatsapp' ><a target=\"_blank\" aria-label=\"Compartir en Whatsapp\" href='https:\/\/api.whatsapp.com\/send?text=https:\/\/radiorevelacionfm.cl\/?p=19009' aria-hidden='false' data-av_icon='\uf232' data-av_iconfont='entypo-fontello' title='' data-avia-related-tooltip='Compartir en Whatsapp' rel=\"noopener\"><span class='avia_hidden_link_text'>Compartir en Whatsapp<\/span><\/a><\/li><li class='av-share-link av-social-link-linkedin' ><a target=\"_blank\" aria-label=\"Compartir en LinkedIn\" href='https:\/\/linkedin.com\/shareArticle?mini=true&#038;title=Gobernadora%20Regional%20recorre%20escuelas%20y%20liceos%20para%20hablar%20sobre%20Formaci%C3%B3n%20Ciudadana%20a%20estudiantes&#038;url=https:\/\/radiorevelacionfm.cl\/?p=19009' aria-hidden='false' data-av_icon='\ue8fc' data-av_iconfont='entypo-fontello' title='' data-avia-related-tooltip='Compartir en LinkedIn' rel=\"noopener\"><span class='avia_hidden_link_text'>Compartir en LinkedIn<\/span><\/a><\/li><li class='av-share-link av-social-link-mail' ><a  aria-label=\"Compartir por correo\" href='mailto:?subject=Gobernadora%20Regional%20recorre%20escuelas%20y%20liceos%20para%20hablar%20sobre%20Formaci%C3%B3n%20Ciudadana%20a%20estudiantes&#038;body=https:\/\/radiorevelacionfm.cl\/?p=19009' aria-hidden='false' data-av_icon='\ue805' data-av_iconfont='entypo-fontello' title='' data-avia-related-tooltip='Compartir por correo'><span class='avia_hidden_link_text'>Compartir por correo<\/span><\/a><\/li><\/ul><\/div><\/div>\n<div  style='height:50px' class='hr hr-invisible   avia-builder-el-8  el_after_av_social_share  el_before_av_comments_list '><span class='hr-inner ' ><span class='hr-inner-style'><\/span><\/span><\/div>\n<div  class='av-buildercomment  av-blog-meta-html-info-disabled av-blog-meta-tag-disabled  '><\/div>\n","protected":false},"excerpt":{"rendered":"","protected":false},"author":1,"featured_media":19010,"comment_status":"open","ping_status":"open","sticky":false,"template":"","format":"standard","meta":{"footnotes":""},"categories":[38],"tags":[],"class_list":["post-19009","post","type-post","status-publish","format-standard","has-post-thumbnail","hentry","category-regional"],"jetpack_featured_media_url":"https:\/\/radiorevelacionfm.cl\/wp-content\/uploads\/2022\/07\/Foto-2-16-1-1.jpeg","_links":{"self":[{"href":"https:\/\/radiorevelacionfm.cl\/index.php?rest_route=\/wp\/v2\/posts\/19009","targetHints":{"allow":["GET"]}}],"collection":[{"href":"https:\/\/radiorevelacionfm.cl\/index.php?rest_route=\/wp\/v2\/posts"}],"about":[{"href":"https:\/\/radiorevelacionfm.cl\/index.php?rest_route=\/wp\/v2\/types\/post"}],"author":[{"embeddable":true,"href":"https:\/\/radiorevelacionfm.cl\/index.php?rest_route=\/wp\/v2\/users\/1"}],"replies":[{"embeddable":true,"href":"https:\/\/radiorevelacionfm.cl\/index.php?rest_route=%2Fwp%2Fv2%2Fcomments&post=19009"}],"version-history":[{"count":2,"href":"https:\/\/radiorevelacionfm.cl\/index.php?rest_route=\/wp\/v2\/posts\/19009\/revisions"}],"predecessor-version":[{"id":19012,"href":"https:\/\/radiorevelacionfm.cl\/index.php?rest_route=\/wp\/v2\/posts\/19009\/revisions\/19012"}],"wp:featuredmedia":[{"embeddable":true,"href":"https:\/\/radiorevelacionfm.cl\/index.php?rest_route=\/wp\/v2\/media\/19010"}],"wp:attachment":[{"href":"https:\/\/radiorevelacionfm.cl\/index.php?rest_route=%2Fwp%2Fv2%2Fmedia&parent=19009"}],"wp:term":[{"taxonomy":"category","embeddable":true,"href":"https:\/\/radiorevelacionfm.cl\/index.php?rest_route=%2Fwp%2Fv2%2Fcategories&post=19009"},{"taxonomy":"post_tag","embeddable":true,"href":"https:\/\/radiorevelacionfm.cl\/index.php?rest_route=%2Fwp%2Fv2%2Ftags&post=19009"}],"curies":[{"name":"wp","href":"https:\/\/api.w.org\/{rel}","templated":true}]}}