{"id":19001,"date":"2022-07-08T20:20:25","date_gmt":"2022-07-08T23:20:25","guid":{"rendered":"https:\/\/radiorevelacionfm.cl\/?p=19001"},"modified":"2022-07-08T20:20:25","modified_gmt":"2022-07-08T23:20:25","slug":"alcalde-uribe-lidero-apertura-de-fondos-municipales-destinados-a-juntas-de-vecinos-y-organizaciones-de-personas-mayores","status":"publish","type":"post","link":"https:\/\/radiorevelacionfm.cl\/?p=19001","title":{"rendered":"Alcalde Uribe lider\u00f3 apertura de fondos municipales destinados a Juntas de Vecinos y Organizaciones de Personas Mayores"},"content":{"rendered":"<div class=\"flex_column av_one_full  flex_column_div av-zero-column-padding first  avia-builder-el-0  el_before_av_one_full  avia-builder-el-first  \" style='border-radius:0px; '><div  class='avia-image-container  av-styling-    avia-builder-el-1  avia-builder-el-no-sibling  avia-align-center '  itemprop=\"image\" itemscope=\"itemscope\" itemtype=\"https:\/\/schema.org\/ImageObject\"  ><div class='avia-image-container-inner'><div class='avia-image-overlay-wrap'><img decoding=\"async\" class='wp-image-19002 avia-img-lazy-loading-not-19002 avia_image' src=\"https:\/\/radiorevelacionfm.cl\/wp-content\/uploads\/2022\/07\/img-fondeve-fomam4-1-1.jpeg\" alt='' title='img-fondeve-fomam4 (1) (1)' height=\"600\" width=\"1038\"  itemprop=\"thumbnailUrl\" srcset=\"https:\/\/radiorevelacionfm.cl\/wp-content\/uploads\/2022\/07\/img-fondeve-fomam4-1-1.jpeg 1038w, https:\/\/radiorevelacionfm.cl\/wp-content\/uploads\/2022\/07\/img-fondeve-fomam4-1-1-300x173.jpeg 300w, https:\/\/radiorevelacionfm.cl\/wp-content\/uploads\/2022\/07\/img-fondeve-fomam4-1-1-1030x595.jpeg 1030w, https:\/\/radiorevelacionfm.cl\/wp-content\/uploads\/2022\/07\/img-fondeve-fomam4-1-1-768x444.jpeg 768w, https:\/\/radiorevelacionfm.cl\/wp-content\/uploads\/2022\/07\/img-fondeve-fomam4-1-1-705x408.jpeg 705w, https:\/\/radiorevelacionfm.cl\/wp-content\/uploads\/2022\/07\/img-fondeve-fomam4-1-1-600x347.jpeg 600w\" sizes=\"(max-width: 1038px) 100vw, 1038px\" \/><\/div><\/div><\/div><\/div><div class=\"flex_column av_one_full  flex_column_div av-zero-column-padding first  avia-builder-el-2  el_after_av_one_full  el_before_av_one_full  column-top-margin\" style='border-radius:0px; '><section class=\"av_textblock_section \"  itemscope=\"itemscope\" itemtype=\"https:\/\/schema.org\/BlogPosting\" itemprop=\"blogPost\" ><div class='avia_textblock  '   itemprop=\"text\" ><p style=\"text-align: center;\"><strong><span style=\"font-size: 18pt;\">Alcalde Uribe lider\u00f3 apertura de fondos municipales destinados a Juntas de Vecinos y Organizaciones de Personas Mayores<\/span><\/strong><\/p>\n<div id=\"gtx-trans\" style=\"position: absolute; left: -50px; top: 4.31534px;\">\n<div class=\"gtx-trans-icon\"><\/div>\n<\/div>\n<\/div><\/section><\/div><div class=\"flex_column av_one_full  flex_column_div av-zero-column-padding first  avia-builder-el-4  el_after_av_one_full  el_before_av_hr  column-top-margin\" style='border-radius:0px; '><section class=\"av_textblock_section \"  itemscope=\"itemscope\" itemtype=\"https:\/\/schema.org\/BlogPosting\" itemprop=\"blogPost\" ><div class='avia_textblock  '   itemprop=\"text\" ><p style=\"text-align: justify;\">Con una alta concurrencia de dirigentes sociales y con un aumento significativo en las organizaciones habilitadas para el per\u00edodo 2022 se efectu\u00f3 el lanzamiento de los Fondos de Desarrollo Vecinal y Municipal del Adulto Mayor, FONDEVE y FOMAM, respectivamente. En las instancias, lideradas por el alcalde de Ays\u00e9n, Julio Uribe Alvarado, se destac\u00f3 el compromiso por trabajar mancomunadamente por el bienestar de los vecinos, lo que se ve reflejado en la nueva articulaci\u00f3n del Oficina de Organizaciones Comunitarias a cargo de la dirigenta deportiva Mar\u00eda Rita Aguilar.<\/p>\n<p style=\"text-align: justify;\">Al respecto, la primera autoridad de la comuna de Ays\u00e9n puntualiz\u00f3 en lo especial que se traduce la entrega de estas documentaciones por su amplia cercan\u00eda con las personas mayores y con las Juntas de Vecinos, a fin de que puedan postular en las v\u00edas de financiamiento habilitadas por la casa edilicia. \u201cLogramos actualizar a muchas m\u00e1s agrupaciones que no ten\u00edan su personalidad jur\u00eddica al d\u00eda el a\u00f1o pasado y actualmente ya cuentan con esto, por lo que, estamos beneficiando a m\u00e1s organizaciones y tambi\u00e9n explicando el abanico de opciones en lo que se pueden invertir estos recursos, eso nos tiene muy contentos y esperar de que se realice todo el proceso sin mayores problemas\u201d.<\/p>\n<p style=\"text-align: justify;\">Adem\u00e1s, el alcalde Julio Uribe, destac\u00f3 que junto al fortalecimiento en la org\u00e1nica que brind\u00f3 la administraci\u00f3n que lidera hoy tambi\u00e9n se debe velar por realzar la importante contribuci\u00f3n que desarrollan de manera altruista los dirigentes sociales \u201cestas reuniones con todos los dirigentes sociales nos llenan de satisfacci\u00f3n porque son personas que entregan el d\u00eda a d\u00eda a una actividad donde no son remunerados pero la tremenda ayuda que hacen a los vecinos es gigante, as\u00ed es que, felicitarlos a todos\u201d, indic\u00f3.<\/p>\n<p style=\"text-align: justify;\">Por su parte, la concejala Rosa Gonz\u00e1lez B\u00f3rquez, abord\u00f3 el desarrollo de la actividad explicando que esta es la segunda oportunidad en la que como autoridad procede a la entrega de estos instrumentos a las organizaciones, haciendo \u00e9nfasis que tambi\u00e9n estas instancias permiten establecer una comunicaci\u00f3n que permite conocer \u201csus necesidades y de las expectativas que tienen para este a\u00f1o, hablamos tambi\u00e9n de la bajada de lo que es el borrador de la Nueva Constituci\u00f3n y de los talleres de liderazgo que vienen para este a\u00f1o, as\u00ed es que, estamos muy contentos de una reuni\u00f3n provechosa y que viene a sellarse con esta entrega de documentaci\u00f3n donde el proceso sigue\u201d.<\/p>\n<p style=\"text-align: justify;\">En tanto, la encargada de la Unidad de Organizaciones Comunitarias del municipio de Ays\u00e9n, Rita Aguilar Oyarzo, explic\u00f3 que tras la instrucci\u00f3n del alcalde Uribe se fortaleci\u00f3 el despliegue territorial en la comuna con las organizaciones, situaci\u00f3n que ha generado el reconocimiento transversal ante los buenos resultados que permiten ampliar la cantidad de organizaciones habilitadas para el FOMAM y el FONDEVE.<\/p>\n<p style=\"text-align: justify;\">Mar\u00eda Chaura, representante del Club Parroquial Padre Alberto Hurtado, explic\u00f3 que \u201ccon este dinero nosotros queremos alcanzar a comprar algunas cosas que se necesitan en el Club. Por ejemplo, de hogar se puede decir como comprar ollas, loza y todo lo que se pueda alcanzar para aprovechar los fondos del FOMAM\u201d. En el entendido que estos recursos permiten a sus beneficiarios dotar de implementaci\u00f3n a las organizaciones para sus reuniones y trabajo activo con los asociados.<\/p>\n<p style=\"text-align: justify;\">Finalmente, Susana Ortiz, presidenta de la Junta de Vecinos de Villa Ays\u00e9n, manifest\u00f3 lo necesario para las organizaciones el contar con estos recursos \u201cnosotros no tenemos fondos de nada y esta es una gran ayuda para la comunidad de las Juntas de Vecinos porque nosotros con esos dineros podemos hacer muchas cosas como arreglar la sede, comprar implementaci\u00f3n y ahora, vuelvo a postular nuevamente y espero que nos vaya bien a todos y esta ayuda entregada por el municipio es bien recibida porque nos servir\u00e1 de mucho\u201d, sentenci\u00f3 la reconocida dirigenta del sector norte de Puerto Ays\u00e9n.<\/p>\n<\/div><\/section><\/div><div  style='height:50px' class='hr hr-invisible   avia-builder-el-6  el_after_av_one_full  el_before_av_social_share '><span class='hr-inner ' ><span class='hr-inner-style'><\/span><\/span><\/div><\/p>\n<div  class='av-social-sharing-box  avia-builder-el-7  el_after_av_hr  el_before_av_hr  '><div class='av-share-box'><h5 class='av-share-link-description av-no-toc '>Compartir esta noticia<\/h5><ul class='av-share-box-list noLightbox'><li class='av-share-link av-social-link-facebook' ><a target=\"_blank\" aria-label=\"Compartir en Facebook\" href='https:\/\/www.facebook.com\/sharer.php?u=https:\/\/radiorevelacionfm.cl\/?p=19001&#038;t=Alcalde%20Uribe%20lider%C3%B3%20apertura%20de%20fondos%20municipales%20destinados%20a%20Juntas%20de%20Vecinos%20y%20Organizaciones%20de%20Personas%20Mayores' aria-hidden='false' data-av_icon='\ue8f3' data-av_iconfont='entypo-fontello' title='' data-avia-related-tooltip='Compartir en Facebook' rel=\"noopener\"><span class='avia_hidden_link_text'>Compartir en Facebook<\/span><\/a><\/li><li class='av-share-link av-social-link-twitter' ><a target=\"_blank\" aria-label=\"Compartir en Twitter\" href='https:\/\/twitter.com\/share?text=Alcalde%20Uribe%20lider%C3%B3%20apertura%20de%20fondos%20municipales%20destinados%20a%20Juntas%20de%20Vecinos%20y%20Organizaciones%20de%20Personas%20Mayores&#038;url=https:\/\/radiorevelacionfm.cl\/?p=19001' aria-hidden='false' data-av_icon='\ue8f1' data-av_iconfont='entypo-fontello' title='' data-avia-related-tooltip='Compartir en Twitter' rel=\"noopener\"><span class='avia_hidden_link_text'>Compartir en Twitter<\/span><\/a><\/li><li class='av-share-link av-social-link-whatsapp' ><a target=\"_blank\" aria-label=\"Compartir en Whatsapp\" href='https:\/\/api.whatsapp.com\/send?text=https:\/\/radiorevelacionfm.cl\/?p=19001' aria-hidden='false' data-av_icon='\uf232' data-av_iconfont='entypo-fontello' title='' data-avia-related-tooltip='Compartir en Whatsapp' rel=\"noopener\"><span class='avia_hidden_link_text'>Compartir en Whatsapp<\/span><\/a><\/li><li class='av-share-link av-social-link-linkedin' ><a target=\"_blank\" aria-label=\"Compartir en LinkedIn\" href='https:\/\/linkedin.com\/shareArticle?mini=true&#038;title=Alcalde%20Uribe%20lider%C3%B3%20apertura%20de%20fondos%20municipales%20destinados%20a%20Juntas%20de%20Vecinos%20y%20Organizaciones%20de%20Personas%20Mayores&#038;url=https:\/\/radiorevelacionfm.cl\/?p=19001' aria-hidden='false' data-av_icon='\ue8fc' data-av_iconfont='entypo-fontello' title='' data-avia-related-tooltip='Compartir en LinkedIn' rel=\"noopener\"><span class='avia_hidden_link_text'>Compartir en LinkedIn<\/span><\/a><\/li><li class='av-share-link av-social-link-mail' ><a  aria-label=\"Compartir por correo\" href='mailto:?subject=Alcalde%20Uribe%20lider%C3%B3%20apertura%20de%20fondos%20municipales%20destinados%20a%20Juntas%20de%20Vecinos%20y%20Organizaciones%20de%20Personas%20Mayores&#038;body=https:\/\/radiorevelacionfm.cl\/?p=19001' aria-hidden='false' data-av_icon='\ue805' data-av_iconfont='entypo-fontello' title='' data-avia-related-tooltip='Compartir por correo'><span class='avia_hidden_link_text'>Compartir por correo<\/span><\/a><\/li><\/ul><\/div><\/div>\n<div  style='height:50px' class='hr hr-invisible   avia-builder-el-8  el_after_av_social_share  el_before_av_comments_list '><span class='hr-inner ' ><span class='hr-inner-style'><\/span><\/span><\/div>\n<div  class='av-buildercomment  av-blog-meta-html-info-disabled av-blog-meta-tag-disabled  '><\/div>\n","protected":false},"excerpt":{"rendered":"","protected":false},"author":1,"featured_media":19002,"comment_status":"open","ping_status":"open","sticky":false,"template":"","format":"standard","meta":{"footnotes":""},"categories":[38],"tags":[],"class_list":["post-19001","post","type-post","status-publish","format-standard","has-post-thumbnail","hentry","category-regional"],"jetpack_featured_media_url":"https:\/\/radiorevelacionfm.cl\/wp-content\/uploads\/2022\/07\/img-fondeve-fomam4-1-1.jpeg","_links":{"self":[{"href":"https:\/\/radiorevelacionfm.cl\/index.php?rest_route=\/wp\/v2\/posts\/19001","targetHints":{"allow":["GET"]}}],"collection":[{"href":"https:\/\/radiorevelacionfm.cl\/index.php?rest_route=\/wp\/v2\/posts"}],"about":[{"href":"https:\/\/radiorevelacionfm.cl\/index.php?rest_route=\/wp\/v2\/types\/post"}],"author":[{"embeddable":true,"href":"https:\/\/radiorevelacionfm.cl\/index.php?rest_route=\/wp\/v2\/users\/1"}],"replies":[{"embeddable":true,"href":"https:\/\/radiorevelacionfm.cl\/index.php?rest_route=%2Fwp%2Fv2%2Fcomments&post=19001"}],"version-history":[{"count":2,"href":"https:\/\/radiorevelacionfm.cl\/index.php?rest_route=\/wp\/v2\/posts\/19001\/revisions"}],"predecessor-version":[{"id":19004,"href":"https:\/\/radiorevelacionfm.cl\/index.php?rest_route=\/wp\/v2\/posts\/19001\/revisions\/19004"}],"wp:featuredmedia":[{"embeddable":true,"href":"https:\/\/radiorevelacionfm.cl\/index.php?rest_route=\/wp\/v2\/media\/19002"}],"wp:attachment":[{"href":"https:\/\/radiorevelacionfm.cl\/index.php?rest_route=%2Fwp%2Fv2%2Fmedia&parent=19001"}],"wp:term":[{"taxonomy":"category","embeddable":true,"href":"https:\/\/radiorevelacionfm.cl\/index.php?rest_route=%2Fwp%2Fv2%2Fcategories&post=19001"},{"taxonomy":"post_tag","embeddable":true,"href":"https:\/\/radiorevelacionfm.cl\/index.php?rest_route=%2Fwp%2Fv2%2Ftags&post=19001"}],"curies":[{"name":"wp","href":"https:\/\/api.w.org\/{rel}","templated":true}]}}