{"id":18996,"date":"2022-07-08T18:34:11","date_gmt":"2022-07-08T21:34:11","guid":{"rendered":"https:\/\/radiorevelacionfm.cl\/?p=18996"},"modified":"2022-07-08T18:34:11","modified_gmt":"2022-07-08T21:34:11","slug":"delegado-regional-y-consul-en-comodoro-rivadavia-buscan-fortalecer-nexos-con-comunidad-chilena-residente","status":"publish","type":"post","link":"https:\/\/radiorevelacionfm.cl\/?p=18996","title":{"rendered":"Delegado Regional y C\u00f3nsul en Comodoro Rivadavia buscan fortalecer nexos con comunidad chilena residente"},"content":{"rendered":"<div class=\"flex_column av_one_full  flex_column_div av-zero-column-padding first  avia-builder-el-0  el_before_av_one_full  avia-builder-el-first  \" style='border-radius:0px; '><div  class='avia-image-container  av-styling-    avia-builder-el-1  avia-builder-el-no-sibling  avia-align-center '  itemprop=\"image\" itemscope=\"itemscope\" itemtype=\"https:\/\/schema.org\/ImageObject\"  ><div class='avia-image-container-inner'><div class='avia-image-overlay-wrap'><img decoding=\"async\" class='wp-image-18997 avia-img-lazy-loading-not-18997 avia_image' src=\"https:\/\/radiorevelacionfm.cl\/wp-content\/uploads\/2022\/07\/IMG_5680-1-1.jpg\" alt='' title='IMG_5680 (1) (1)' height=\"600\" width=\"840\"  itemprop=\"thumbnailUrl\" srcset=\"https:\/\/radiorevelacionfm.cl\/wp-content\/uploads\/2022\/07\/IMG_5680-1-1.jpg 840w, https:\/\/radiorevelacionfm.cl\/wp-content\/uploads\/2022\/07\/IMG_5680-1-1-300x214.jpg 300w, https:\/\/radiorevelacionfm.cl\/wp-content\/uploads\/2022\/07\/IMG_5680-1-1-768x549.jpg 768w, https:\/\/radiorevelacionfm.cl\/wp-content\/uploads\/2022\/07\/IMG_5680-1-1-260x185.jpg 260w, https:\/\/radiorevelacionfm.cl\/wp-content\/uploads\/2022\/07\/IMG_5680-1-1-705x504.jpg 705w, https:\/\/radiorevelacionfm.cl\/wp-content\/uploads\/2022\/07\/IMG_5680-1-1-600x429.jpg 600w\" sizes=\"(max-width: 840px) 100vw, 840px\" \/><\/div><\/div><\/div><\/div><div class=\"flex_column av_one_full  flex_column_div av-zero-column-padding first  avia-builder-el-2  el_after_av_one_full  el_before_av_one_full  column-top-margin\" style='border-radius:0px; '><section class=\"av_textblock_section \"  itemscope=\"itemscope\" itemtype=\"https:\/\/schema.org\/BlogPosting\" itemprop=\"blogPost\" ><div class='avia_textblock  '   itemprop=\"text\" ><p style=\"text-align: center;\"><strong><span style=\"font-size: 18pt;\">Delegado Regional y C\u00f3nsul en Comodoro Rivadavia buscan fortalecer nexos con comunidad chilena residente<\/span><\/strong><\/p>\n<div id=\"gtx-trans\" style=\"position: absolute; left: -50px; top: 4.31534px;\">\n<div class=\"gtx-trans-icon\"><\/div>\n<\/div>\n<\/div><\/section><\/div><div class=\"flex_column av_one_full  flex_column_div av-zero-column-padding first  avia-builder-el-4  el_after_av_one_full  el_before_av_hr  column-top-margin\" style='border-radius:0px; '><section class=\"av_textblock_section \"  itemscope=\"itemscope\" itemtype=\"https:\/\/schema.org\/BlogPosting\" itemprop=\"blogPost\" ><div class='avia_textblock  '   itemprop=\"text\" ><p style=\"font-weight: 400; text-align: justify;\">Con una reuni\u00f3n de trabajo en la Delegaci\u00f3n Presidencial Regional de Ays\u00e9n, el Delegado Rodrigo Araya Morales y la c\u00f3nsul chilena en Comodoro Rivadavia, Valentina Mora P\u00e9rez, definieron lineamientos para reforzar nexos con la comunidad chilena residente en Argentina.<\/p>\n<p style=\"font-weight: 400; text-align: justify;\">Rodrigo Araya indic\u00f3 que esta reuni\u00f3n presencial, con la primera mujer c\u00f3nsul en Comodoro, tuvo por objetivo coordinar el trabajo conjunto con miras a estrechar lazos y \u00e1mbitos de acci\u00f3n conjunta.<\/p>\n<p style=\"font-weight: 400; text-align: justify;\">\u201cLa comunidad de chilenos en Comodoro, es una comunidad de m\u00e1s de siete mil personas, que demandan m\u00e1s cercan\u00eda con el Estado chileno. En Comodoro est\u00e1n haciendo esfuerzos por acercar a la ciudadan\u00eda, a los residentes chilenos los beneficios de nuestro Estado y nosotros queremos participar en ello activamente. Hablamos de c\u00f3mo podemos mejorar nuestras relaciones comerciales, culturales, lo educativo, el transporte terrestre y a\u00e9reo. Esperamos avanzar y tener de aqu\u00ed a fin de a\u00f1o una planificaci\u00f3n concreta para los pr\u00f3ximos cuatro a\u00f1os del gobierno de nuestro Presidente Gabriel Boric\u201d, destac\u00f3.<\/p>\n<p style=\"font-weight: 400; text-align: justify;\">Valentina Mora agreg\u00f3 que esta agenda de trabajo buscar\u00e1 integrar las acciones de Argentina y de Chile, en beneficio de ambas comunidades.<\/p>\n<p style=\"font-weight: 400; text-align: justify;\">\u201cEl trabajo que hacemos en el consulado de Comodoro Rivadavia, es atender todos los requisitos y necesidades de la comunidad de chilenos que viven ah\u00ed y tambi\u00e9n hacer un trabajo de promoci\u00f3n econ\u00f3mico comercial de Chile. Adem\u00e1s, promover la cultura y el turismo de nuestro pa\u00eds, a fin de acercar Chile a Argentina y tener unas relaciones de amistad m\u00e1s fuertes con el pa\u00eds vecino\u201d, concluy\u00f3.<\/p>\n<p style=\"font-weight: 400; text-align: justify;\">Entre los aspectos abordados est\u00e1n la conectividad, relaciones comerciales y de turismo, educaci\u00f3n, cultura y deporte, con el fin de facilitar la relaci\u00f3n e intercambio entre las familias y comunidades.<\/p>\n<\/div><\/section><\/div><div  style='height:50px' class='hr hr-invisible   avia-builder-el-6  el_after_av_one_full  el_before_av_social_share '><span class='hr-inner ' ><span class='hr-inner-style'><\/span><\/span><\/div><\/p>\n<div  class='av-social-sharing-box  avia-builder-el-7  el_after_av_hr  el_before_av_hr  '><div class='av-share-box'><h5 class='av-share-link-description av-no-toc '>Compartir esta noticia<\/h5><ul class='av-share-box-list noLightbox'><li class='av-share-link av-social-link-facebook' ><a target=\"_blank\" aria-label=\"Compartir en Facebook\" href='https:\/\/www.facebook.com\/sharer.php?u=https:\/\/radiorevelacionfm.cl\/?p=18996&#038;t=Delegado%20Regional%20y%20C%C3%B3nsul%20en%20Comodoro%20Rivadavia%20buscan%20fortalecer%20nexos%20con%20comunidad%20chilena%20residente' aria-hidden='false' data-av_icon='\ue8f3' data-av_iconfont='entypo-fontello' title='' data-avia-related-tooltip='Compartir en Facebook' rel=\"noopener\"><span class='avia_hidden_link_text'>Compartir en Facebook<\/span><\/a><\/li><li class='av-share-link av-social-link-twitter' ><a target=\"_blank\" aria-label=\"Compartir en Twitter\" href='https:\/\/twitter.com\/share?text=Delegado%20Regional%20y%20C%C3%B3nsul%20en%20Comodoro%20Rivadavia%20buscan%20fortalecer%20nexos%20con%20comunidad%20chilena%20residente&#038;url=https:\/\/radiorevelacionfm.cl\/?p=18996' aria-hidden='false' data-av_icon='\ue8f1' data-av_iconfont='entypo-fontello' title='' data-avia-related-tooltip='Compartir en Twitter' rel=\"noopener\"><span class='avia_hidden_link_text'>Compartir en Twitter<\/span><\/a><\/li><li class='av-share-link av-social-link-whatsapp' ><a target=\"_blank\" aria-label=\"Compartir en Whatsapp\" href='https:\/\/api.whatsapp.com\/send?text=https:\/\/radiorevelacionfm.cl\/?p=18996' aria-hidden='false' data-av_icon='\uf232' data-av_iconfont='entypo-fontello' title='' data-avia-related-tooltip='Compartir en Whatsapp' rel=\"noopener\"><span class='avia_hidden_link_text'>Compartir en Whatsapp<\/span><\/a><\/li><li class='av-share-link av-social-link-linkedin' ><a target=\"_blank\" aria-label=\"Compartir en LinkedIn\" href='https:\/\/linkedin.com\/shareArticle?mini=true&#038;title=Delegado%20Regional%20y%20C%C3%B3nsul%20en%20Comodoro%20Rivadavia%20buscan%20fortalecer%20nexos%20con%20comunidad%20chilena%20residente&#038;url=https:\/\/radiorevelacionfm.cl\/?p=18996' aria-hidden='false' data-av_icon='\ue8fc' data-av_iconfont='entypo-fontello' title='' data-avia-related-tooltip='Compartir en LinkedIn' rel=\"noopener\"><span class='avia_hidden_link_text'>Compartir en LinkedIn<\/span><\/a><\/li><li class='av-share-link av-social-link-mail' ><a  aria-label=\"Compartir por correo\" href='mailto:?subject=Delegado%20Regional%20y%20C%C3%B3nsul%20en%20Comodoro%20Rivadavia%20buscan%20fortalecer%20nexos%20con%20comunidad%20chilena%20residente&#038;body=https:\/\/radiorevelacionfm.cl\/?p=18996' aria-hidden='false' data-av_icon='\ue805' data-av_iconfont='entypo-fontello' title='' data-avia-related-tooltip='Compartir por correo'><span class='avia_hidden_link_text'>Compartir por correo<\/span><\/a><\/li><\/ul><\/div><\/div>\n<div  style='height:50px' class='hr hr-invisible   avia-builder-el-8  el_after_av_social_share  el_before_av_comments_list '><span class='hr-inner ' ><span class='hr-inner-style'><\/span><\/span><\/div>\n<div  class='av-buildercomment  av-blog-meta-html-info-disabled av-blog-meta-tag-disabled  '><\/div>\n","protected":false},"excerpt":{"rendered":"","protected":false},"author":1,"featured_media":18997,"comment_status":"open","ping_status":"open","sticky":false,"template":"","format":"standard","meta":{"footnotes":""},"categories":[38],"tags":[],"class_list":["post-18996","post","type-post","status-publish","format-standard","has-post-thumbnail","hentry","category-regional"],"jetpack_featured_media_url":"https:\/\/radiorevelacionfm.cl\/wp-content\/uploads\/2022\/07\/IMG_5680-1-1.jpg","_links":{"self":[{"href":"https:\/\/radiorevelacionfm.cl\/index.php?rest_route=\/wp\/v2\/posts\/18996","targetHints":{"allow":["GET"]}}],"collection":[{"href":"https:\/\/radiorevelacionfm.cl\/index.php?rest_route=\/wp\/v2\/posts"}],"about":[{"href":"https:\/\/radiorevelacionfm.cl\/index.php?rest_route=\/wp\/v2\/types\/post"}],"author":[{"embeddable":true,"href":"https:\/\/radiorevelacionfm.cl\/index.php?rest_route=\/wp\/v2\/users\/1"}],"replies":[{"embeddable":true,"href":"https:\/\/radiorevelacionfm.cl\/index.php?rest_route=%2Fwp%2Fv2%2Fcomments&post=18996"}],"version-history":[{"count":2,"href":"https:\/\/radiorevelacionfm.cl\/index.php?rest_route=\/wp\/v2\/posts\/18996\/revisions"}],"predecessor-version":[{"id":18999,"href":"https:\/\/radiorevelacionfm.cl\/index.php?rest_route=\/wp\/v2\/posts\/18996\/revisions\/18999"}],"wp:featuredmedia":[{"embeddable":true,"href":"https:\/\/radiorevelacionfm.cl\/index.php?rest_route=\/wp\/v2\/media\/18997"}],"wp:attachment":[{"href":"https:\/\/radiorevelacionfm.cl\/index.php?rest_route=%2Fwp%2Fv2%2Fmedia&parent=18996"}],"wp:term":[{"taxonomy":"category","embeddable":true,"href":"https:\/\/radiorevelacionfm.cl\/index.php?rest_route=%2Fwp%2Fv2%2Fcategories&post=18996"},{"taxonomy":"post_tag","embeddable":true,"href":"https:\/\/radiorevelacionfm.cl\/index.php?rest_route=%2Fwp%2Fv2%2Ftags&post=18996"}],"curies":[{"name":"wp","href":"https:\/\/api.w.org\/{rel}","templated":true}]}}