{"id":18993,"date":"2022-07-08T18:53:57","date_gmt":"2022-07-08T21:53:57","guid":{"rendered":"https:\/\/radiorevelacionfm.cl\/?p=18993"},"modified":"2022-07-08T18:53:57","modified_gmt":"2022-07-08T21:53:57","slug":"liceo-josefina-aguirre-montenegro-participa-en-talleres-de-prevencion-en-violencia-contra-las-mujeres","status":"publish","type":"post","link":"https:\/\/radiorevelacionfm.cl\/?p=18993","title":{"rendered":"Liceo Josefina Aguirre Montenegro participa en talleres de prevenci\u00f3n en violencia contra las mujeres"},"content":{"rendered":"<div class=\"flex_column av_one_full  flex_column_div av-zero-column-padding first  avia-builder-el-0  el_before_av_one_full  avia-builder-el-first  \" style='border-radius:0px; '><div  class='avia-image-container  av-styling-    avia-builder-el-1  avia-builder-el-no-sibling  avia-align-center '  itemprop=\"image\" itemscope=\"itemscope\" itemtype=\"https:\/\/schema.org\/ImageObject\"  ><div class='avia-image-container-inner'><div class='avia-image-overlay-wrap'><img decoding=\"async\" class='wp-image-18994 avia-img-lazy-loading-not-18994 avia_image' src=\"https:\/\/radiorevelacionfm.cl\/wp-content\/uploads\/2022\/07\/talleres-prevencion-ljam-2-1_optimized.jpg\" alt='' title='talleres-prevenci\u00f3n-ljam-(2)-(1)_optimized' height=\"600\" width=\"1151\"  itemprop=\"thumbnailUrl\" srcset=\"https:\/\/radiorevelacionfm.cl\/wp-content\/uploads\/2022\/07\/talleres-prevencion-ljam-2-1_optimized.jpg 1151w, https:\/\/radiorevelacionfm.cl\/wp-content\/uploads\/2022\/07\/talleres-prevencion-ljam-2-1_optimized-300x156.jpg 300w, https:\/\/radiorevelacionfm.cl\/wp-content\/uploads\/2022\/07\/talleres-prevencion-ljam-2-1_optimized-1030x537.jpg 1030w, https:\/\/radiorevelacionfm.cl\/wp-content\/uploads\/2022\/07\/talleres-prevencion-ljam-2-1_optimized-768x400.jpg 768w, https:\/\/radiorevelacionfm.cl\/wp-content\/uploads\/2022\/07\/talleres-prevencion-ljam-2-1_optimized-705x368.jpg 705w, https:\/\/radiorevelacionfm.cl\/wp-content\/uploads\/2022\/07\/talleres-prevencion-ljam-2-1_optimized-600x313.jpg 600w\" sizes=\"(max-width: 1151px) 100vw, 1151px\" \/><\/div><\/div><\/div><\/div><div class=\"flex_column av_one_full  flex_column_div av-zero-column-padding first  avia-builder-el-2  el_after_av_one_full  el_before_av_one_full  column-top-margin\" style='border-radius:0px; '><section class=\"av_textblock_section \"  itemscope=\"itemscope\" itemtype=\"https:\/\/schema.org\/BlogPosting\" itemprop=\"blogPost\" ><div class='avia_textblock  '   itemprop=\"text\" ><p style=\"text-align: center;\"><strong><span style=\"font-size: 18pt;\">Liceo Josefina Aguirre Montenegro participa en talleres de prevenci\u00f3n en violencia contra las mujeres<\/span><\/strong><\/p>\n<div id=\"gtx-trans\" style=\"position: absolute; left: -50px; top: 4.31534px;\">\n<div class=\"gtx-trans-icon\"><\/div>\n<\/div>\n<\/div><\/section><\/div><div class=\"flex_column av_one_full  flex_column_div av-zero-column-padding first  avia-builder-el-4  el_after_av_one_full  el_before_av_hr  column-top-margin\" style='border-radius:0px; '><section class=\"av_textblock_section \"  itemscope=\"itemscope\" itemtype=\"https:\/\/schema.org\/BlogPosting\" itemprop=\"blogPost\" ><div class='avia_textblock  '   itemprop=\"text\" ><p style=\"font-weight: 400; text-align: justify;\">Los establecimientos educacionales son actores relevantes, como parte de la sociedad, para la transformaci\u00f3n cultural que implica la erradicaci\u00f3n de la violencia contra las mujeres. Debido a lo anterior, el programa de Prevenci\u00f3n en Violencia contra las Mujeres, del Servicio Nacional de la Mujer y la Equidad de G\u00e9nero, SernamEG, que se ejecuta en convenio con la Municipalidad de Coyhaique, desarroll\u00f3 un ciclo de talleres destinado a la comunidad educativa del Liceo Josefina Aguirre Montenegro.<\/p>\n<p style=\"font-weight: 400; text-align: justify;\">La Directora Regional (S) de SernamEG, Carla Arriagada Malague\u00f1o, se refiri\u00f3 a la relevancia de visibilizar sobre las conductas y expresiones de violencia que pueden afectar a las y los j\u00f3venes. \u201cUno de los \u00faltimos estudios que se han realizado sobre la Violencia en el Pololeo es el sondeo del Instituto Nacional de la Juventud, INJUV, y en el que se detalla que el 64% de las y los j\u00f3venes conocen a una persona que es v\u00edctima de violencia en su pololeo. Como Servicio existe un compromiso de anteponernos a hechos de este tipo, de all\u00ed que las labores preventivas son tan decisivas para que las nuevas generaciones detecten de forma temprana cualquier se\u00f1al que advierta de alg\u00fan tipo de abuso\u201d.<\/p>\n<p style=\"font-weight: 400; text-align: justify;\">Por su parte, la Encargada de la Oficina Municipal de la Mujer, Nicol Troc Soto, manifest\u00f3: \u201cagradecemos al Liceo Josefina Aguirre Montenegro y a toda su comunidad educativa, por facilitar las instancias de poder llevar a cabo los talleres del Programa de Prevenci\u00f3n en Violencia contra las Mujeres. Estas se impartieron a las y los apoderados en tem\u00e1ticas de afectividad y diversidad sexual, mientras que al profesorado sobre educaci\u00f3n no sexista. En tanto, al alumnado los temas fueron Violencia en el Pololeo e Identidad Sexual; por \u00faltimo, a las y los asistentes de educaci\u00f3n se les entreg\u00f3 informaci\u00f3n en G\u00e9nero y Diversidad Sexual. Esperamos como Municipio en conjunto replicar estos talleres con otras comunidades educativas\u201d.<\/p>\n<p style=\"font-weight: 400; text-align: justify;\">La Directora (s) del Liceo Josefina Aguirre Montenegro, Alejandra Vargas Villar, dijo: \u201cque mejor que tener un trabajo conjunto con instituciones, como SernamEG que nos ofrece desde su expertiz, tem\u00e1ticas que son tan atingentes y que implica una formaci\u00f3n para toda la comunidad. Vienen a complementar la labor que se est\u00e1 realizando en el establecimiento, con todo el apoyo que tenemos desde el Ministerio; en tem\u00e1ticas relacionadas con la educaci\u00f3n no sexista. Esto nos permite ir articulando acciones, que nos ayuden a poder enfrentar estos momentos complejos a nivel de sociedad. Los talleres han sido relevantes y apostamos que en el segundo semestre podamos seguir trabajando en conjunto\u201d.<\/p>\n<p style=\"font-weight: 400; text-align: justify;\">El Programa est\u00e1 dirigido a dos grupos etarios \u2013 j\u00f3venes, entre 14 y 29 a\u00f1os, y personas adultas que trabajan o se vinculen con ellas\/os. Los talleres tienen una duraci\u00f3n de 2 a 6 horas pedag\u00f3gicas donde se abordan temas espec\u00edficos para la prevenci\u00f3n de la violencia de g\u00e9nero. En un nivel superior, se encuentran las capacitaciones para la formaci\u00f3n de Monitoras\/es Juveniles y de Agentes Preventivos. En el primer caso, son 12 horas pedag\u00f3gicas para j\u00f3venes de 14 a 29 a\u00f1os y para las personas que se vinculan con j\u00f3venes, ya sea desde sus trabajos o que cumplen el rol de personas cuidadoras, la duraci\u00f3n de la capacitaci\u00f3n es de 16 horas pedag\u00f3gicas. En ambos casos, tienen acceso a espacios educativos en los que se trabajan de forma participativa tem\u00e1ticas como Juventudes, G\u00e9nero No Binario, Interseccionalidad y Prevenci\u00f3n de Violencia contra las Mujeres y de G\u00e9nero, entre otras.<\/p>\n<p style=\"font-weight: 400; text-align: justify;\">Las capacitaciones\/cursos virtuales cuentan con una certificaci\u00f3n, que se entrega de manera digital al cumplir con el proceso completo de formaci\u00f3n. Para inscribirse, descargar informaci\u00f3n y realizar actividades a distancia se debe acceder a la p\u00e1gina web de SernamEG (<a href=\"http:\/\/www.sernameg.gob.cl\/\" data-saferedirecturl=\"https:\/\/www.google.com\/url?q=http:\/\/www.sernameg.gob.cl\/&amp;source=gmail&amp;ust=1657398161203000&amp;usg=AOvVaw1Ejt6-6HbRa91RLeT-MhKD\">www.sernameg.gob.cl<\/a>). Ante cualquier duda o consulta se encuentra disponible el correo electr\u00f3nico\u00a0<a href=\"mailto:cursos.prevencionvcm@sernameg.gob.cl\">cursos.prevencionvcm@sernameg.gob.cl<\/a><\/p>\n<\/div><\/section><\/div><div  style='height:50px' class='hr hr-invisible   avia-builder-el-6  el_after_av_one_full  el_before_av_social_share '><span class='hr-inner ' ><span class='hr-inner-style'><\/span><\/span><\/div><\/p>\n<div  class='av-social-sharing-box  avia-builder-el-7  el_after_av_hr  el_before_av_hr  '><div class='av-share-box'><h5 class='av-share-link-description av-no-toc '>Compartir esta noticia<\/h5><ul class='av-share-box-list noLightbox'><li class='av-share-link av-social-link-facebook' ><a target=\"_blank\" aria-label=\"Compartir en Facebook\" href='https:\/\/www.facebook.com\/sharer.php?u=https:\/\/radiorevelacionfm.cl\/?p=18993&#038;t=Liceo%20Josefina%20Aguirre%20Montenegro%20participa%20en%20talleres%20de%20prevenci%C3%B3n%20en%20violencia%20contra%20las%20mujeres' aria-hidden='false' data-av_icon='\ue8f3' data-av_iconfont='entypo-fontello' title='' data-avia-related-tooltip='Compartir en Facebook' rel=\"noopener\"><span class='avia_hidden_link_text'>Compartir en Facebook<\/span><\/a><\/li><li class='av-share-link av-social-link-twitter' ><a target=\"_blank\" aria-label=\"Compartir en Twitter\" href='https:\/\/twitter.com\/share?text=Liceo%20Josefina%20Aguirre%20Montenegro%20participa%20en%20talleres%20de%20prevenci%C3%B3n%20en%20violencia%20contra%20las%20mujeres&#038;url=https:\/\/radiorevelacionfm.cl\/?p=18993' aria-hidden='false' data-av_icon='\ue8f1' data-av_iconfont='entypo-fontello' title='' data-avia-related-tooltip='Compartir en Twitter' rel=\"noopener\"><span class='avia_hidden_link_text'>Compartir en Twitter<\/span><\/a><\/li><li class='av-share-link av-social-link-whatsapp' ><a target=\"_blank\" aria-label=\"Compartir en Whatsapp\" href='https:\/\/api.whatsapp.com\/send?text=https:\/\/radiorevelacionfm.cl\/?p=18993' aria-hidden='false' data-av_icon='\uf232' data-av_iconfont='entypo-fontello' title='' data-avia-related-tooltip='Compartir en Whatsapp' rel=\"noopener\"><span class='avia_hidden_link_text'>Compartir en Whatsapp<\/span><\/a><\/li><li class='av-share-link av-social-link-linkedin' ><a target=\"_blank\" aria-label=\"Compartir en LinkedIn\" href='https:\/\/linkedin.com\/shareArticle?mini=true&#038;title=Liceo%20Josefina%20Aguirre%20Montenegro%20participa%20en%20talleres%20de%20prevenci%C3%B3n%20en%20violencia%20contra%20las%20mujeres&#038;url=https:\/\/radiorevelacionfm.cl\/?p=18993' aria-hidden='false' data-av_icon='\ue8fc' data-av_iconfont='entypo-fontello' title='' data-avia-related-tooltip='Compartir en LinkedIn' rel=\"noopener\"><span class='avia_hidden_link_text'>Compartir en LinkedIn<\/span><\/a><\/li><li class='av-share-link av-social-link-mail' ><a  aria-label=\"Compartir por correo\" href='mailto:?subject=Liceo%20Josefina%20Aguirre%20Montenegro%20participa%20en%20talleres%20de%20prevenci%C3%B3n%20en%20violencia%20contra%20las%20mujeres&#038;body=https:\/\/radiorevelacionfm.cl\/?p=18993' aria-hidden='false' data-av_icon='\ue805' data-av_iconfont='entypo-fontello' title='' data-avia-related-tooltip='Compartir por correo'><span class='avia_hidden_link_text'>Compartir por correo<\/span><\/a><\/li><\/ul><\/div><\/div>\n<div  style='height:50px' class='hr hr-invisible   avia-builder-el-8  el_after_av_social_share  el_before_av_comments_list '><span class='hr-inner ' ><span class='hr-inner-style'><\/span><\/span><\/div>\n<div  class='av-buildercomment  av-blog-meta-html-info-disabled av-blog-meta-tag-disabled  '><\/div>\n","protected":false},"excerpt":{"rendered":"","protected":false},"author":1,"featured_media":18994,"comment_status":"open","ping_status":"open","sticky":false,"template":"","format":"standard","meta":{"footnotes":""},"categories":[38],"tags":[],"class_list":["post-18993","post","type-post","status-publish","format-standard","has-post-thumbnail","hentry","category-regional"],"jetpack_featured_media_url":"https:\/\/radiorevelacionfm.cl\/wp-content\/uploads\/2022\/07\/talleres-prevencion-ljam-2-1_optimized.jpg","_links":{"self":[{"href":"https:\/\/radiorevelacionfm.cl\/index.php?rest_route=\/wp\/v2\/posts\/18993","targetHints":{"allow":["GET"]}}],"collection":[{"href":"https:\/\/radiorevelacionfm.cl\/index.php?rest_route=\/wp\/v2\/posts"}],"about":[{"href":"https:\/\/radiorevelacionfm.cl\/index.php?rest_route=\/wp\/v2\/types\/post"}],"author":[{"embeddable":true,"href":"https:\/\/radiorevelacionfm.cl\/index.php?rest_route=\/wp\/v2\/users\/1"}],"replies":[{"embeddable":true,"href":"https:\/\/radiorevelacionfm.cl\/index.php?rest_route=%2Fwp%2Fv2%2Fcomments&post=18993"}],"version-history":[{"count":2,"href":"https:\/\/radiorevelacionfm.cl\/index.php?rest_route=\/wp\/v2\/posts\/18993\/revisions"}],"predecessor-version":[{"id":19000,"href":"https:\/\/radiorevelacionfm.cl\/index.php?rest_route=\/wp\/v2\/posts\/18993\/revisions\/19000"}],"wp:featuredmedia":[{"embeddable":true,"href":"https:\/\/radiorevelacionfm.cl\/index.php?rest_route=\/wp\/v2\/media\/18994"}],"wp:attachment":[{"href":"https:\/\/radiorevelacionfm.cl\/index.php?rest_route=%2Fwp%2Fv2%2Fmedia&parent=18993"}],"wp:term":[{"taxonomy":"category","embeddable":true,"href":"https:\/\/radiorevelacionfm.cl\/index.php?rest_route=%2Fwp%2Fv2%2Fcategories&post=18993"},{"taxonomy":"post_tag","embeddable":true,"href":"https:\/\/radiorevelacionfm.cl\/index.php?rest_route=%2Fwp%2Fv2%2Ftags&post=18993"}],"curies":[{"name":"wp","href":"https:\/\/api.w.org\/{rel}","templated":true}]}}